{"id":990,"date":"2021-01-10T14:15:45","date_gmt":"2021-01-10T16:15:45","guid":{"rendered":"http:\/\/servicentermedic1.hospedagemdesites.ws\/blog\/?p=990"},"modified":"2021-01-10T14:15:45","modified_gmt":"2021-01-10T16:15:45","slug":"brasil-pode-ter-novo-remedio-contra-alzheimer-em-2022","status":"publish","type":"post","link":"http:\/\/servicenterblog.institucional.ws\/?p=990","title":{"rendered":"Brasil pode ter novo rem\u00e9dio contra Alzheimer em 2022"},"content":{"rendered":"<p><em>Este pode se tornar o primeiro tratamento para o Alzheimer em d\u00e9cadas e o primeiro a sinalizar ser capaz de retardar a progress\u00e3o da doen\u00e7a<\/p>\n<p><\/em>H\u00e1 boas novas no horizonte: A multinacional americana Biogen est\u00e1 trabalhando para colocar no mercado mundial, o quanto antes, um rem\u00e9dio contra a doen\u00e7a de Alzheimer. A expectativa \u00e9 pela aprova\u00e7\u00e3o do rem\u00e9dio em mar\u00e7o.<em><br \/>\n<\/em><\/p>\n<p>Segundo informa\u00e7\u00f5es do jornal O Estado de S. Paulo, a ag\u00eancia reguladora de alimentos e medicamentos dos Estados Unidos (FDA, na sigla em ingl\u00eas) avaliou que o aducanumabe apresentou evid\u00eancias \u201cexcepcionalmente persuasivas\u201d.<\/p>\n<p>Ainda n\u00e3o h\u00e1 um prazo oficial para a entrega do rem\u00e9dio no Brasil, entretanto, levando em conta os tr\u00e2mites normais do processo, que costuma demorar de 12 a 15 meses, h\u00e1 fortes ind\u00edcios de que o medicamento poder\u00e1 estar dispon\u00edvel no pa\u00eds at\u00e9 o fim do primeiro semestre de 2022.<\/p>\n<p>Este pode se tornar o primeiro tratamento para o Alzheimer em d\u00e9cadas e o primeiro a sinalizar ser capaz de retardar sua progress\u00e3o. No comando da empresa na Am\u00e9rica Latina h\u00e1 tr\u00eas meses est\u00e1 o escoc\u00eas Fraser Hall, que at\u00e9 ent\u00e3o era CEO da brit\u00e2nica AstraZeneca no Brasil.<\/p>\n<p>Em entrevista ao Estad\u00e3o, o escoc\u00eas disse que \u201cA descoberta (do aducanumabe) foi muito emocionante. Se voc\u00ea tem Alzheimer, voc\u00ea n\u00e3o tem nada\u2026 n\u00e3o h\u00e1 rem\u00e9dio, n\u00e3o h\u00e1 perspectiva. Acho que essa droga \u00e9 extraordin\u00e1ria em termos de dar alguma esperan\u00e7a em rela\u00e7\u00e3o a essa doen\u00e7a devastadora.\u201d<\/p>\n<p>Ainda segundo Hall, quando a medica\u00e7\u00e3o for aprovada, dever\u00e1 haver mais entusiasmo e mais investimentos no segmento. No dia do parecer inicial positivo da FDA, as a\u00e7\u00f5es da Biogen dispararam mais de 40% nos Estados Unidos, \u00fanico local onde a empresa \u00e9 listada em Bolsa. A avalia\u00e7\u00e3o do mercado \u00e9 a de que, se aprovado, o aducanumabe poder\u00e1 representar vendas anuais de cerca de US$ 5 bilh\u00f5es at\u00e9 2025.<\/p>\n<p>Fonte: Estado de S\u00e3o Paulo e Contioutra<br \/>\nFoto: Revista Veja<\/p>\n<p><em><\/p>\n<p><\/em><\/p>\n","protected":false},"excerpt":{"rendered":"<p>Este pode se tornar o primeiro tratamento para o Alzheimer em d\u00e9cadas e o primeiro a sinalizar ser capaz de retardar a progress\u00e3o da doen\u00e7a H\u00e1 boas novas no horizonte: A multinacional americana Biogen est\u00e1 trabalhando para colocar no mercado mundial, o quanto antes, um rem\u00e9dio contra a doen\u00e7a de Alzheimer. A expectativa \u00e9 pela [&hellip;]<\/p>\n","protected":false},"author":1,"featured_media":992,"comment_status":"open","ping_status":"open","sticky":false,"template":"","format":"standard","meta":[],"categories":[3],"tags":[111,170,73,246,96,184,32],"_links":{"self":[{"href":"http:\/\/servicenterblog.institucional.ws\/index.php?rest_route=\/wp\/v2\/posts\/990"}],"collection":[{"href":"http:\/\/servicenterblog.institucional.ws\/index.php?rest_route=\/wp\/v2\/posts"}],"about":[{"href":"http:\/\/servicenterblog.institucional.ws\/index.php?rest_route=\/wp\/v2\/types\/post"}],"author":[{"embeddable":true,"href":"http:\/\/servicenterblog.institucional.ws\/index.php?rest_route=\/wp\/v2\/users\/1"}],"replies":[{"embeddable":true,"href":"http:\/\/servicenterblog.institucional.ws\/index.php?rest_route=%2Fwp%2Fv2%2Fcomments&post=990"}],"version-history":[{"count":1,"href":"http:\/\/servicenterblog.institucional.ws\/index.php?rest_route=\/wp\/v2\/posts\/990\/revisions"}],"predecessor-version":[{"id":993,"href":"http:\/\/servicenterblog.institucional.ws\/index.php?rest_route=\/wp\/v2\/posts\/990\/revisions\/993"}],"wp:featuredmedia":[{"embeddable":true,"href":"http:\/\/servicenterblog.institucional.ws\/index.php?rest_route=\/wp\/v2\/media\/992"}],"wp:attachment":[{"href":"http:\/\/servicenterblog.institucional.ws\/index.php?rest_route=%2Fwp%2Fv2%2Fmedia&parent=990"}],"wp:term":[{"taxonomy":"category","embeddable":true,"href":"http:\/\/servicenterblog.institucional.ws\/index.php?rest_route=%2Fwp%2Fv2%2Fcategories&post=990"},{"taxonomy":"post_tag","embeddable":true,"href":"http:\/\/servicenterblog.institucional.ws\/index.php?rest_route=%2Fwp%2Fv2%2Ftags&post=990"}],"curies":[{"name":"wp","href":"https:\/\/api.w.org\/{rel}","templated":true}]}}