{"id":987,"date":"2021-01-07T17:47:32","date_gmt":"2021-01-07T19:47:32","guid":{"rendered":"http:\/\/servicentermedic1.hospedagemdesites.ws\/blog\/?p=987"},"modified":"2021-01-07T17:47:32","modified_gmt":"2021-01-07T19:47:32","slug":"coronavac-vacina-do-butantan-tem-78-de-eficacia-contra-casos-leves-e-100-de-eficacia-para-casos-graves-de-covid-19","status":"publish","type":"post","link":"http:\/\/servicenterblog.institucional.ws\/?p=987","title":{"rendered":"CoronaVac: vacina do Butantan tem 78% de efic\u00e1cia contra casos leves e 100% de efic\u00e1cia para casos graves de covid-19"},"content":{"rendered":"<div class=\"css-hl9dz2-GridComponent e57qer20\" dir=\"ltr\">\n<p class=\"css-1ikvhrr-Paragraph e1cc2ql70\" dir=\"ltr\">O governo de S\u00e3o Paulo anunciou, nesta quinta-feira (07\/01), os resultados dos testes de efic\u00e1cia da\u00a0CoronaVac, a vacina da farmac\u00eautica chinesa Sinovac que est\u00e1 sendo desenvolvida no Brasil em parceria com o Instituto Butantan.<\/p>\n<\/div>\n<div class=\"css-hl9dz2-GridComponent e57qer20\" dir=\"ltr\">\n<p class=\"css-1ikvhrr-Paragraph e1cc2ql70\" dir=\"ltr\">Os estudos apontaram que esta vacina protege 78% das pessoas que a tomam contra a covid-19, a doen\u00e7a causada pelo novo coronav\u00edrus. Segundo o governo, a vacina garantiu a prote\u00e7\u00e3o total (100%) contra mortes, casos graves e interna\u00e7\u00f5es nos volunt\u00e1rios vacinados que foram contaminados.<\/p>\n<\/div>\n<div class=\"css-hl9dz2-GridComponent e57qer20\" dir=\"ltr\">\n<p class=\"css-1ikvhrr-Paragraph e1cc2ql70\" dir=\"ltr\">As duas etapas anteriores da pesquisa feitas no Brasil j\u00e1 haviam atestado que a CoronaVac \u00e9 segura e produz uma resposta do sistema imunol\u00f3gico. A fase 3 da pesquisa investigava se ela de fato impedia que uma pessoa ficasse doente ao ser infectada pelo Sars-Cov-2.<\/p>\n<div class=\"css-hl9dz2-GridComponent e57qer20\" dir=\"ltr\">\n<p class=\"css-1ikvhrr-Paragraph e1cc2ql70\" dir=\"ltr\">Originalmente, o governo paulista previa divulgar uma an\u00e1lise preliminar da efic\u00e1cia em 15 de dezembro, mas concluiu que j\u00e1 tinha condi\u00e7\u00f5es de fazer uma an\u00e1lise completa dos resultados, porque j\u00e1 tinha ao menos 170 volunt\u00e1rios com casos de covid-19 confirmados, um par\u00e2metro estabelecido pelo protocolo do estudo, e adiou o an\u00fancio para janeiro.<\/p>\n<\/div>\n<div class=\"css-hl9dz2-GridComponent e57qer20\" dir=\"ltr\">\n<p class=\"css-1ikvhrr-Paragraph e1cc2ql70\" dir=\"ltr\">Com base nesta s\u00e9rie de resultados, o governo paulista e o Butantan devem enviar \u00e0 Ag\u00eancia Nacional de Vigil\u00e2ncia Sanit\u00e1ria (Anvisa), ainda nesta quinta, o pedido de autoriza\u00e7\u00e3o para o uso emergencial e o registro definitivo da vacina no pa\u00eds. A previs\u00e3o \u00e9 de que os dados sejam analisados em dez dias.<\/p>\n<\/div>\n<div class=\"css-hl9dz2-GridComponent e57qer20\" dir=\"ltr\">\n<p class=\"css-1ikvhrr-Paragraph e1cc2ql70\" dir=\"ltr\">Em 21 de dezembro, a ag\u00eancia j\u00e1 havia feito a certifica\u00e7\u00e3o da f\u00e1brica da Coronavac na China, ap\u00f3s fazer uma inspe\u00e7\u00e3o nas instala\u00e7\u00f5es. Este \u00e9 um dos pr\u00e9-requisitos para o registro da vacina no Brasil.<\/p>\n<\/div>\n<div class=\"css-hl9dz2-GridComponent e57qer20\" dir=\"ltr\">\n<p class=\"css-1ikvhrr-Paragraph e1cc2ql70\" dir=\"ltr\">Obter o aval da ag\u00eancia ser\u00e1 fundamental para que o governo de Jo\u00e3o Doria (PSDB) consiga colocar em pr\u00e1tica o plano de vacina\u00e7\u00e3o no Estado de S\u00e3o Paulo, com previs\u00e3o de in\u00edcio em 25 de janeiro.<\/p>\n<\/div>\n<div class=\"css-hl9dz2-GridComponent e57qer20\" dir=\"ltr\">\n<p class=\"css-1ikvhrr-Paragraph e1cc2ql70\" dir=\"ltr\">Simultaneamente, a Sinovac dever\u00e1 pedir o registro da vacina \u00e0 Administra\u00e7\u00e3o Nacional de Produtos M\u00e9dicos, a equivalente da Anvisa na China. A expectativa \u00e9 que o registro seja concedido em tr\u00eas dias.<\/p>\n<\/div>\n<div class=\"css-hl9dz2-GridComponent e57qer20\" dir=\"ltr\">\n<p class=\"css-1ikvhrr-Paragraph e1cc2ql70\" dir=\"ltr\">Isso dever\u00e1 pressionar a ag\u00eancia brasileira, porque a\u00a0<a class=\"css-h9s9st-InlineLink e1cs6q200\" href=\"http:\/\/www.planalto.gov.br\/ccivil_03\/_ato2019-2022\/2020\/lei\/L13979.htm\" aria-label=\"lei 13.979, externo\">lei 13.979<\/a>\u00a0obriga a Anvisa a conceder autoriza\u00e7\u00e3o &#8220;excepcional e tempor\u00e1ria&#8221; para medicamentos considerados essenciais no combate \u00e0 pandemia que tenham sido registrados pela ag\u00eancias do Jap\u00e3o, da China, dos Estados Unidos ou da Europa.<\/p>\n<\/div>\n<div class=\"css-hl9dz2-GridComponent e57qer20\" dir=\"ltr\">\n<p class=\"css-1ikvhrr-Paragraph e1cc2ql70\" dir=\"ltr\">A autoriza\u00e7\u00e3o tem que ser concedida at\u00e9 em 72 horas ap\u00f3s o pedido ser feito \u00e0 ag\u00eancia brasileira. Caso a Anvisa n\u00e3o se manifeste, isso ocorre automaticamente. O prazo normal para an\u00e1lise de registro permanente de vacinas contra a covid-19 \u00e9 de at\u00e9 60 dias.<\/p>\n<\/div>\n<div class=\"css-hl9dz2-GridComponent e57qer20\" dir=\"ltr\">\n<p class=\"css-1ikvhrr-Paragraph e1cc2ql70\" dir=\"ltr\">Esse trecho da lei chegou a ser vetado pelo presidente Jair Bolsonaro (sem partido), mas o veto foi derrubado pelo Congresso Nacional.<\/p>\n<\/div>\n<div class=\"css-hl9dz2-GridComponent e57qer20\" dir=\"ltr\">\n<p class=\"css-1ikvhrr-Paragraph e1cc2ql70\" dir=\"ltr\">O entendimento da lei foi ratificado pelo ministro Ricardo Lewandowski, do Supremo Tribunal Federal (STF), que concedeu uma liminar neste sentido em 17 de dezembro. A quest\u00e3o ainda ser\u00e1 apreciada pelo plen\u00e1rio da Corte.<\/p>\n<\/div>\n<div class=\"css-hl9dz2-GridComponent e57qer20\" dir=\"ltr\">\n<p class=\"css-1ikvhrr-Paragraph e1cc2ql70\" dir=\"ltr\">A BBC News Brasil preparou a seguir uma reportagem especial para explicar tudo que se sabe at\u00e9 agora sobre a CoronaVac. Confira.<\/p>\n<\/div>\n<div class=\"css-hxtc46-GridComponent e57qer20\" dir=\"ltr\">\n<figure class=\"css-m91nxa-Figure e6bmn90\">\n<div class=\"css-2d6yrt-GridComponent e57qer20\" dir=\"ltr\">\n<div class=\"css-eytg6c-GridComponent e57qer20\" dir=\"ltr\">\n<div class=\"css-3p1z99-ImagePlaceholder e1whu0\">\n<div class=\"lazyload-wrapper\"><img class=\"css-1vsigzm-StyledImg-fadeIn e1enwo3v0\" src=\"https:\/\/ichef.bbci.co.uk\/news\/640\/cpsprodpb\/1541D\/production\/_106396078_298260dd-8c4c-43d7-af3c-8533936fd910.jpg\" srcset=\"https:\/\/ichef.bbci.co.uk\/news\/240\/cpsprodpb\/1541D\/production\/_106396078_298260dd-8c4c-43d7-af3c-8533936fd910.jpg 240w, https:\/\/ichef.bbci.co.uk\/news\/320\/cpsprodpb\/1541D\/production\/_106396078_298260dd-8c4c-43d7-af3c-8533936fd910.jpg 320w, https:\/\/ichef.bbci.co.uk\/news\/464\/cpsprodpb\/1541D\/production\/_106396078_298260dd-8c4c-43d7-af3c-8533936fd910.jpg 464w\" alt=\"line\" width=\"464\" \/><\/div>\n<\/div>\n<\/div>\n<\/div>\n<\/figure>\n<\/div>\n<div class=\"css-hl9dz2-GridComponent e57qer20\" dir=\"ltr\">\n<h2 id=\"O-que-dizem-as-pesquisas\" class=\"css-4qzrek-SubHeading e14hemmw1\" tabindex=\"-1\">O que dizem as pesquisas<\/h2>\n<\/div>\n<div class=\"css-hl9dz2-GridComponent e57qer20\" dir=\"ltr\">\n<p class=\"css-1ikvhrr-Paragraph e1cc2ql70\" dir=\"ltr\">Os estudos da vacina da Sinovac come\u00e7aram a ser feitos no in\u00edcio de maio na China.<\/p>\n<\/div>\n<div class=\"css-hl9dz2-GridComponent e57qer20\" dir=\"ltr\">\n<p class=\"css-1ikvhrr-Paragraph e1cc2ql70\" dir=\"ltr\">As duas primeiras fases investigaram se o imunizante \u00e9 seguro e se consegue gerar uma resposta do sistema imunol\u00f3gico. Ao todo, participaram 743 volunt\u00e1rios, com idades entre 18 e 59 anos.<\/p>\n<\/div>\n<div class=\"css-hl9dz2-GridComponent e57qer20\" dir=\"ltr\">\n<p class=\"css-1ikvhrr-Paragraph e1cc2ql70\" dir=\"ltr\">A CoronaVac teve bons resultados em ambos os crit\u00e9rios. Os resultados foram divulgados no in\u00edcio de agosto e\u00a0publicados na revista The Lancet, uma das mais prestigiadas do meio cient\u00edfico, em meados de novembro.<\/p>\n<\/div>\n<div class=\"css-hl9dz2-GridComponent e57qer20\" dir=\"ltr\">\n<p class=\"css-1ikvhrr-Paragraph e1cc2ql70\" dir=\"ltr\">A pesquisa testou duas dosagens do imunizante, uma mais baixa (3\u00b5g) e outra mais alta (6 ug) e concluiu que a aplica\u00e7\u00e3o da menor dose era a mais indicada.<\/p>\n<\/div>\n<div class=\"css-hl9dz2-GridComponent e57qer20\" dir=\"ltr\">\n<p class=\"css-1ikvhrr-Paragraph e1cc2ql70\" dir=\"ltr\">Dentre os que tomaram essa dose, 97% apresentaram uma resposta imunol\u00f3gica, ou seja, a vacina induziu \u00e0 produ\u00e7\u00e3o de anticorpos, que foram detectados no organismo at\u00e9 28 dias depois da aplica\u00e7\u00e3o da segunda dose da vacina, prazo limite de avalia\u00e7\u00e3o usado no estudo.<\/p>\n<\/div>\n<div class=\"css-hl9dz2-GridComponent e57qer20\" dir=\"ltr\">\n<p class=\"css-1ikvhrr-Paragraph e1cc2ql70\" dir=\"ltr\">O estudo concluiu que a vacina \u00e9 segura ao apontar que nenhum efeito colateral grave relacionado \u00e0 vacina foi identificado dentro dos 28 dias em nenhuma das duas fases da pesquisa.<\/p>\n<\/div>\n<div class=\"css-hxtc46-GridComponent e57qer20\" dir=\"ltr\">\n<figure class=\"css-m91nxa-Figure e6bmn90\">\n<div class=\"css-2d6yrt-GridComponent e57qer20\" dir=\"ltr\">\n<div class=\"css-2d6yrt-GridComponent e57qer20\" dir=\"ltr\">\n<div class=\"css-eytg6c-GridComponent e57qer20\" dir=\"ltr\">\n<div class=\"css-oijotl-ImagePlaceholder e1whu0\">\n<div class=\"lazyload-wrapper\"><img class=\"css-1vsigzm-StyledImg-fadeIn e1enwo3v0\" src=\"https:\/\/ichef.bbci.co.uk\/news\/640\/cpsprodpb\/14E54\/production\/_115988558_2c626c1f-008b-4f33-b732-abff46eb0ee7.jpg\" srcset=\"https:\/\/ichef.bbci.co.uk\/news\/240\/cpsprodpb\/14E54\/production\/_115988558_2c626c1f-008b-4f33-b732-abff46eb0ee7.jpg 240w, https:\/\/ichef.bbci.co.uk\/news\/320\/cpsprodpb\/14E54\/production\/_115988558_2c626c1f-008b-4f33-b732-abff46eb0ee7.jpg 320w, https:\/\/ichef.bbci.co.uk\/news\/480\/cpsprodpb\/14E54\/production\/_115988558_2c626c1f-008b-4f33-b732-abff46eb0ee7.jpg 480w, https:\/\/ichef.bbci.co.uk\/news\/624\/cpsprodpb\/14E54\/production\/_115988558_2c626c1f-008b-4f33-b732-abff46eb0ee7.jpg 624w, https:\/\/ichef.bbci.co.uk\/news\/800\/cpsprodpb\/14E54\/production\/_115988558_2c626c1f-008b-4f33-b732-abff46eb0ee7.jpg 800w\" alt=\"Embalagem da CoronaVac\" width=\"976\" \/><\/div>\n<p class=\"css-19db9gm-Copyright etq3yw90\" role=\"text\"><span class=\"css-ow3j0s-VisuallyHiddenText e1yt7oin0\">CR\u00c9DITO,<\/span><span lang=\"en-GB\">GETTY IMAGES &#8211;\u00a0<\/span>Testes da CoronaVac come\u00e7aram em maio na China<\/p>\n<\/div>\n<\/div>\n<\/div>\n<\/div>\n<\/figure>\n<\/div>\n<div class=\"css-hl9dz2-GridComponent e57qer20\" dir=\"ltr\">\n<p class=\"css-1ikvhrr-Paragraph e1cc2ql70\" dir=\"ltr\">A taxa de eventos adversos entre os participantes variou entre 13% e 38%, conforme a fase do estudo, a dose tomada e o momento em que a avalia\u00e7\u00e3o foi feita.<\/p>\n<\/div>\n<div class=\"css-hl9dz2-GridComponent e57qer20\" dir=\"ltr\">\n<p class=\"css-1ikvhrr-Paragraph e1cc2ql70\" dir=\"ltr\">A maioria dos eventos adversos foram leves, sendo o mais frequente dor no local da inje\u00e7\u00e3o, e os pacientes se recuperaram em at\u00e9 48 horas.<\/p>\n<\/div>\n<div class=\"css-hl9dz2-GridComponent e57qer20\" dir=\"ltr\">\n<p class=\"css-1ikvhrr-Paragraph e1cc2ql70\" dir=\"ltr\">A seguran\u00e7a da vacina foi atestada tamb\u00e9m pelos estudos de efic\u00e1cia realizados no Brasil com 9 mil volunt\u00e1rios nacionais.<\/p>\n<\/div>\n<div class=\"css-hl9dz2-GridComponent e57qer20\" dir=\"ltr\">\n<p class=\"css-1ikvhrr-Paragraph e1cc2ql70\" dir=\"ltr\">Resultados preliminares divulgados no final de outubro\u00a0apontaram que 35% dos participantes tiveram efeitos adversos.<\/p>\n<\/div>\n<div class=\"css-hl9dz2-GridComponent e57qer20\" dir=\"ltr\">\n<p class=\"css-1ikvhrr-Paragraph e1cc2ql70\" dir=\"ltr\">Os mais comuns foram dor, edema e incha\u00e7o no local da aplica\u00e7\u00e3o, dor de cabe\u00e7a e fadiga. N\u00e3o foram detectados efeitos colaterais graves.<\/p>\n<\/div>\n<div class=\"css-hl9dz2-GridComponent e57qer20\" dir=\"ltr\">\n<p class=\"css-1ikvhrr-Paragraph e1cc2ql70\" dir=\"ltr\">Agora, os resultados da investiga\u00e7\u00e3o da efic\u00e1cia da CoronaVac apontam 78% das pessoas que tomam a vacina ficam protegidas contra a covid-19. A taxa m\u00ednima recomendada pela Organiza\u00e7\u00e3o Mundial da Sa\u00fade (OMS) e pela Anvisa \u00e9 de 50%.<\/p>\n<\/div>\n<div class=\"css-hxtc46-GridComponent e57qer20\" dir=\"ltr\">\n<figure class=\"css-m91nxa-Figure e6bmn90\">\n<div class=\"css-2d6yrt-GridComponent e57qer20\" dir=\"ltr\">\n<div class=\"css-eytg6c-GridComponent e57qer20\" dir=\"ltr\">\n<div class=\"css-3p1z99-ImagePlaceholder e1whu0\">\n<div class=\"lazyload-wrapper\"><img class=\"css-1vsigzm-StyledImg-fadeIn e1enwo3v0\" src=\"https:\/\/ichef.bbci.co.uk\/news\/640\/cpsprodpb\/1683C\/production\/_104602229_line976.jpg\" srcset=\"https:\/\/ichef.bbci.co.uk\/news\/240\/cpsprodpb\/1683C\/production\/_104602229_line976.jpg 240w, https:\/\/ichef.bbci.co.uk\/news\/320\/cpsprodpb\/1683C\/production\/_104602229_line976.jpg 320w, https:\/\/ichef.bbci.co.uk\/news\/464\/cpsprodpb\/1683C\/production\/_104602229_line976.jpg 464w\" alt=\"L\u00ednea\" width=\"464\" \/><\/div>\n<\/div>\n<\/div>\n<\/div>\n<\/figure>\n<\/div>\n<div class=\"ek1plzs2 css-ycsr8f-GridComponent e57qer20\" dir=\"ltr\">\n<figure class=\"css-m91nxa-Figure e6bmn90\">\n<div class=\"css-1shfb3f-GridComponent e57qer20\" dir=\"ltr\">\n<div class=\"css-1udchq5-GridComponent e57qer20\" dir=\"ltr\">\n<div class=\"css-160kg2v-ImagePlaceholder e1whu0\">\n<div class=\"lazyload-wrapper\"><img class=\"css-1vsigzm-StyledImg-fadeIn e1enwo3v0\" src=\"https:\/\/ichef.bbci.co.uk\/news\/640\/cpsprodpb\/117CA\/production\/_116162617_coronavac_process-nc.png\" srcset=\"https:\/\/ichef.bbci.co.uk\/news\/240\/cpsprodpb\/117CA\/production\/_116162617_coronavac_process-nc.png 240w, https:\/\/ichef.bbci.co.uk\/news\/320\/cpsprodpb\/117CA\/production\/_116162617_coronavac_process-nc.png 320w, https:\/\/ichef.bbci.co.uk\/news\/480\/cpsprodpb\/117CA\/production\/_116162617_coronavac_process-nc.png 480w, https:\/\/ichef.bbci.co.uk\/news\/624\/cpsprodpb\/117CA\/production\/_116162617_coronavac_process-nc.png 624w, https:\/\/ichef.bbci.co.uk\/news\/640\/cpsprodpb\/117CA\/production\/_116162617_coronavac_process-nc.png 640w\" alt=\"Gr\u00e1fico mostra como funciona a CoronaVac\" width=\"640\" \/><\/div>\n<\/div>\n<\/div>\n<\/div>\n<\/figure>\n<\/div>\n<div class=\"css-hxtc46-GridComponent e57qer20\" dir=\"ltr\">\n<figure class=\"css-m91nxa-Figure e6bmn90\">\n<div class=\"css-2d6yrt-GridComponent e57qer20\" dir=\"ltr\">\n<div class=\"css-eytg6c-GridComponent e57qer20\" dir=\"ltr\">\n<div class=\"css-3p1z99-ImagePlaceholder e1whu0\">\n<div class=\"lazyload-wrapper\"><img class=\"css-1vsigzm-StyledImg-fadeIn e1enwo3v0\" src=\"https:\/\/ichef.bbci.co.uk\/news\/640\/cpsprodpb\/1683C\/production\/_104602229_line976.jpg\" srcset=\"https:\/\/ichef.bbci.co.uk\/news\/240\/cpsprodpb\/1683C\/production\/_104602229_line976.jpg 240w, https:\/\/ichef.bbci.co.uk\/news\/320\/cpsprodpb\/1683C\/production\/_104602229_line976.jpg 320w, https:\/\/ichef.bbci.co.uk\/news\/464\/cpsprodpb\/1683C\/production\/_104602229_line976.jpg 464w\" alt=\"L\u00ednea\" width=\"464\" \/><\/div>\n<\/div>\n<\/div>\n<\/div>\n<\/figure>\n<\/div>\n<div class=\"css-hl9dz2-GridComponent e57qer20\" dir=\"ltr\">\n<h2 id=\"Quais-s\u00e3o-as-vantagens-e-desvantagens-da-tecnologia-da-CoronaVac\" class=\"css-4qzrek-SubHeading e14hemmw1\" tabindex=\"-1\">Quais s\u00e3o as vantagens e desvantagens da tecnologia da CoronaVac?<\/h2>\n<\/div>\n<div class=\"css-hl9dz2-GridComponent e57qer20\" dir=\"ltr\">\n<p class=\"css-1ikvhrr-Paragraph e1cc2ql70\" dir=\"ltr\">A vacina da Sinovac usa uma tecnologia bastante tradicional de imuniza\u00e7\u00e3o, desenvolvida h\u00e1 cerca de 70 anos, diz o imunologista Aguinaldo Pinto, professor da Universidade Federal de Santa Catarina.<\/p>\n<\/div>\n<div class=\"css-hl9dz2-GridComponent e57qer20\" dir=\"ltr\">\n<p class=\"css-1ikvhrr-Paragraph e1cc2ql70\" dir=\"ltr\">&#8220;N\u00e3o h\u00e1 nada de novo na tecnologia por tr\u00e1s dessa vacina. Temos muitas vacinas de v\u00edrus inativados sendo comercializadas hoje&#8221;, afirma Pinto.<\/p>\n<\/div>\n<div class=\"css-hl9dz2-GridComponent e57qer20\" dir=\"ltr\">\n<p class=\"css-1ikvhrr-Paragraph e1cc2ql70\" dir=\"ltr\">Entre as que tomamos de rotina que utilizam essa tecnologia, est\u00e3o as de gripe, hepatite A e poliomielite (na vers\u00e3o injet\u00e1vel).<\/p>\n<\/div>\n<div class=\"css-hl9dz2-GridComponent e57qer20\" dir=\"ltr\">\n<p class=\"css-1ikvhrr-Paragraph e1cc2ql70\" dir=\"ltr\">A seu favor, conta a experi\u00eancia de d\u00e9cadas no seu uso em sa\u00fade p\u00fablica.<\/p>\n<\/div>\n<div class=\"css-hl9dz2-GridComponent e57qer20\" dir=\"ltr\">\n<p class=\"css-1ikvhrr-Paragraph e1cc2ql70\" dir=\"ltr\">E tamb\u00e9m sua seguran\u00e7a, porque \u00e9 um imunizante baseado em v\u00edrus inativados, ou seja, que n\u00e3o s\u00e3o capazes de se reproduzir. Por isso, eles n\u00e3o conseguem deixar uma pessoa doente.<\/p>\n<\/div>\n<div class=\"css-hl9dz2-GridComponent e57qer20\" dir=\"ltr\">\n<p class=\"css-1ikvhrr-Paragraph e1cc2ql70\" dir=\"ltr\">Mesmo assim, a vacina consegue gerar a rea\u00e7\u00e3o imunol\u00f3gica desejada e criar no nosso organismo uma mem\u00f3ria de como nos defender contra essa amea\u00e7a.<\/p>\n<\/div>\n<div class=\"css-hl9dz2-GridComponent e57qer20\" dir=\"ltr\">\n<p class=\"css-1ikvhrr-Paragraph e1cc2ql70\" dir=\"ltr\">No caso da CoronaVac, s\u00e3o aplicadas duas doses, com uma diferen\u00e7a de 21 dias entre elas.<\/p>\n<\/div>\n<div class=\"css-hl9dz2-GridComponent e57qer20\" dir=\"ltr\">\n<p class=\"css-1ikvhrr-Paragraph e1cc2ql70\" dir=\"ltr\">Mas vacinas com essa tecnologia s\u00e3o mais caras para serem produzidas, porque \u00e9 necess\u00e1rio cultivar uma grande quantidade de v\u00edrus em laborat\u00f3rio, que devem ent\u00e3o ser submetidos ao processo de inativa\u00e7\u00e3o.<\/p>\n<\/div>\n<div class=\"css-hl9dz2-GridComponent e57qer20\" dir=\"ltr\">\n<p class=\"css-1ikvhrr-Paragraph e1cc2ql70\" dir=\"ltr\">Al\u00e9m disso, elas n\u00e3o precisam ser armazenadas em temperaturas extremamente baixas, como \u00e9 o caso a vacina da Pfizer e da Moderna, que devem ser mantidas a -70\u00baC e -20\u00baC respectivamente para durarem mais tempo.<\/p>\n<\/div>\n<div class=\"css-hl9dz2-GridComponent e57qer20\" dir=\"ltr\">\n<p class=\"css-1ikvhrr-Paragraph e1cc2ql70\" dir=\"ltr\">A CoronaVac \u00e9 armazenada e transportada a uma temperatura de refrigeradores comuns, entre 2\u00baC e 8\u00baC, o que facilita a log\u00edstica de um plano de imuniza\u00e7\u00e3o.<\/p>\n<\/div>\n<div class=\"css-hxtc46-GridComponent e57qer20\" dir=\"ltr\">\n<figure class=\"css-m91nxa-Figure e6bmn90\">\n<div class=\"css-2d6yrt-GridComponent e57qer20\" dir=\"ltr\">\n<div class=\"css-eytg6c-GridComponent e57qer20\" dir=\"ltr\">\n<div class=\"css-3p1z99-ImagePlaceholder e1whu0\">\n<div class=\"lazyload-wrapper\"><img class=\"css-1vsigzm-StyledImg-fadeIn e1enwo3v0\" src=\"https:\/\/ichef.bbci.co.uk\/news\/640\/cpsprodpb\/1683C\/production\/_104602229_line976.jpg\" srcset=\"https:\/\/ichef.bbci.co.uk\/news\/240\/cpsprodpb\/1683C\/production\/_104602229_line976.jpg 240w, https:\/\/ichef.bbci.co.uk\/news\/320\/cpsprodpb\/1683C\/production\/_104602229_line976.jpg 320w, https:\/\/ichef.bbci.co.uk\/news\/464\/cpsprodpb\/1683C\/production\/_104602229_line976.jpg 464w\" alt=\"L\u00ednea\" width=\"464\" \/><\/div>\n<\/div>\n<\/div>\n<\/div>\n<\/figure>\n<\/div>\n<div class=\"ek1plzs2 css-ycsr8f-GridComponent e57qer20\" dir=\"ltr\">\n<figure class=\"css-m91nxa-Figure e6bmn90\">\n<div class=\"css-1shfb3f-GridComponent e57qer20\" dir=\"ltr\">\n<div class=\"css-1udchq5-GridComponent e57qer20\" dir=\"ltr\">\n<div class=\"css-v4pmvd-ImagePlaceholder e1whu0\">\n<div class=\"lazyload-wrapper\"><img class=\"css-1vsigzm-StyledImg-fadeIn e1enwo3v0\" src=\"https:\/\/ichef.bbci.co.uk\/news\/640\/cpsprodpb\/8F12\/production\/_116162663_61f9b3f4-f9fa-4a66-9ead-c34df1a00240.png\" srcset=\"https:\/\/ichef.bbci.co.uk\/news\/240\/cpsprodpb\/8F12\/production\/_116162663_61f9b3f4-f9fa-4a66-9ead-c34df1a00240.png 240w, https:\/\/ichef.bbci.co.uk\/news\/320\/cpsprodpb\/8F12\/production\/_116162663_61f9b3f4-f9fa-4a66-9ead-c34df1a00240.png 320w, https:\/\/ichef.bbci.co.uk\/news\/480\/cpsprodpb\/8F12\/production\/_116162663_61f9b3f4-f9fa-4a66-9ead-c34df1a00240.png 480w, https:\/\/ichef.bbci.co.uk\/news\/624\/cpsprodpb\/8F12\/production\/_116162663_61f9b3f4-f9fa-4a66-9ead-c34df1a00240.png 624w, https:\/\/ichef.bbci.co.uk\/news\/640\/cpsprodpb\/8F12\/production\/_116162663_61f9b3f4-f9fa-4a66-9ead-c34df1a00240.png 640w\" alt=\"Gr\u00e1fico mostra pa\u00edses que usar\u00e3o a CoronaVac\" width=\"640\" \/><\/div>\n<\/div>\n<\/div>\n<\/div>\n<\/figure>\n<\/div>\n<div class=\"css-hxtc46-GridComponent e57qer20\" dir=\"ltr\">\n<figure class=\"css-m91nxa-Figure e6bmn90\">\n<div class=\"css-2d6yrt-GridComponent e57qer20\" dir=\"ltr\">\n<div class=\"css-eytg6c-GridComponent e57qer20\" dir=\"ltr\">\n<div class=\"css-3p1z99-ImagePlaceholder e1whu0\">\n<div class=\"lazyload-wrapper\"><img class=\"css-1vsigzm-StyledImg-fadeIn e1enwo3v0\" src=\"https:\/\/ichef.bbci.co.uk\/news\/640\/cpsprodpb\/1683C\/production\/_104602229_line976.jpg\" srcset=\"https:\/\/ichef.bbci.co.uk\/news\/240\/cpsprodpb\/1683C\/production\/_104602229_line976.jpg 240w, https:\/\/ichef.bbci.co.uk\/news\/320\/cpsprodpb\/1683C\/production\/_104602229_line976.jpg 320w, https:\/\/ichef.bbci.co.uk\/news\/464\/cpsprodpb\/1683C\/production\/_104602229_line976.jpg 464w\" alt=\"L\u00ednea\" width=\"464\" \/><\/div>\n<\/div>\n<\/div>\n<\/div>\n<\/figure>\n<\/div>\n<div class=\"css-hl9dz2-GridComponent e57qer20\" dir=\"ltr\">\n<h2 id=\"Como-a-efic\u00e1cia-da-CoronaVac-se-compara-\u00e0s-de-outras-vacinas\" class=\"css-4qzrek-SubHeading e14hemmw1\" tabindex=\"-1\">Como a efic\u00e1cia da CoronaVac se compara \u00e0s de outras vacinas<\/h2>\n<\/div>\n<div class=\"css-hl9dz2-GridComponent e57qer20\" dir=\"ltr\">\n<p class=\"css-1ikvhrr-Paragraph e1cc2ql70\" dir=\"ltr\"><b>Pfizer\/BioNTech: 95%<\/b><\/p>\n<\/div>\n<div class=\"css-hl9dz2-GridComponent e57qer20\" dir=\"ltr\">\n<p class=\"css-1ikvhrr-Paragraph e1cc2ql70\" dir=\"ltr\"><a class=\"css-h9s9st-InlineLink e1cs6q200\" href=\"https:\/\/www.pfizer.com\/news\/press-release\/press-release-detail\/pfizer-and-biontech-conclude-phase-3-study-covid-19-vaccine\" aria-label=\"eResultados divulgados em 18 de novembro, externo\">eResultados divulgados em 18 de novembro<\/a>\u00a0apontaram ainda uma efic\u00e1cia de mais de 94% em idosos.\u00a0<a class=\"css-h9s9st-InlineLink e1cs6q200\" href=\"https:\/\/www.bbc.com\/portuguese\/geral-54881767\">Esta vacina usa uma tecnologia in\u00e9dita<\/a>\u00a0baseada em RNA mensageiro. O estudo de fase 3 ainda n\u00e3o foi publicado em revista cient\u00edfica.<\/p>\n<\/div>\n<div class=\"css-hl9dz2-GridComponent e57qer20\" dir=\"ltr\">\n<p class=\"css-1ikvhrr-Paragraph e1cc2ql70\" dir=\"ltr\"><b>Moderna: 94,1%<\/b><\/p>\n<\/div>\n<div class=\"css-hl9dz2-GridComponent e57qer20\" dir=\"ltr\">\n<p class=\"css-1ikvhrr-Paragraph e1cc2ql70\" dir=\"ltr\">De acordo com os\u00a0<a class=\"css-h9s9st-InlineLink e1cs6q200\" href=\"https:\/\/investors.modernatx.com\/news-releases\/news-release-details\/moderna-announces-primary-efficacy-analysis-phase-3-cove-study\" aria-label=\"resultados anunciados no dia 30 de novembro, externo\">resultados anunciados no dia 30 de novembro<\/a>, nenhum caso grave de covid-19 entre os participantes que tomaram as duas doses do imunizante. Tamb\u00e9m \u00e9 uma\u00a0<a class=\"css-h9s9st-InlineLink e1cs6q200\" href=\"https:\/\/www.bbc.com\/portuguese\/geral-54881767\">vacina baseada em RNA mensageiro<\/a>.<\/p>\n<\/div>\n<div class=\"css-hl9dz2-GridComponent e57qer20\" dir=\"ltr\">\n<p class=\"css-1ikvhrr-Paragraph e1cc2ql70\" dir=\"ltr\"><b>AstraZeneca\/Oxford: 62% a 90%<\/b><\/p>\n<\/div>\n<div class=\"css-hl9dz2-GridComponent e57qer20\" dir=\"ltr\">\n<p class=\"css-1ikvhrr-Paragraph e1cc2ql70\" dir=\"ltr\">O estudo aferiu uma efic\u00e1cia m\u00e9dia de 70%. Mas identificou uma taxa menor, de 62%, quando aplicadas duas doses completas, e maior, de 90%, com o uso de meia dose e depois uma dose completa. Esta vacina usa uma tecnologia de imuniza\u00e7\u00e3o\u00a0<a class=\"css-h9s9st-InlineLink e1cs6q200\" href=\"https:\/\/www.bbc.com\/portuguese\/geral-54995983\">baseada em um vetor viral n\u00e3o replicante<\/a>. Os\u00a0<a class=\"css-h9s9st-InlineLink e1cs6q200\" href=\"https:\/\/www.thelancet.com\/journals\/lancet\/article\/PIIS0140-6736(20)32623-4\/fulltext\" aria-label=\"resultados foram publicados em 8 de dezembro na revista The Lancet, externo\">resultados foram publicados em 8 de dezembro na revista The Lancet<\/a>.<\/p>\n<\/div>\n<div class=\"css-hl9dz2-GridComponent e57qer20\" dir=\"ltr\">\n<p class=\"css-1ikvhrr-Paragraph e1cc2ql70\" dir=\"ltr\"><b>Sputnik V: 91,4%<\/b><\/p>\n<\/div>\n<div class=\"css-hl9dz2-GridComponent e57qer20\" dir=\"ltr\">\n<p class=\"css-1ikvhrr-Paragraph e1cc2ql70\" dir=\"ltr\">O estudo ainda apontou uma efic\u00e1cia de 100% na preven\u00e7\u00e3o de casos graves de covid-19.\u00a0<a class=\"css-h9s9st-InlineLink e1cs6q200\" href=\"https:\/\/www.bbc.com\/portuguese\/geral-54995983\">Esta vacina usa um vetor viral n\u00e3o replicante<\/a>. Os resultados,\u00a0<a class=\"css-h9s9st-InlineLink e1cs6q200\" href=\"https:\/\/sputnikvaccine.com\/newsroom\/pressreleases\/the-sputnik-v-vaccine-s-efficacy-is-confirmed-at-91-4-based-on-data-analysis-of-the-final-control-po\/\" aria-label=\"divulgados pelo Centro Gamaleya e o Fundo para Investimentos Diretos da R\u00fassia em 24 de novembro, externo\">divulgados pelo Centro Gamaleya e o Fundo para Investimentos Diretos da R\u00fassia em 24 de novembro<\/a>, ainda n\u00e3o foram publicados em uma revista cient\u00edfica.<\/p>\n<\/div>\n<div class=\"css-hl9dz2-GridComponent e57qer20\" dir=\"ltr\">\n<p class=\"css-1ikvhrr-Paragraph e1cc2ql70\" dir=\"ltr\"><b>Sinopharm: 86%<\/b><\/p>\n<\/div>\n<div class=\"css-hl9dz2-GridComponent e57qer20\" dir=\"ltr\">\n<p class=\"css-1ikvhrr-Paragraph e1cc2ql70\" dir=\"ltr\">A taxa foi identificada em uma an\u00e1lise preliminar de estudos da farmac\u00eautica chinesa feitas nos Emirados \u00c1rabes. De acordo com o minist\u00e9rio da Sa\u00fade do pa\u00eds, o imunizante levou \u00e0 produ\u00e7\u00e3o de anticorpos em 99% dos participantes e que n\u00e3o &#8220;houve preocupa\u00e7\u00f5es s\u00e9rias quanto \u00e0 seguran\u00e7a&#8221;,\u00a0<a class=\"css-h9s9st-InlineLink e1cs6q200\" href=\"https:\/\/www.wam.ae\/en\/details\/1395302893589\" aria-label=\"segundo a ag\u00eancia estatal WAM, externo\">segundo a ag\u00eancia estatal WAM<\/a>. A vacina tamb\u00e9m apresentou 100% de efic\u00e1cia na preven\u00e7\u00e3o de casos leves e graves de covid-19. N\u00e3o foram divulgados detalhes dos resultados, ainda n\u00e3o publicados em revista cient\u00edfica. Baseado em v\u00edrus inativado, o imunizante recebeu uma autoriza\u00e7\u00e3o de uso emergencial no pa\u00eds.<\/p>\n<\/div>\n<div class=\"css-hxtc46-GridComponent e57qer20\" dir=\"ltr\">\n<figure class=\"css-m91nxa-Figure e6bmn90\">\n<div class=\"css-2d6yrt-GridComponent e57qer20\" dir=\"ltr\">\n<div class=\"css-eytg6c-GridComponent e57qer20\" dir=\"ltr\">\n<div class=\"css-3p1z99-ImagePlaceholder e1whu0\">\n<div class=\"lazyload-wrapper\"><img class=\"css-1vsigzm-StyledImg-fadeIn e1enwo3v0\" src=\"https:\/\/ichef.bbci.co.uk\/news\/640\/cpsprodpb\/1541D\/production\/_106396078_298260dd-8c4c-43d7-af3c-8533936fd910.jpg\" srcset=\"https:\/\/ichef.bbci.co.uk\/news\/240\/cpsprodpb\/1541D\/production\/_106396078_298260dd-8c4c-43d7-af3c-8533936fd910.jpg 240w, https:\/\/ichef.bbci.co.uk\/news\/320\/cpsprodpb\/1541D\/production\/_106396078_298260dd-8c4c-43d7-af3c-8533936fd910.jpg 320w, https:\/\/ichef.bbci.co.uk\/news\/464\/cpsprodpb\/1541D\/production\/_106396078_298260dd-8c4c-43d7-af3c-8533936fd910.jpg 464w\" alt=\"line\" width=\"464\" \/><\/div>\n<\/div>\n<\/div>\n<\/div>\n<\/figure>\n<\/div>\n<div class=\"ek1plzs2 css-ycsr8f-GridComponent e57qer20\" dir=\"ltr\">\n<figure class=\"css-m91nxa-Figure e6bmn90\">\n<div class=\"css-1shfb3f-GridComponent e57qer20\" dir=\"ltr\">\n<div class=\"css-1udchq5-GridComponent e57qer20\" dir=\"ltr\">\n<div class=\"css-w867gl-ImagePlaceholder e1whu0\">\n<div class=\"lazyload-wrapper\"><img class=\"css-1vsigzm-StyledImg-fadeIn e1enwo3v0\" src=\"https:\/\/ichef.bbci.co.uk\/news\/640\/cpsprodpb\/104E4\/production\/_115988766_d9e099e3-9a24-44ff-992b-3f1498cfc369.jpg\" srcset=\"https:\/\/ichef.bbci.co.uk\/news\/240\/cpsprodpb\/104E4\/production\/_115988766_d9e099e3-9a24-44ff-992b-3f1498cfc369.jpg 240w, https:\/\/ichef.bbci.co.uk\/news\/320\/cpsprodpb\/104E4\/production\/_115988766_d9e099e3-9a24-44ff-992b-3f1498cfc369.jpg 320w, https:\/\/ichef.bbci.co.uk\/news\/480\/cpsprodpb\/104E4\/production\/_115988766_d9e099e3-9a24-44ff-992b-3f1498cfc369.jpg 480w, https:\/\/ichef.bbci.co.uk\/news\/624\/cpsprodpb\/104E4\/production\/_115988766_d9e099e3-9a24-44ff-992b-3f1498cfc369.jpg 624w, https:\/\/ichef.bbci.co.uk\/news\/629\/cpsprodpb\/104E4\/production\/_115988766_d9e099e3-9a24-44ff-992b-3f1498cfc369.jpg 629w\" alt=\"Gr\u00e1fico mostra linha do tempo da CoronaVac\" width=\"629\" \/><\/div>\n<\/div>\n<\/div>\n<\/div>\n<\/figure>\n<\/div>\n<div class=\"css-hxtc46-GridComponent e57qer20\" dir=\"ltr\">\n<figure class=\"css-m91nxa-Figure e6bmn90\">\n<div class=\"css-2d6yrt-GridComponent e57qer20\" dir=\"ltr\">\n<div class=\"css-eytg6c-GridComponent e57qer20\" dir=\"ltr\">\n<div class=\"css-3p1z99-ImagePlaceholder e1whu0\">\n<div class=\"lazyload-wrapper\"><img class=\"css-1vsigzm-StyledImg-fadeIn e1enwo3v0\" src=\"https:\/\/ichef.bbci.co.uk\/news\/640\/cpsprodpb\/1541D\/production\/_106396078_298260dd-8c4c-43d7-af3c-8533936fd910.jpg\" srcset=\"https:\/\/ichef.bbci.co.uk\/news\/240\/cpsprodpb\/1541D\/production\/_106396078_298260dd-8c4c-43d7-af3c-8533936fd910.jpg 240w, https:\/\/ichef.bbci.co.uk\/news\/320\/cpsprodpb\/1541D\/production\/_106396078_298260dd-8c4c-43d7-af3c-8533936fd910.jpg 320w, https:\/\/ichef.bbci.co.uk\/news\/464\/cpsprodpb\/1541D\/production\/_106396078_298260dd-8c4c-43d7-af3c-8533936fd910.jpg 464w\" alt=\"line\" width=\"464\" \/><\/div>\n<\/div>\n<\/div>\n<\/div>\n<\/figure>\n<\/div>\n<div class=\"css-hl9dz2-GridComponent e57qer20\" dir=\"ltr\">\n<h2 id=\"Como-\u00e9-feita-a-produ\u00e7\u00e3o-pelo-Butantan\" class=\"css-4qzrek-SubHeading e14hemmw1\" tabindex=\"-1\">Como \u00e9 feita a produ\u00e7\u00e3o pelo Butantan?<\/h2>\n<\/div>\n<div class=\"css-hl9dz2-GridComponent e57qer20\" dir=\"ltr\">\n<p class=\"css-1ikvhrr-Paragraph e1cc2ql70\" dir=\"ltr\">O instituto come\u00e7ou a produzir a vacina em 9 de dezembro. &#8220;\u00c9 a primeira vacina contra a covid-19 produzida no Brasil&#8221;, disse Dimas Covas, diretor do Butantan, ao anunciar a fabrica\u00e7\u00e3o.<\/p>\n<\/div>\n<div class=\"css-hl9dz2-GridComponent e57qer20\" dir=\"ltr\">\n<p class=\"css-1ikvhrr-Paragraph e1cc2ql70\" dir=\"ltr\">O Butantan adotou desde ent\u00e3o um regime de trabalho intensivo para ter prontas em janeiro 40 milh\u00f5es das 46 milh\u00f5es de doses que o governo de S\u00e3o Paulo espera ter em m\u00e3os em janeiro.<\/p>\n<\/div>\n<div class=\"css-hl9dz2-GridComponent e57qer20\" dir=\"ltr\">\n<p class=\"css-1ikvhrr-Paragraph e1cc2ql70\" dir=\"ltr\">Outras 6 milh\u00f5es s\u00e3o importadas da China, das quais 4,22 milh\u00f5es j\u00e1 chegaram ao Brasil.<\/p>\n<\/div>\n<div class=\"css-hl9dz2-GridComponent e57qer20\" dir=\"ltr\">\n<p class=\"css-1ikvhrr-Paragraph e1cc2ql70\" dir=\"ltr\">O instituto anunciou que a produ\u00e7\u00e3o est\u00e1 ocorrendo em turnos sucessivos, sete dias por semana, para que a produ\u00e7\u00e3o di\u00e1ria alcance a capacidade de 1 milh\u00e3o de doses por dia.<\/p>\n<\/div>\n<div class=\"css-hl9dz2-GridComponent e57qer20\" dir=\"ltr\">\n<p class=\"css-1ikvhrr-Paragraph e1cc2ql70\" dir=\"ltr\">Desta forma, a f\u00e1brica funciona sem parar, 24 horas por dia, para dar conta da demanda. At\u00e9 outubro, a opera\u00e7\u00e3o era de segunda a sexta-feira, em dois turnos.<\/p>\n<\/div>\n<div class=\"css-hl9dz2-GridComponent e57qer20\" dir=\"ltr\">\n<p class=\"css-1ikvhrr-Paragraph e1cc2ql70\" dir=\"ltr\">A for\u00e7a de trabalho tamb\u00e9m foi ampliada em 50% para dar conta da demanda.<\/p>\n<\/div>\n<div class=\"css-hxtc46-GridComponent e57qer20\" dir=\"ltr\">\n<figure class=\"css-m91nxa-Figure e6bmn90\">\n<div class=\"css-2d6yrt-GridComponent e57qer20\" dir=\"ltr\">\n<div class=\"css-eytg6c-GridComponent e57qer20\" dir=\"ltr\">\n<div class=\"css-3p1z99-ImagePlaceholder e1whu0\">\n<div class=\"lazyload-wrapper\"><img class=\"css-1vsigzm-StyledImg-fadeIn e1enwo3v0\" src=\"https:\/\/ichef.bbci.co.uk\/news\/640\/cpsprodpb\/1541D\/production\/_106396078_298260dd-8c4c-43d7-af3c-8533936fd910.jpg\" srcset=\"https:\/\/ichef.bbci.co.uk\/news\/240\/cpsprodpb\/1541D\/production\/_106396078_298260dd-8c4c-43d7-af3c-8533936fd910.jpg 240w, https:\/\/ichef.bbci.co.uk\/news\/320\/cpsprodpb\/1541D\/production\/_106396078_298260dd-8c4c-43d7-af3c-8533936fd910.jpg 320w, https:\/\/ichef.bbci.co.uk\/news\/464\/cpsprodpb\/1541D\/production\/_106396078_298260dd-8c4c-43d7-af3c-8533936fd910.jpg 464w\" alt=\"line\" width=\"464\" \/><\/div>\n<\/div>\n<\/div>\n<\/div>\n<\/figure>\n<\/div>\n<div class=\"css-hl9dz2-GridComponent e57qer20\" dir=\"ltr\">\n<h2 id=\"Como-ser\u00e1-a-vacina\u00e7\u00e3o-em-SP\" class=\"css-4qzrek-SubHeading e14hemmw1\" tabindex=\"-1\">Como ser\u00e1 a vacina\u00e7\u00e3o em SP<\/h2>\n<\/div>\n<div class=\"css-hl9dz2-GridComponent e57qer20\" dir=\"ltr\">\n<p class=\"css-1ikvhrr-Paragraph e1cc2ql70\" dir=\"ltr\">O governo de S\u00e3o Paulo anunciou em 7 de dezembro\u00a0que a vacina\u00e7\u00e3o com a CoronaVac ter\u00e1 in\u00edcio em 25 de janeiro, embora ela n\u00e3o tenha sido aprovada ainda pela Anvisa.<\/p>\n<\/div>\n<div class=\"css-hl9dz2-GridComponent e57qer20\" dir=\"ltr\">\n<p class=\"css-1ikvhrr-Paragraph e1cc2ql70\" dir=\"ltr\">Por enquanto, foram anunciados os detalhes apenas da primeira fase do plano de imuniza\u00e7\u00e3o, que tem como p\u00fablico-alvo profissionais de sa\u00fade, pessoas com mais de 60 anos, ind\u00edgenas e quilombolas.<\/p>\n<\/div>\n<div class=\"css-hl9dz2-GridComponent e57qer20\" dir=\"ltr\">\n<p class=\"css-1ikvhrr-Paragraph e1cc2ql70\" dir=\"ltr\">De acordo com o governo paulista, estes grupos respondem por 77% das mortes causadas pelo novo coronav\u00edrus no Estado.<\/p>\n<\/div>\n<div class=\"css-hl9dz2-GridComponent e57qer20\" dir=\"ltr\">\n<p class=\"css-1ikvhrr-Paragraph e1cc2ql70\" dir=\"ltr\">Isso implicar\u00e1 na vacina\u00e7\u00e3o de 9 milh\u00f5es de pessoas e no uso de 18 milh\u00f5es de doses.<\/p>\n<\/div>\n<div class=\"css-hxtc46-GridComponent e57qer20\" dir=\"ltr\">\n<figure class=\"css-m91nxa-Figure e6bmn90\">\n<div class=\"css-2d6yrt-GridComponent e57qer20\" dir=\"ltr\">\n<div class=\"css-2d6yrt-GridComponent e57qer20\" dir=\"ltr\">\n<div class=\"css-eytg6c-GridComponent e57qer20\" dir=\"ltr\">\n<div class=\"css-oijotl-ImagePlaceholder e1whu0\">\n<div class=\"lazyload-wrapper\"><img class=\"css-1vsigzm-StyledImg-fadeIn e1enwo3v0\" src=\"https:\/\/ichef.bbci.co.uk\/news\/640\/cpsprodpb\/63F4\/production\/_115988552_d9857bd3-6e63-4df7-8045-71a747fcd1d9.jpg\" srcset=\"https:\/\/ichef.bbci.co.uk\/news\/240\/cpsprodpb\/63F4\/production\/_115988552_d9857bd3-6e63-4df7-8045-71a747fcd1d9.jpg 240w, https:\/\/ichef.bbci.co.uk\/news\/320\/cpsprodpb\/63F4\/production\/_115988552_d9857bd3-6e63-4df7-8045-71a747fcd1d9.jpg 320w, https:\/\/ichef.bbci.co.uk\/news\/480\/cpsprodpb\/63F4\/production\/_115988552_d9857bd3-6e63-4df7-8045-71a747fcd1d9.jpg 480w, https:\/\/ichef.bbci.co.uk\/news\/624\/cpsprodpb\/63F4\/production\/_115988552_d9857bd3-6e63-4df7-8045-71a747fcd1d9.jpg 624w, https:\/\/ichef.bbci.co.uk\/news\/800\/cpsprodpb\/63F4\/production\/_115988552_d9857bd3-6e63-4df7-8045-71a747fcd1d9.jpg 800w\" alt=\"Homem \u00e9 vacinado\" width=\"976\" \/><\/div>\n<p class=\"css-19db9gm-Copyright etq3yw90\" role=\"text\"><span class=\"css-ow3j0s-VisuallyHiddenText e1yt7oin0\">CR\u00c9DITO,<\/span><span lang=\"en-GB\">GETTY IMAGES &#8211;\u00a0<\/span>Vacina\u00e7\u00e3o dar\u00e1 prioridade a profissionais de sa\u00fade, idosos, ind\u00edgenas e quilombolas<\/p>\n<\/div>\n<\/div>\n<\/div>\n<\/div>\n<\/figure>\n<\/div>\n<div class=\"css-hl9dz2-GridComponent e57qer20\" dir=\"ltr\">\n<p class=\"css-1ikvhrr-Paragraph e1cc2ql70\" dir=\"ltr\">A vacina\u00e7\u00e3o ser\u00e1 gratuita e realizada por meio de 10 mil postos de vacina\u00e7\u00e3o, dos quais 4,8 mil ser\u00e3o novos locais, criados especialmente para a campanha, com o uso provis\u00f3rio de escolas, quart\u00e9is e farm\u00e1cias, por exemplo.<\/p>\n<\/div>\n<div class=\"css-hl9dz2-GridComponent e57qer20\" dir=\"ltr\">\n<p class=\"css-1ikvhrr-Paragraph e1cc2ql70\" dir=\"ltr\">Na quarta-feira (06\/01), o governo de S\u00e3o Paulo divulgou que a vacina\u00e7\u00e3o ocorrer\u00e1 de segunda a sexta, das 7h \u00e0s 22h, e de 7h \u00e0s 17h aos s\u00e1bados, domingos e feriados.<\/p>\n<\/div>\n<div class=\"css-hl9dz2-GridComponent e57qer20\" dir=\"ltr\">\n<p class=\"css-1ikvhrr-Paragraph e1cc2ql70\" dir=\"ltr\">A previs\u00e3o \u00e9 que a primeira fase do plano esteja conclu\u00edda at\u00e9 28 de mar\u00e7o, quando o governo paulista estima que 20% dos 46 milh\u00f5es de habitantes do Estado estar\u00e3o imunizados.<\/p>\n<\/div>\n<div class=\"css-hl9dz2-GridComponent e57qer20\" dir=\"ltr\">\n<p class=\"css-1ikvhrr-Paragraph e1cc2ql70\" dir=\"ltr\">A primeira fase do plano seguir\u00e1 o seguinte calend\u00e1rio, para evitar aglomera\u00e7\u00f5es nos postos de sa\u00fade:<\/p>\n<\/div>\n<div class=\"css-hl9dz2-GridComponent e57qer20\" dir=\"ltr\">\n<p class=\"css-1ikvhrr-Paragraph e1cc2ql70\" dir=\"ltr\"><b>* profissionais da Sa\u00fade, ind\u00edgenas e quilombolas:\u00a0<\/b>25\/01 (1\u00aa dose) e 15\/02 (2\u00aa dose);<\/p>\n<\/div>\n<div class=\"css-hl9dz2-GridComponent e57qer20\" dir=\"ltr\">\n<p class=\"css-1ikvhrr-Paragraph e1cc2ql70\" dir=\"ltr\"><b>* pessoas com 75 anos ou mais:\u00a0<\/b>08\/02 (1\u00aa dose) e 01\/03 (2\u00aa dose);<\/p>\n<\/div>\n<div class=\"css-hl9dz2-GridComponent e57qer20\" dir=\"ltr\">\n<p class=\"css-1ikvhrr-Paragraph e1cc2ql70\" dir=\"ltr\"><b>* pessoas com 70 a 74 anos:<\/b>\u00a015\/02 (1\u00aa dose) e 03\/03 (2\u00aa dose);<\/p>\n<\/div>\n<div class=\"css-hl9dz2-GridComponent e57qer20\" dir=\"ltr\">\n<p class=\"css-1ikvhrr-Paragraph e1cc2ql70\" dir=\"ltr\"><b>* pessoas com 65 a 69 anos:<\/b>\u00a022\/02 (1\u00aa dose) e 15\/03 (2\u00aa dose)<\/p>\n<\/div>\n<div class=\"css-hl9dz2-GridComponent e57qer20\" dir=\"ltr\">\n<p class=\"css-1ikvhrr-Paragraph e1cc2ql70\" dir=\"ltr\"><b>* pessoas com 60 a 64 anos:\u00a0<\/b>01\/03 (1\u00aa dose) e 22\/03 (2\u00aa dose)<\/p>\n<\/div>\n<div class=\"css-hl9dz2-GridComponent e57qer20\" dir=\"ltr\">\n<p class=\"css-1ikvhrr-Paragraph e1cc2ql70\" dir=\"ltr\">Cada grupo dever\u00e1 procurar os postos de vacina\u00e7\u00e3o ao longo da semana seguinte ap\u00f3s a data de in\u00edcio. O atendimento ser\u00e1 das 7h \u00e0s 22h de segunda a sexta e das 7h \u00e0s 17h aos s\u00e1bados, domingos e feriados.<\/p>\n<\/div>\n<div class=\"css-hl9dz2-GridComponent e57qer20\" dir=\"ltr\">\n<p class=\"css-1ikvhrr-Paragraph e1cc2ql70\" dir=\"ltr\">Tudo ser\u00e1 feito apenas pelo sistema p\u00fablico de sa\u00fade, e n\u00e3o h\u00e1 previs\u00e3o por enquanto de aplica\u00e7\u00e3o na rede privada.<\/p>\n<\/div>\n<div class=\"css-hl9dz2-GridComponent e57qer20\" dir=\"ltr\">\n<p class=\"css-1ikvhrr-Paragraph e1cc2ql70\" dir=\"ltr\">O governador Jo\u00e3o Doria disse que n\u00e3o ser\u00e1 preciso comprovar a resid\u00eancia no Estado para ser vacinado. &#8220;Todo e qualquer brasileiro que estiver em solo do Estado e pedir a vacina ser\u00e1 vacinado&#8221;, afirmou.<\/p>\n<\/div>\n<div class=\"css-hl9dz2-GridComponent e57qer20\" dir=\"ltr\">\n<p class=\"css-1ikvhrr-Paragraph e1cc2ql70\" dir=\"ltr\">Ainda n\u00e3o foram divulgados detalhes sobre as pr\u00f3ximas etapas do plano de imuniza\u00e7\u00e3o.<\/p>\n<\/div>\n<div class=\"css-hxtc46-GridComponent e57qer20\" dir=\"ltr\">\n<figure class=\"css-m91nxa-Figure e6bmn90\">\n<div class=\"css-2d6yrt-GridComponent e57qer20\" dir=\"ltr\">\n<div class=\"css-eytg6c-GridComponent e57qer20\" dir=\"ltr\">\n<div class=\"css-3p1z99-ImagePlaceholder e1whu0\">\n<div class=\"lazyload-wrapper\"><img class=\"css-1vsigzm-StyledImg-fadeIn e1enwo3v0\" src=\"https:\/\/ichef.bbci.co.uk\/news\/640\/cpsprodpb\/1541D\/production\/_106396078_298260dd-8c4c-43d7-af3c-8533936fd910.jpg\" srcset=\"https:\/\/ichef.bbci.co.uk\/news\/240\/cpsprodpb\/1541D\/production\/_106396078_298260dd-8c4c-43d7-af3c-8533936fd910.jpg 240w, https:\/\/ichef.bbci.co.uk\/news\/320\/cpsprodpb\/1541D\/production\/_106396078_298260dd-8c4c-43d7-af3c-8533936fd910.jpg 320w, https:\/\/ichef.bbci.co.uk\/news\/464\/cpsprodpb\/1541D\/production\/_106396078_298260dd-8c4c-43d7-af3c-8533936fd910.jpg 464w\" alt=\"line\" width=\"464\" \/><\/div>\n<\/div>\n<\/div>\n<\/div>\n<\/figure>\n<\/div>\n<div class=\"css-hl9dz2-GridComponent e57qer20\" dir=\"ltr\">\n<h2 id=\"A-CoronaVac-vai-estar-dispon\u00edvel-em-outros-locais-do-pa\u00eds\" class=\"css-4qzrek-SubHeading e14hemmw1\" tabindex=\"-1\">A CoronaVac vai estar dispon\u00edvel em outros locais do pa\u00eds?<\/h2>\n<\/div>\n<div class=\"css-hl9dz2-GridComponent e57qer20\" dir=\"ltr\">\n<p class=\"css-1ikvhrr-Paragraph e1cc2ql70\" dir=\"ltr\">\u00c9 prov\u00e1vel que sim. Mas as condi\u00e7\u00f5es em que isso vai acontecer ainda s\u00e3o incertas.<\/p>\n<\/div>\n<div class=\"css-hl9dz2-GridComponent e57qer20\" dir=\"ltr\">\n<p class=\"css-1ikvhrr-Paragraph e1cc2ql70\" dir=\"ltr\">O governo de S\u00e3o Paulo disse que disponibilizar\u00e1 4 milh\u00f5es das 46 milh\u00f5es de doses j\u00e1 compradas para que outros Estados imunizem profissionais de sa\u00fade.<\/p>\n<\/div>\n<div class=\"css-hl9dz2-GridComponent e57qer20\" dir=\"ltr\">\n<p class=\"css-1ikvhrr-Paragraph e1cc2ql70\" dir=\"ltr\">De acordo com Doria, 11 j\u00e1 manifestaram interesse: Acre, Cear\u00e1, Esp\u00edrito Santo, Maranh\u00e3o, Mato Grosso do Sul, Par\u00e1, Piau\u00ed, Para\u00edba, Rio Grande do Norte, Rio Grande do Sul e Roraima.<\/p>\n<\/div>\n<div class=\"css-hl9dz2-GridComponent e57qer20\" dir=\"ltr\">\n<p class=\"css-1ikvhrr-Paragraph e1cc2ql70\" dir=\"ltr\">Doria tamb\u00e9m informou que mais de 900 munic\u00edpios j\u00e1 manifestaram interesse na vacina, mas a rela\u00e7\u00e3o n\u00e3o foi divulgada.<\/p>\n<\/div>\n<div class=\"css-hxtc46-GridComponent e57qer20\" dir=\"ltr\">\n<figure class=\"css-m91nxa-Figure e6bmn90\">\n<div class=\"css-2d6yrt-GridComponent e57qer20\" dir=\"ltr\">\n<div class=\"css-2d6yrt-GridComponent e57qer20\" dir=\"ltr\">\n<div class=\"css-eytg6c-GridComponent e57qer20\" dir=\"ltr\">\n<div class=\"css-oijotl-ImagePlaceholder e1whu0\">\n<div class=\"lazyload-wrapper\"><img class=\"css-1vsigzm-StyledImg-fadeIn e1enwo3v0\" src=\"https:\/\/ichef.bbci.co.uk\/news\/640\/cpsprodpb\/15D4\/production\/_115988550_e046a441-0cc1-4a7d-9a4d-e72f9bd18925.jpg\" srcset=\"https:\/\/ichef.bbci.co.uk\/news\/240\/cpsprodpb\/15D4\/production\/_115988550_e046a441-0cc1-4a7d-9a4d-e72f9bd18925.jpg 240w, https:\/\/ichef.bbci.co.uk\/news\/320\/cpsprodpb\/15D4\/production\/_115988550_e046a441-0cc1-4a7d-9a4d-e72f9bd18925.jpg 320w, https:\/\/ichef.bbci.co.uk\/news\/480\/cpsprodpb\/15D4\/production\/_115988550_e046a441-0cc1-4a7d-9a4d-e72f9bd18925.jpg 480w, https:\/\/ichef.bbci.co.uk\/news\/624\/cpsprodpb\/15D4\/production\/_115988550_e046a441-0cc1-4a7d-9a4d-e72f9bd18925.jpg 624w, https:\/\/ichef.bbci.co.uk\/news\/800\/cpsprodpb\/15D4\/production\/_115988550_e046a441-0cc1-4a7d-9a4d-e72f9bd18925.jpg 800w\" alt=\"Pessoa com vacina em frente ao rosto\" width=\"976\" \/><\/div>\n<p class=\"css-19db9gm-Copyright etq3yw90\" role=\"text\"><span class=\"css-ow3j0s-VisuallyHiddenText e1yt7oin0\">CR\u00c9DITO,<\/span><span lang=\"en-GB\">GETTY IMAGES &#8211;\u00a0<\/span>Cinco vacinas j\u00e1 tem resultados de efic\u00e1cia<\/p>\n<\/div>\n<\/div>\n<\/div>\n<\/div>\n<\/figure>\n<\/div>\n<div class=\"css-hl9dz2-GridComponent e57qer20\" dir=\"ltr\">\n<p class=\"css-1ikvhrr-Paragraph e1cc2ql70\" dir=\"ltr\">Por sua vez, o ministro da Sa\u00fade, o general Eduardo Pazuello,\u00a0chegou a anunciar no final de outubro\u00a0a compra de 46 milh\u00f5es doses da CoronaVac.<\/p>\n<\/div>\n<div class=\"css-hl9dz2-GridComponent e57qer20\" dir=\"ltr\">\n<p class=\"css-1ikvhrr-Paragraph e1cc2ql70\" dir=\"ltr\">Mas foi no dia seguinte desautorizado pelo presidente Jair Bolsonaro (sem partido)\u00a0em uma mensagem pelo Facebook\u00a0na qual disse que, como o imunizante ainda n\u00e3o tinha sido autorizado pela Anvisa, sua decis\u00e3o era de &#8220;n\u00e3o adquirir a referida vacina&#8221;.<\/p>\n<\/div>\n<div class=\"css-hl9dz2-GridComponent e57qer20\" dir=\"ltr\">\n<p class=\"css-1ikvhrr-Paragraph e1cc2ql70\" dir=\"ltr\">Bolsonaro e Doria s\u00e3o advers\u00e1rios pol\u00edticos e provavelmente se enfrentar\u00e3o nas urnas em 2022.<\/p>\n<\/div>\n<div class=\"css-hl9dz2-GridComponent e57qer20\" dir=\"ltr\">\n<p class=\"css-1ikvhrr-Paragraph e1cc2ql70\" dir=\"ltr\">Questionado por Doria em uma reuni\u00e3o com governadores em 8 de dezembro, Pazuello disse que compraria a CoronaVac, uma vez que ela esteja registrada na Anvisa, &#8220;se houver demanda e houver pre\u00e7o&#8221;.<\/p>\n<\/div>\n<div class=\"css-hl9dz2-GridComponent e57qer20\" dir=\"ltr\">\n<p class=\"css-1ikvhrr-Paragraph e1cc2ql70\" dir=\"ltr\">Ao lan\u00e7ar o plano oficial no \u00faltimo dia 16, o Minist\u00e9rio da Sa\u00fade indicou que havia uma inten\u00e7\u00e3o de compra da Coronavac, mas n\u00e3o especificou a princ\u00edpio quantas doses pretendia adquirir.<\/p>\n<\/div>\n<div class=\"css-hl9dz2-GridComponent e57qer20\" dir=\"ltr\">\n<p class=\"css-1ikvhrr-Paragraph e1cc2ql70\" dir=\"ltr\">No dia seguinte, Pazuello informou que o plano prev\u00ea receber 9 milh\u00f5es de doses da CoronaVac em janeiro e 22 milh\u00f5es em fevereiro.<\/p>\n<\/div>\n<div class=\"css-hl9dz2-GridComponent e57qer20\" dir=\"ltr\">\n<p class=\"css-1ikvhrr-Paragraph e1cc2ql70\" dir=\"ltr\">Ainda n\u00e3o h\u00e1 uma data prevista para o in\u00edcio da campanha nacional de imuniza\u00e7\u00e3o contra a covid-19.<\/p>\n<\/div>\n<div class=\"css-hxtc46-GridComponent e57qer20\" dir=\"ltr\">\n<figure class=\"css-m91nxa-Figure e6bmn90\">\n<div class=\"css-2d6yrt-GridComponent e57qer20\" dir=\"ltr\">\n<div class=\"css-eytg6c-GridComponent e57qer20\" dir=\"ltr\">\n<div class=\"css-3p1z99-ImagePlaceholder e1whu0\">\n<div class=\"lazyload-wrapper\"><img class=\"css-1vsigzm-StyledImg-fadeIn e1enwo3v0\" src=\"https:\/\/ichef.bbci.co.uk\/news\/640\/cpsprodpb\/1541D\/production\/_106396078_298260dd-8c4c-43d7-af3c-8533936fd910.jpg\" srcset=\"https:\/\/ichef.bbci.co.uk\/news\/240\/cpsprodpb\/1541D\/production\/_106396078_298260dd-8c4c-43d7-af3c-8533936fd910.jpg 240w, https:\/\/ichef.bbci.co.uk\/news\/320\/cpsprodpb\/1541D\/production\/_106396078_298260dd-8c4c-43d7-af3c-8533936fd910.jpg 320w, https:\/\/ichef.bbci.co.uk\/news\/464\/cpsprodpb\/1541D\/production\/_106396078_298260dd-8c4c-43d7-af3c-8533936fd910.jpg 464w\" alt=\"line\" width=\"464\" \/><\/div>\n<\/div>\n<\/div>\n<\/div>\n<\/figure>\n<\/div>\n<div class=\"css-hl9dz2-GridComponent e57qer20\" dir=\"ltr\">\n<h2 id=\"Vai-ser-obrigat\u00f3rio-tomar-a-vacina\" class=\"css-4qzrek-SubHeading e14hemmw1\" tabindex=\"-1\">Vai ser obrigat\u00f3rio tomar a vacina?<\/h2>\n<\/div>\n<div class=\"css-hl9dz2-GridComponent e57qer20\" dir=\"ltr\">\n<p class=\"css-1ikvhrr-Paragraph e1cc2ql70\" dir=\"ltr\">Jo\u00e3o Doria disse em meados de outubro que a vacina contra a covid-19 seria obrigat\u00f3ria em todo o Estado de S\u00e3o Paulo. Segundo o governador, somente quem tiver um atestado m\u00e9dico que comprove que ele n\u00e3o pode ser imunizado seria liberado.<\/p>\n<\/div>\n<div class=\"css-hl9dz2-GridComponent e57qer20\" dir=\"ltr\">\n<p class=\"css-1ikvhrr-Paragraph e1cc2ql70\" dir=\"ltr\">&#8220;Adotaremos medidas legais se houver contrariedade nesse sentido&#8221;, disse o governador na \u00e9poca.<\/p>\n<\/div>\n<div class=\"css-hl9dz2-GridComponent e57qer20\" dir=\"ltr\">\n<p class=\"css-1ikvhrr-Paragraph e1cc2ql70\" dir=\"ltr\">No mesmo dia, Bolsonaro afirmou que quem ofereceria vacinas contra a covid-19 seria o Minist\u00e9rio da Sa\u00fade, mas &#8220;sem impor ou tornar a vacina obrigat\u00f3ria&#8221;.<\/p>\n<\/div>\n<div class=\"css-hl9dz2-GridComponent e57qer20\" dir=\"ltr\">\n<p class=\"css-1ikvhrr-Paragraph e1cc2ql70\" dir=\"ltr\">Em meio a esse embate, o Supremo Tribunal Federal (STF) se manifestou sobre o assunto ao julgar duas a\u00e7\u00f5es levadas \u00e0 corte relativas \u00e0 lei criada em fevereiro que prev\u00ea medidas de combate \u00e0 pandemia, entre elas a possibilidade de vacina\u00e7\u00e3o obrigat\u00f3ria.<\/p>\n<\/div>\n<div class=\"css-hl9dz2-GridComponent e57qer20\" dir=\"ltr\">\n<p class=\"css-1ikvhrr-Paragraph e1cc2ql70\" dir=\"ltr\">Uma era movida pelo PDT, que pede que o STF reconhe\u00e7a o direito de Estados e munic\u00edpios de impor a vacina\u00e7\u00e3o. Outra, pelo PTB, defende que essa possibilidade \u00e9 inconstitucional. Ambas s\u00e3o relatadas pelo ministro Ricardo Lewandowski.<\/p>\n<\/div>\n<div class=\"css-hl9dz2-GridComponent e57qer20\" dir=\"ltr\">\n<p class=\"css-1ikvhrr-Paragraph e1cc2ql70\" dir=\"ltr\">O STF decidiu por ampla maioria no \u00faltimo dia 17 que Uni\u00e3o, Estados e munic\u00edpios podem adotar medidas para obrigar a popula\u00e7\u00e3o a se vacinar, mas n\u00e3o poder\u00e3o for\u00e7ar fisicamente as pessoas a fazer isso.<\/p>\n<\/div>\n<div class=\"css-hl9dz2-GridComponent e57qer20\" dir=\"ltr\">\n<p class=\"css-1ikvhrr-Paragraph e1cc2ql70\" dir=\"ltr\">A Corte autorizou no entanto que sejam adotadas san\u00e7\u00f5es indiretas, como proibir os n\u00e3o vacinados de frequentar certos lugares ou exercer determinadas atividades.<\/p>\n<\/div>\n<div class=\"css-hl9dz2-GridComponent e57qer20\" dir=\"ltr\">\n<p class=\"css-1ikvhrr-Paragraph e1cc2ql70\" dir=\"ltr\">Eles ressaltaram que a vacina\u00e7\u00e3o generalizada da popula\u00e7\u00e3o \u00e9 necess\u00e1ria para reduzir a circula\u00e7\u00e3o do coronav\u00edrus, salvando vidas. J\u00e1 s\u00e3o mais de 180 mil mortos pela covid-19 no Brasil.<\/p>\n<\/div>\n<div class=\"css-hl9dz2-GridComponent e57qer20\" dir=\"ltr\">\n<p class=\"css-1ikvhrr-Paragraph e1cc2ql70\" dir=\"ltr\">Ao comentar a decis\u00e3o, Bolsonaro disse que o governo federal n\u00e3o tomar\u00e1 medidas contra quem n\u00e3o quiser se vacinar e que a decis\u00e3o do Supremo pode ser &#8220;in\u00f3cua&#8221;, porque &#8220;n\u00e3o vai ter vacina para todo mundo&#8221;.<\/p>\n<\/div>\n<div class=\"css-hl9dz2-GridComponent e57qer20\" dir=\"ltr\">\n<p class=\"css-1ikvhrr-Paragraph e1cc2ql70\" dir=\"ltr\">Doria n\u00e3o se manifestou sobre o assunto desde a decis\u00e3o do STF.<\/p>\n<p>Fonte: BBC News &#8211; 7\/1\/2020<\/p>\n<\/div>\n<\/div>\n<h4 class=\"toolkit-subtitle mt-5\"><em>\u00a0<\/em><\/h4>\n","protected":false},"excerpt":{"rendered":"<p>O governo de S\u00e3o Paulo anunciou, nesta quinta-feira (07\/01), os resultados dos testes de efic\u00e1cia da\u00a0CoronaVac, a vacina da farmac\u00eautica chinesa Sinovac que est\u00e1 sendo desenvolvida no Brasil em parceria com o Instituto Butantan. Os estudos apontaram que esta vacina protege 78% das pessoas que a tomam contra a covid-19, a doen\u00e7a causada pelo novo [&hellip;]<\/p>\n","protected":false},"author":1,"featured_media":988,"comment_status":"open","ping_status":"open","sticky":false,"template":"","format":"standard","meta":[],"categories":[3],"tags":[245,244,239,142,207,163,56],"_links":{"self":[{"href":"http:\/\/servicenterblog.institucional.ws\/index.php?rest_route=\/wp\/v2\/posts\/987"}],"collection":[{"href":"http:\/\/servicenterblog.institucional.ws\/index.php?rest_route=\/wp\/v2\/posts"}],"about":[{"href":"http:\/\/servicenterblog.institucional.ws\/index.php?rest_route=\/wp\/v2\/types\/post"}],"author":[{"embeddable":true,"href":"http:\/\/servicenterblog.institucional.ws\/index.php?rest_route=\/wp\/v2\/users\/1"}],"replies":[{"embeddable":true,"href":"http:\/\/servicenterblog.institucional.ws\/index.php?rest_route=%2Fwp%2Fv2%2Fcomments&post=987"}],"version-history":[{"count":1,"href":"http:\/\/servicenterblog.institucional.ws\/index.php?rest_route=\/wp\/v2\/posts\/987\/revisions"}],"predecessor-version":[{"id":989,"href":"http:\/\/servicenterblog.institucional.ws\/index.php?rest_route=\/wp\/v2\/posts\/987\/revisions\/989"}],"wp:featuredmedia":[{"embeddable":true,"href":"http:\/\/servicenterblog.institucional.ws\/index.php?rest_route=\/wp\/v2\/media\/988"}],"wp:attachment":[{"href":"http:\/\/servicenterblog.institucional.ws\/index.php?rest_route=%2Fwp%2Fv2%2Fmedia&parent=987"}],"wp:term":[{"taxonomy":"category","embeddable":true,"href":"http:\/\/servicenterblog.institucional.ws\/index.php?rest_route=%2Fwp%2Fv2%2Fcategories&post=987"},{"taxonomy":"post_tag","embeddable":true,"href":"http:\/\/servicenterblog.institucional.ws\/index.php?rest_route=%2Fwp%2Fv2%2Ftags&post=987"}],"curies":[{"name":"wp","href":"https:\/\/api.w.org\/{rel}","templated":true}]}}