{"id":980,"date":"2020-12-11T15:35:36","date_gmt":"2020-12-11T17:35:36","guid":{"rendered":"http:\/\/servicentermedic1.hospedagemdesites.ws\/blog\/?p=980"},"modified":"2020-12-11T15:35:36","modified_gmt":"2020-12-11T17:35:36","slug":"coronavac-10-perguntas-para-entender-a-vacina-do-butantan","status":"publish","type":"post","link":"http:\/\/servicenterblog.institucional.ws\/?p=980","title":{"rendered":"CoronaVac: 10 perguntas para entender a vacina do Butantan"},"content":{"rendered":"<div class=\"css-hl9dz2-GridComponent e57qer20\" dir=\"ltr\">\n<p class=\"css-1ikvhrr-Paragraph e1cc2ql70\" dir=\"ltr\"><b>O Butantan anunciou na quinta-feira (10\/12) que come\u00e7ou a fabricar a\u00a0<\/b><a class=\"css-h9s9st-InlineLink e1cs6q200\" href=\"https:\/\/www.bbc.com\/portuguese\/topics\/cxnyknq5p9kt\">CoronaVac<\/a><b>, vacina contra o novo coronav\u00edrus desenvolvida pela farmac\u00eautica chinesa Sinovac em parceria com o instituto.<\/b><\/p>\n<\/div>\n<div class=\"css-hl9dz2-GridComponent e57qer20\" dir=\"ltr\">\n<p class=\"css-1ikvhrr-Paragraph e1cc2ql70\" dir=\"ltr\">&#8220;\u00c9 a primeira vacina contra a covid-19 produzida no Brasil&#8221;, disse Dimas Covas, diretor do Butantan.<\/p>\n<\/div>\n<div class=\"css-hl9dz2-GridComponent e57qer20\" dir=\"ltr\">\n<p class=\"css-1ikvhrr-Paragraph e1cc2ql70\" dir=\"ltr\">O instituto come\u00e7ou a produ\u00e7\u00e3o na quarta-feira e adotou desde ent\u00e3o um regime de fabrica\u00e7\u00e3o intensivo para ter prontas em janeiro 40 milh\u00f5es das 46 milh\u00f5es de doses que o governo de S\u00e3o Paulo espera ter em m\u00e3os para dar in\u00edcio ao seu plano de imuniza\u00e7\u00e3o. As outras 6 milh\u00f5es s\u00e3o importadas da China.<\/p>\n<p>Mesmo sem ter ainda os resultados da efic\u00e1cia da vacina, que s\u00e3o cruciais para registrar a CoronaVac junto \u00e0 Ag\u00eancia Nacional de Vigil\u00e2ncia Sanit\u00e1ria (Anvisa), o governo paulista anunciou na \u00faltima segunda-feira (07\/12) que dar\u00e1 in\u00edcio \u00e0 vacina\u00e7\u00e3o em 25 de janeiro.<\/p>\n<div class=\"css-hl9dz2-GridComponent e57qer20\" dir=\"ltr\">\n<p class=\"css-1ikvhrr-Paragraph e1cc2ql70\" dir=\"ltr\">Com mais de 69 milh\u00f5es de infectados e 1,5 milh\u00e3o de mortos no mundo por causa da covid-19, h\u00e1 uma grande expectativa em torno n\u00e3o apenas dessa, mas das 214 vacinas que est\u00e3o sendo desenvolvidas atualmente contra o coronav\u00edrus, de acordo com dados da Organiza\u00e7\u00e3o Mundial da Sa\u00fade.<\/p>\n<\/div>\n<div class=\"css-hl9dz2-GridComponent e57qer20\" dir=\"ltr\">\n<p class=\"css-1ikvhrr-Paragraph e1cc2ql70\" dir=\"ltr\">Desse total, 52 j\u00e1 est\u00e3o sendo testadas em humanos, das quais 13 est\u00e3o na \u00faltima fase desta etapa de pesquisa, a chamada fase 3, quando se verifica a efic\u00e1cia. Entre elas, est\u00e1 a CoronaVac.<\/p>\n<div class=\"css-hl9dz2-GridComponent e57qer20\" dir=\"ltr\">\n<h3 id=\"O-que-dizem-as-pesquisas-at\u00e9-o-momento\" class=\"css-4qzrek-SubHeading e14hemmw1\" tabindex=\"-1\">O que dizem as pesquisas at\u00e9 o momento?<\/h3>\n<\/div>\n<div class=\"css-hl9dz2-GridComponent e57qer20\" dir=\"ltr\">\n<p class=\"css-1ikvhrr-Paragraph e1cc2ql70\" dir=\"ltr\">Os estudos da vacina da Sinovac come\u00e7aram a ser feitos no in\u00edcio de maio na China.<\/p>\n<\/div>\n<div class=\"css-hl9dz2-GridComponent e57qer20\" dir=\"ltr\">\n<p class=\"css-1ikvhrr-Paragraph e1cc2ql70\" dir=\"ltr\">As duas primeiras fases investigaram se o imunizante \u00e9 seguro e se consegue gerar uma resposta do sistema imunol\u00f3gico. Ao todo, participaram 743 volunt\u00e1rios, com idades entre 18 e 59 anos.<\/p>\n<\/div>\n<div class=\"css-hl9dz2-GridComponent e57qer20\" dir=\"ltr\">\n<p class=\"css-1ikvhrr-Paragraph e1cc2ql70\" dir=\"ltr\">A CoronaVac teve bons resultados em ambos os crit\u00e9rios. Os resultados foram divulgados no in\u00edcio de agosto e\u00a0<a class=\"css-h9s9st-InlineLink e1cs6q200\" href=\"https:\/\/www.thelancet.com\/journals\/laninf\/article\/PIIS1473-3099(20)30843-4\/fulltext\" aria-label=\"publicados na revista The Lancet, externo\">publicados na revista The Lancet<\/a>, uma das mais prestigiadas do meio cient\u00edfico, em meados de novembro.<\/p>\n<\/div>\n<div class=\"css-hl9dz2-GridComponent e57qer20\" dir=\"ltr\">\n<p class=\"css-1ikvhrr-Paragraph e1cc2ql70\" dir=\"ltr\">A pesquisa testou duas dosagens do imunizante, uma mais baixa (3\u00b5g) e outra mais alta (6 ug) e concluiu que a aplica\u00e7\u00e3o da menor dose era a mais indicada.<\/p>\n<\/div>\n<div class=\"css-hl9dz2-GridComponent e57qer20\" dir=\"ltr\">\n<p class=\"css-1ikvhrr-Paragraph e1cc2ql70\" dir=\"ltr\">Dentre os que tomaram essa dose, 97% apresentaram uma resposta imunol\u00f3gica, ou seja, a vacina induziu \u00e0 produ\u00e7\u00e3o de anticorpos, que foram detectados no organismo at\u00e9 28 dias depois da aplica\u00e7\u00e3o da segunda dose da vacina, prazo limite de avalia\u00e7\u00e3o usado no estudo.<\/p>\n<\/div>\n<div class=\"css-hl9dz2-GridComponent e57qer20\" dir=\"ltr\">\n<p class=\"css-1ikvhrr-Paragraph e1cc2ql70\" dir=\"ltr\">O estudo concluiu que a vacina \u00e9 segura ao apontar que nenhum efeito colateral grave relacionado \u00e0 vacina foi identificado dentro dos 28 dias em nenhuma das duas fases da pesquisa.<\/p>\n<div class=\"css-hl9dz2-GridComponent e57qer20\" dir=\"ltr\">\n<p class=\"css-1ikvhrr-Paragraph e1cc2ql70\" dir=\"ltr\">A taxa de eventos adversos entre os participantes variou entre 13% e 38%, conforme a fase do estudo, a dose tomada e o momento em que a avalia\u00e7\u00e3o foi feita.<\/p>\n<\/div>\n<div class=\"css-hl9dz2-GridComponent e57qer20\" dir=\"ltr\">\n<p class=\"css-1ikvhrr-Paragraph e1cc2ql70\" dir=\"ltr\">A maioria dos eventos adversos foram leves, sendo o mais frequente dor no local da inje\u00e7\u00e3o, e os pacientes se recuperaram em at\u00e9 48 horas.<\/p>\n<\/div>\n<div class=\"css-hl9dz2-GridComponent e57qer20\" dir=\"ltr\">\n<p class=\"css-1ikvhrr-Paragraph e1cc2ql70\" dir=\"ltr\">A seguran\u00e7a da vacina foi atestada tamb\u00e9m pelos estudos de efic\u00e1cia realizados no Brasil com 9 mil volunt\u00e1rios nacionais.<\/p>\n<\/div>\n<div class=\"css-hl9dz2-GridComponent e57qer20\" dir=\"ltr\">\n<p class=\"css-1ikvhrr-Paragraph e1cc2ql70\" dir=\"ltr\"><a class=\"css-h9s9st-InlineLink e1cs6q200\" href=\"https:\/\/www.bbc.com\/portuguese\/brasil-54609665\">Resultados preliminares divulgados no final de outubro<\/a>\u00a0apontaram que 35% dos participantes tiveram efeitos adversos.<\/p>\n<\/div>\n<div class=\"css-hl9dz2-GridComponent e57qer20\" dir=\"ltr\">\n<p class=\"css-1ikvhrr-Paragraph e1cc2ql70\" dir=\"ltr\">Os mais comuns foram dor, edema e incha\u00e7o no local da aplica\u00e7\u00e3o, dor de cabe\u00e7a e fadiga. N\u00e3o foram detectados efeitos colaterais graves.<\/p>\n<\/div>\n<div class=\"css-hl9dz2-GridComponent e57qer20\" dir=\"ltr\">\n<p class=\"css-1ikvhrr-Paragraph e1cc2ql70\" dir=\"ltr\">Mas mostrar que a vacina \u00e9 segura n\u00e3o quer dizer muita coisa, afirma Jorge Kalil, diretor do Laborat\u00f3rio de Imunologia do Instituto do Cora\u00e7\u00e3o (Incor).<\/p>\n<\/div>\n<div class=\"css-hl9dz2-GridComponent e57qer20\" dir=\"ltr\">\n<p class=\"css-1ikvhrr-Paragraph e1cc2ql70\" dir=\"ltr\">&#8220;Para registrar uma vacina, o mais importante \u00e9 a efic\u00e1cia. Precisa ver se ela protegeu contra a doen\u00e7a, se ela deixou a doen\u00e7a mais branda&#8221;, diz Kalil.<\/p>\n<\/div>\n<div class=\"css-hl9dz2-GridComponent e57qer20\" dir=\"ltr\">\n<h3 id=\"A-CoronaVac-protege-contra-a-covid19\" class=\"css-4qzrek-SubHeading e14hemmw1\" tabindex=\"-1\">A CoronaVac protege contra a covid-19?<\/h3>\n<\/div>\n<div class=\"css-hl9dz2-GridComponent e57qer20\" dir=\"ltr\">\n<p class=\"css-1ikvhrr-Paragraph e1cc2ql70\" dir=\"ltr\">\u00c9 exatamente isso que os testes de fase 3 est\u00e3o investigando. Eles est\u00e3o sendo realizados n\u00e3o s\u00f3 no Brasil, mas tamb\u00e9m na Indon\u00e9sia, na Turquia e no Chile.<\/p>\n<\/div>\n<div class=\"css-hl9dz2-GridComponent e57qer20\" dir=\"ltr\">\n<p class=\"css-1ikvhrr-Paragraph e1cc2ql70\" dir=\"ltr\">No Brasil, os testes de fase 3 s\u00e3o feitos pelo Butantan com 13 mil profissionais de sa\u00fade volunt\u00e1rios com idades entre 18 e 59 anos.<\/p>\n<\/div>\n<div class=\"css-hl9dz2-GridComponent e57qer20\" dir=\"ltr\">\n<p class=\"css-1ikvhrr-Paragraph e1cc2ql70\" dir=\"ltr\">Eles s\u00e3o divididos em dois grupos: um recebe a vacina e outro, placebo. Nem os participantes nem os pesquisadores sabem em qual grupo est\u00e1 cada volunt\u00e1rio.<\/p>\n<\/div>\n<div class=\"css-hl9dz2-GridComponent e57qer20\" dir=\"ltr\">\n<p class=\"css-1ikvhrr-Paragraph e1cc2ql70\" dir=\"ltr\">Ao fim do estudo, ser\u00e1 analisada a propor\u00e7\u00e3o de pessoas que receberam a vacina e ficaram doentes para atestar sua efic\u00e1cia.<\/p>\n<\/div>\n<div class=\"css-hl9dz2-GridComponent e57qer20\" dir=\"ltr\">\n<p class=\"css-1ikvhrr-Paragraph e1cc2ql70\" dir=\"ltr\">Mas o protocolo da pesquisa prev\u00ea que an\u00e1lises preliminares de efic\u00e1cia podem ser feitas quando ao menos 61 ou 151 casos de covid-19 estejam confirmados entre os participantes.<\/p>\n<div class=\"css-hl9dz2-GridComponent e57qer20\" dir=\"ltr\">\n<p class=\"css-1ikvhrr-Paragraph e1cc2ql70\" dir=\"ltr\">Isso foi atingido no final de novembro, segundo o governo de S\u00e3o Paulo, quando o primeiro patamar foi ultrapassado, com 74 casos confirmados.<\/p>\n<\/div>\n<div class=\"css-hl9dz2-GridComponent e57qer20\" dir=\"ltr\">\n<p class=\"css-1ikvhrr-Paragraph e1cc2ql70\" dir=\"ltr\">Isso permite que um comit\u00ea de especialistas tenha acesso aos dados para saber de qual grupo fazem parte essas pessoas que ficaram doentes e avaliar se a vacina funciona ou n\u00e3o.<\/p>\n<\/div>\n<div class=\"css-hl9dz2-GridComponent e57qer20\" dir=\"ltr\">\n<p class=\"css-1ikvhrr-Paragraph e1cc2ql70\" dir=\"ltr\">Se nestas an\u00e1lises a maioria dos que ficaram doentes estiver no grupo que tomou placebo, o comit\u00ea poder\u00e1 concluir que a efic\u00e1cia foi comprovada, o que permitir\u00e1 apresentar esses resultados \u00e0 Anvisa para solicitar o registro da vacina ou uma permiss\u00e3o de uso em regime emergencial.<\/p>\n<\/div>\n<div class=\"css-hl9dz2-GridComponent e57qer20\" dir=\"ltr\">\n<p class=\"css-1ikvhrr-Paragraph e1cc2ql70\" dir=\"ltr\">A expectativa do Butantan e do governo de S\u00e3o Paulo \u00e9 que a an\u00e1lise do resultados sejam conclu\u00eddos no pr\u00f3ximo dia 15.<\/p>\n<\/div>\n<div class=\"css-hl9dz2-GridComponent e57qer20\" dir=\"ltr\">\n<p class=\"css-1ikvhrr-Paragraph e1cc2ql70\" dir=\"ltr\">Caso eles n\u00e3o sejam satisfat\u00f3rios, uma segunda an\u00e1lise poder\u00e1 ser feita quando houver 151 casos confirmados. &#8220;N\u00e3o consideramos essa possibilidade no momento&#8221;, declarou Dimas Covas.<\/p>\n<\/div>\n<div class=\"css-hl9dz2-GridComponent e57qer20\" dir=\"ltr\">\n<h2 id=\"Qual-\u00e9-a-taxa-de-efic\u00e1cia-que-uma-vacina-deve-ter\" class=\"css-4qzrek-SubHeading e14hemmw1\" tabindex=\"-1\">Qual \u00e9 a taxa de efic\u00e1cia que uma vacina deve ter?<\/h2>\n<\/div>\n<div class=\"css-hl9dz2-GridComponent e57qer20\" dir=\"ltr\">\n<p class=\"css-1ikvhrr-Paragraph e1cc2ql70\" dir=\"ltr\">A imunologista Cristina Bonorino, professora da Universidade Federal de Ci\u00eancias da Sa\u00fade de Porto Alegre, diz que, em geral, uma vacina deve ter uma taxa de efic\u00e1cia de 70%, ou seja, ser capaz de proteger sete em cada dez pessoas que a tomarem.<\/p>\n<\/div>\n<div class=\"css-hl9dz2-GridComponent e57qer20\" dir=\"ltr\">\n<p class=\"css-1ikvhrr-Paragraph e1cc2ql70\" dir=\"ltr\">&#8220;Porque a\u00ed a gente consegue atingir a chamada\u00a0<a class=\"css-h9s9st-InlineLink e1cs6q200\" href=\"https:\/\/www.bbc.com\/portuguese\/brasil-53453245\">imunidade de rebanho<\/a>, e h\u00e1 uma chance maior de proteger a popula\u00e7\u00e3o como um todo&#8221;, afirma Bonorino.<\/p>\n<\/div>\n<div class=\"css-hl9dz2-GridComponent e57qer20\" dir=\"ltr\">\n<p class=\"css-1ikvhrr-Paragraph e1cc2ql70\" dir=\"ltr\">Dimas Covas j\u00e1 declarou anteriormente que deve pedir o registro \u00e0 Anvisa caso a CoronaVac tenha uma efic\u00e1cia de ao menos 50%.<\/p>\n<\/div>\n<div class=\"css-hl9dz2-GridComponent e57qer20\" dir=\"ltr\">\n<p class=\"css-1ikvhrr-Paragraph e1cc2ql70\" dir=\"ltr\">A pr\u00f3pria Anvisa j\u00e1 indicou que pode aceitar uma efic\u00e1cia neste patamar, diante da situa\u00e7\u00e3o de emerg\u00eancia criada pelo novo coronav\u00edrus.<\/p>\n<\/div>\n<div class=\"css-hl9dz2-GridComponent e57qer20\" dir=\"ltr\">\n<h3 id=\"Como-funciona-a-CoronaVac\" class=\"css-4qzrek-SubHeading e14hemmw1\" tabindex=\"-1\">Como funciona a CoronaVac?<\/h3>\n<\/div>\n<div class=\"css-hl9dz2-GridComponent e57qer20\" dir=\"ltr\">\n<p class=\"css-1ikvhrr-Paragraph e1cc2ql70\" dir=\"ltr\">A vacina da Sinovac usa v\u00edrus inativados, ou seja, que foram expostos em laborat\u00f3rio a calor e produtos qu\u00edmicos para n\u00e3o serem capazes de se reproduzir.<\/p>\n<\/div>\n<div class=\"css-hl9dz2-GridComponent e57qer20\" dir=\"ltr\">\n<p class=\"css-1ikvhrr-Paragraph e1cc2ql70\" dir=\"ltr\">Por isso, eles n\u00e3o conseguem nos deixar doentes, mas isso \u00e9 suficiente para gerar uma resposta imune e criar no nosso organismo uma mem\u00f3ria de como nos defender contra uma amea\u00e7a.<\/p>\n<\/div>\n<div class=\"css-hl9dz2-GridComponent e57qer20\" dir=\"ltr\">\n<p class=\"css-1ikvhrr-Paragraph e1cc2ql70\" dir=\"ltr\">O processo come\u00e7a logo ap\u00f3s a aplica\u00e7\u00e3o da vacina. As c\u00e9lulas que d\u00e3o in\u00edcio \u00e0 resposta imune encontram os v\u00edrus inativados e os capturam, ativando os linf\u00f3citos, c\u00e9lulas especializadas capazes de combater microrganismos.<\/p>\n<div class=\"css-hl9dz2-GridComponent e57qer20\" dir=\"ltr\">\n<p class=\"css-1ikvhrr-Paragraph e1cc2ql70\" dir=\"ltr\">Os linf\u00f3citos produzem anticorpos, que se ligam aos v\u00edrus para impedir que eles infectem nossas c\u00e9lulas.<\/p>\n<\/div>\n<div class=\"css-hl9dz2-GridComponent e57qer20\" dir=\"ltr\">\n<p class=\"css-1ikvhrr-Paragraph e1cc2ql70\" dir=\"ltr\">Enquanto isso, estimulam a produ\u00e7\u00e3o e recrutam outras c\u00e9lulas do sistema imune, que come\u00e7am a destruir as c\u00e9lulas que j\u00e1 foram infectadas pelos v\u00edrus da vacina.<\/p>\n<\/div>\n<div class=\"css-hl9dz2-GridComponent e57qer20\" dir=\"ltr\">\n<p class=\"css-1ikvhrr-Paragraph e1cc2ql70\" dir=\"ltr\">Os linf\u00f3citos se diferenciam em c\u00e9lulas de mem\u00f3ria, que permanecem no corpo e permitem uma rea\u00e7\u00e3o imune mais \u00e1gil se o v\u00edrus nos infectar de novo.<\/p>\n<\/div>\n<div class=\"css-hl9dz2-GridComponent e57qer20\" dir=\"ltr\">\n<h3 id=\"Quais-s\u00e3o-as-vantagens-e-desvantagens-da-tecnologia-da-CoronaVac\" class=\"css-4qzrek-SubHeading e14hemmw1\" tabindex=\"-1\">Quais s\u00e3o as vantagens e desvantagens da tecnologia da CoronaVac?<\/h3>\n<\/div>\n<div class=\"css-hl9dz2-GridComponent e57qer20\" dir=\"ltr\">\n<p class=\"css-1ikvhrr-Paragraph e1cc2ql70\" dir=\"ltr\">A vacina da Sinovac usa uma tecnologia bastante tradicional de imuniza\u00e7\u00e3o, desenvolvida h\u00e1 cerca de 70 anos, diz o imunologista Aguinaldo Pinto, professor da Universidade Federal de Santa Catarina.<\/p>\n<\/div>\n<div class=\"css-hl9dz2-GridComponent e57qer20\" dir=\"ltr\">\n<p class=\"css-1ikvhrr-Paragraph e1cc2ql70\" dir=\"ltr\">&#8220;N\u00e3o h\u00e1 nada de novo na tecnologia por tr\u00e1s dessa vacina. Temos muitas vacinas de v\u00edrus inativados sendo comercializadas hoje&#8221;, afirma Pinto.<\/p>\n<\/div>\n<div class=\"css-hl9dz2-GridComponent e57qer20\" dir=\"ltr\">\n<p class=\"css-1ikvhrr-Paragraph e1cc2ql70\" dir=\"ltr\">Entre as que tomamos de rotina que utilizam essa tecnologia, est\u00e3o as de gripe, hepatite A e poliomielite (na vers\u00e3o injet\u00e1vel).<\/p>\n<\/div>\n<div class=\"css-hl9dz2-GridComponent e57qer20\" dir=\"ltr\">\n<p class=\"css-1ikvhrr-Paragraph e1cc2ql70\" dir=\"ltr\">A seu favor, conta a experi\u00eancia de d\u00e9cadas no seu uso em sa\u00fade p\u00fablica e sua seguran\u00e7a.<\/p>\n<\/div>\n<div class=\"css-hl9dz2-GridComponent e57qer20\" dir=\"ltr\">\n<p class=\"css-1ikvhrr-Paragraph e1cc2ql70\" dir=\"ltr\">Mas elas s\u00e3o mais caras para serem produzidas, porque \u00e9 necess\u00e1rio cultivar uma grande quantidade de v\u00edrus em laborat\u00f3rio, que devem ent\u00e3o ser submetidos ao processo de inativa\u00e7\u00e3o.<\/p>\n<div class=\"css-hl9dz2-GridComponent e57qer20\" dir=\"ltr\">\n<h3 id=\"Como-\u00e9-feita-a-produ\u00e7\u00e3o-pelo-Butantan\" class=\"css-4qzrek-SubHeading e14hemmw1\" tabindex=\"-1\">Como \u00e9 feita a produ\u00e7\u00e3o pelo Butantan?<\/h3>\n<\/div>\n<div class=\"css-hl9dz2-GridComponent e57qer20\" dir=\"ltr\">\n<p class=\"css-1ikvhrr-Paragraph e1cc2ql70\" dir=\"ltr\">O instituto anunciou que a fabrica\u00e7\u00e3o ocorrer\u00e1 em turnos sucessivos, sete dias por semana, para que a produ\u00e7\u00e3o di\u00e1ria alcance a capacidade de 1 milh\u00e3o de doses por dia.<\/p>\n<\/div>\n<div class=\"css-hl9dz2-GridComponent e57qer20\" dir=\"ltr\">\n<p class=\"css-1ikvhrr-Paragraph e1cc2ql70\" dir=\"ltr\">Desta forma, a f\u00e1brica funciona sem parar, 24 horas por dia, para dar conta da demanda. At\u00e9 outubro, a opera\u00e7\u00e3o era de segunda a sexta-feira, em dois turnos.<\/p>\n<\/div>\n<div class=\"css-hl9dz2-GridComponent e57qer20\" dir=\"ltr\">\n<p class=\"css-1ikvhrr-Paragraph e1cc2ql70\" dir=\"ltr\">Atualmente, a f\u00e1brica tem 245 profissionais. Outros 120 ser\u00e3o contratados para refor\u00e7ar a produ\u00e7\u00e3o da vacina.<\/p>\n<\/div>\n<div class=\"css-hl9dz2-GridComponent e57qer20\" dir=\"ltr\">\n<p class=\"css-1ikvhrr-Paragraph e1cc2ql70\" dir=\"ltr\">O primeiro lote ter\u00e1 aproximadamente 300 mil doses. O Butantan espera, assim, ter at\u00e9 janeiro 40 milh\u00f5es de doses prontas produzidas localmente.<\/p>\n<\/div>\n<div class=\"css-hl9dz2-GridComponent e57qer20\" dir=\"ltr\">\n<p class=\"css-1ikvhrr-Paragraph e1cc2ql70\" dir=\"ltr\">Outras 6 milh\u00f5es de doses ser\u00e3o importadas da China, das quais 120 mil j\u00e1 est\u00e3o no Brasil.<\/p>\n<\/div>\n<div class=\"css-hl9dz2-GridComponent e57qer20\" dir=\"ltr\">\n<h3 id=\"Como-ser\u00e1-a-vacina\u00e7\u00e3o\" class=\"css-4qzrek-SubHeading e14hemmw1\" tabindex=\"-1\">Como ser\u00e1 a vacina\u00e7\u00e3o?<\/h3>\n<\/div>\n<div class=\"css-hl9dz2-GridComponent e57qer20\" dir=\"ltr\">\n<p class=\"css-1ikvhrr-Paragraph e1cc2ql70\" dir=\"ltr\">O governo de S\u00e3o Paulo anunciou em 7 de dezembro\u00a0que a vacina\u00e7\u00e3o com a CoronaVac ter\u00e1 in\u00edcio em 25 de janeiro, embora ela n\u00e3o tenha sido aprovada ainda pela Anvisa.<\/p>\n<\/div>\n<div class=\"css-hl9dz2-GridComponent e57qer20\" dir=\"ltr\">\n<p class=\"css-1ikvhrr-Paragraph e1cc2ql70\" dir=\"ltr\">Por enquanto, foram anunciados os detalhes apenas da primeira fase do plano de imuniza\u00e7\u00e3o, que tem como p\u00fablico-alvo profissionais de sa\u00fade, pessoas com mais de 60 anos, ind\u00edgenas e quilombolas.<\/p>\n<\/div>\n<div class=\"css-hl9dz2-GridComponent e57qer20\" dir=\"ltr\">\n<p class=\"css-1ikvhrr-Paragraph e1cc2ql70\" dir=\"ltr\">De acordo com o governo paulista, estes grupos respondem por 77% das mortes causadas pelo novo coronav\u00edrus no Estado.<\/p>\n<\/div>\n<div class=\"css-hl9dz2-GridComponent e57qer20\" dir=\"ltr\">\n<p class=\"css-1ikvhrr-Paragraph e1cc2ql70\" dir=\"ltr\">Isso implicar\u00e1 na vacina\u00e7\u00e3o de 9 milh\u00f5es de pessoas e no uso de 18 milh\u00f5es de doses, porque cada pessoa deve tomar duas doses da CoronaVac, com uma diferen\u00e7a de 21 dias entre elas.<\/p>\n<\/div>\n<div class=\"css-hl9dz2-GridComponent e57qer20\" dir=\"ltr\">\n<p class=\"css-1ikvhrr-Paragraph e1cc2ql70\" dir=\"ltr\">A vacina\u00e7\u00e3o ser\u00e1 gratuita e realizada por meio de 10 mil postos de vacina\u00e7\u00e3o, dos quais 4,8 mil ser\u00e3o novos locais, criados especialmente para a campanha, com o uso provis\u00f3rio de escolas, quart\u00e9is e farm\u00e1cias, por exemplo.<\/p>\n<\/div>\n<div class=\"css-hl9dz2-GridComponent e57qer20\" dir=\"ltr\">\n<p class=\"css-1ikvhrr-Paragraph e1cc2ql70\" dir=\"ltr\">A previs\u00e3o \u00e9 que a primeira fase do plano esteja conclu\u00edda at\u00e9 28 de mar\u00e7o, quando o governo paulista estima que 20% dos 46 milh\u00f5es de habitantes do Estado estar\u00e3o imunizados.<\/p>\n<\/div>\n<div class=\"css-hl9dz2-GridComponent e57qer20\" dir=\"ltr\">\n<p class=\"css-1ikvhrr-Paragraph e1cc2ql70\" dir=\"ltr\">A primeira fase do plano seguir\u00e1 o seguinte calend\u00e1rio, para evitar aglomera\u00e7\u00f5es nos postos de sa\u00fade:<\/p>\n<\/div>\n<div class=\"css-hl9dz2-GridComponent e57qer20\" dir=\"ltr\">\n<p class=\"css-1ikvhrr-Paragraph e1cc2ql70\" dir=\"ltr\"><b>* profissionais da Sa\u00fade, ind\u00edgenas e quilombolas:\u00a0<\/b>25\/01 (1\u00aa dose) e 15\/02 (2\u00aa dose);<\/p>\n<\/div>\n<div class=\"css-hl9dz2-GridComponent e57qer20\" dir=\"ltr\">\n<p class=\"css-1ikvhrr-Paragraph e1cc2ql70\" dir=\"ltr\"><b>* pessoas com 75 anos ou mais:\u00a0<\/b>08\/02 (1\u00aa dose) e 01\/03 (2\u00aa dose);<\/p>\n<\/div>\n<div class=\"css-hl9dz2-GridComponent e57qer20\" dir=\"ltr\">\n<p class=\"css-1ikvhrr-Paragraph e1cc2ql70\" dir=\"ltr\"><b>* pessoas com 70 a 74 anos:<\/b>\u00a015\/02 (1\u00aa dose) e 03\/03 (2\u00aa dose);<\/p>\n<\/div>\n<div class=\"css-hl9dz2-GridComponent e57qer20\" dir=\"ltr\">\n<p class=\"css-1ikvhrr-Paragraph e1cc2ql70\" dir=\"ltr\"><b>* pessoas com 65 a 69 anos:<\/b>\u00a022\/02 (1\u00aa dose) e 15\/03 (2\u00aa dose)<\/p>\n<\/div>\n<div class=\"css-hl9dz2-GridComponent e57qer20\" dir=\"ltr\">\n<p class=\"css-1ikvhrr-Paragraph e1cc2ql70\" dir=\"ltr\"><b>* pessoas com 60 a 64 anos:\u00a0<\/b>01\/03 (1\u00aa dose) e 22\/03 (2\u00aa dose)<\/p>\n<\/div>\n<div class=\"css-hl9dz2-GridComponent e57qer20\" dir=\"ltr\">\n<p class=\"css-1ikvhrr-Paragraph e1cc2ql70\" dir=\"ltr\">Cada grupo dever\u00e1 procurar os postos de vacina\u00e7\u00e3o ao longo da semana seguinte ap\u00f3s a data de in\u00edcio. O atendimento ser\u00e1 das 7h \u00e0s 22h de segunda a sexta e das 7h \u00e0s 17h aos s\u00e1bados, domingos e feriados.<\/p>\n<\/div>\n<div class=\"css-hl9dz2-GridComponent e57qer20\" dir=\"ltr\">\n<p class=\"css-1ikvhrr-Paragraph e1cc2ql70\" dir=\"ltr\">Tudo ser\u00e1 feito apenas pelo sistema p\u00fablico de sa\u00fade, e n\u00e3o h\u00e1 previs\u00e3o por enquanto de aplica\u00e7\u00e3o na rede privada.<\/p>\n<\/div>\n<div class=\"css-hl9dz2-GridComponent e57qer20\" dir=\"ltr\">\n<p class=\"css-1ikvhrr-Paragraph e1cc2ql70\" dir=\"ltr\">O governador Jo\u00e3o Doria disse que n\u00e3o ser\u00e1 preciso comprovar a resid\u00eancia no Estado para ser vacinado. &#8220;Todo e qualquer brasileiro que estiver em solo do Estado e pedir a vacina ser\u00e1 vacinado&#8221;, afirmou.<\/p>\n<\/div>\n<div class=\"css-hl9dz2-GridComponent e57qer20\" dir=\"ltr\">\n<p class=\"css-1ikvhrr-Paragraph e1cc2ql70\" dir=\"ltr\">Ainda n\u00e3o foram divulgados detalhes sobre as pr\u00f3ximas etapas do plano de imuniza\u00e7\u00e3o.<\/p>\n<div class=\"css-hl9dz2-GridComponent e57qer20\" dir=\"ltr\">\n<h3 id=\"Vai-ser-obrigat\u00f3rio-tomar-a-vacina\" class=\"css-4qzrek-SubHeading e14hemmw1\" tabindex=\"-1\">Vai ser obrigat\u00f3rio tomar a vacina?<\/h3>\n<\/div>\n<div class=\"css-hl9dz2-GridComponent e57qer20\" dir=\"ltr\">\n<p class=\"css-1ikvhrr-Paragraph e1cc2ql70\" dir=\"ltr\">Jo\u00e3o Doria disse em meados de outubro que a vacina contra a covid-19 seria obrigat\u00f3ria em todo o Estado. Segundo Doria, somente quem tiver um atestado m\u00e9dico que comprove que ele n\u00e3o pode ser imunizado seria liberado.<\/p>\n<\/div>\n<div class=\"css-hl9dz2-GridComponent e57qer20\" dir=\"ltr\">\n<p class=\"css-1ikvhrr-Paragraph e1cc2ql70\" dir=\"ltr\">&#8220;Adotaremos medidas legais se houver contrariedade nesse sentido&#8221;, disse o governador na \u00e9poca.<\/p>\n<\/div>\n<div class=\"css-hl9dz2-GridComponent e57qer20\" dir=\"ltr\">\n<p class=\"css-1ikvhrr-Paragraph e1cc2ql70\" dir=\"ltr\">No mesmo dia, o presidente Jair Bolsonaro (sem partido), que \u00e9 advers\u00e1rio pol\u00edtico de Doria, afirmou que quem ofereceria vacinas contra a covid-19 seria o Minist\u00e9rio da Sa\u00fade, mas &#8220;sem impor ou tornar a vacina obrigat\u00f3ria&#8221;.<\/p>\n<\/div>\n<div class=\"css-hl9dz2-GridComponent e57qer20\" dir=\"ltr\">\n<p class=\"css-1ikvhrr-Paragraph e1cc2ql70\" dir=\"ltr\">Desde ent\u00e3o, nem o governador nem o presidente voltaram a tratar do assunto.<\/p>\n<\/div>\n<div class=\"css-hl9dz2-GridComponent e57qer20\" dir=\"ltr\">\n<p class=\"css-1ikvhrr-Paragraph e1cc2ql70\" dir=\"ltr\">Em meio a esse embate, o Supremo Tribunal Federal (STF) dar\u00e1 seu parecer sobre se Estados e munic\u00edpios podem obrigar a popula\u00e7\u00e3o a se vacinar.<\/p>\n<\/div>\n<div class=\"css-hl9dz2-GridComponent e57qer20\" dir=\"ltr\">\n<p class=\"css-1ikvhrr-Paragraph e1cc2ql70\" dir=\"ltr\">H\u00e1 duas a\u00e7\u00f5es sobre o tema na Corte, ambas relativas \u00e0 lei criada em fevereiro que prev\u00ea medidas de combate \u00e0 pandemia, entre elas a possibilidade de vacina\u00e7\u00e3o obrigat\u00f3ria.<\/p>\n<\/div>\n<div class=\"css-hl9dz2-GridComponent e57qer20\" dir=\"ltr\">\n<p class=\"css-1ikvhrr-Paragraph e1cc2ql70\" dir=\"ltr\">Uma \u00e9 movida pelo PDT, que pede que o STF reconhe\u00e7a o direito de Estados e munic\u00edpios de impor a vacina\u00e7\u00e3o. Outra, do PTB, defende que essa possibilidade \u00e9 inconstitucional. Ambas s\u00e3o relatadas pelo ministro Ricardo Lewandowski.<\/p>\n<\/div>\n<div class=\"css-hl9dz2-GridComponent e57qer20\" dir=\"ltr\">\n<p class=\"css-1ikvhrr-Paragraph e1cc2ql70\" dir=\"ltr\">O julgamento come\u00e7aria na sexta-feira (11\/12), mas o presidente do STF, Luiz Fux, adiou a an\u00e1lise pelo plen\u00e1rio para 16 de dezembro.<\/p>\n<\/div>\n<div class=\"css-hl9dz2-GridComponent e57qer20\" dir=\"ltr\">\n<h3 id=\"A-CoronaVac-vai-estar-dispon\u00edvel-em-outros-locais-do-pa\u00eds\" class=\"css-4qzrek-SubHeading e14hemmw1\" tabindex=\"-1\">A CoronaVac vai estar dispon\u00edvel em outros locais do pa\u00eds?<\/h3>\n<\/div>\n<div class=\"css-hl9dz2-GridComponent e57qer20\" dir=\"ltr\">\n<p class=\"css-1ikvhrr-Paragraph e1cc2ql70\" dir=\"ltr\">\u00c9 prov\u00e1vel que sim. Mas as condi\u00e7\u00f5es em que isso vai acontecer ainda s\u00e3o incertas.<\/p>\n<\/div>\n<div class=\"css-hl9dz2-GridComponent e57qer20\" dir=\"ltr\">\n<p class=\"css-1ikvhrr-Paragraph e1cc2ql70\" dir=\"ltr\">O governo de S\u00e3o Paulo disse que disponibilizar\u00e1 4 milh\u00f5es das 46 milh\u00f5es de doses j\u00e1 compradas para que outros Estados imunizem profissionais de sa\u00fade.<\/p>\n<\/div>\n<div class=\"css-hl9dz2-GridComponent e57qer20\" dir=\"ltr\">\n<p class=\"css-1ikvhrr-Paragraph e1cc2ql70\" dir=\"ltr\">De acordo com Doria, 11 j\u00e1 manifestaram interesse: Acre, Cear\u00e1, Esp\u00edrito Santo, Maranh\u00e3o, Mato Grosso do Sul, Par\u00e1, Piau\u00ed, Para\u00edba, Rio Grande do Norte, Rio Grande do Sul e Roraima.<\/p>\n<\/div>\n<div class=\"css-hl9dz2-GridComponent e57qer20\" dir=\"ltr\">\n<p class=\"css-1ikvhrr-Paragraph e1cc2ql70\" dir=\"ltr\">Doria tamb\u00e9m informou que mais de 900 munic\u00edpios j\u00e1 manifestaram interesse na vacina, mas a rela\u00e7\u00e3o n\u00e3o foi divulgada.<\/p>\n<\/div>\n<div class=\"css-hl9dz2-GridComponent e57qer20\" dir=\"ltr\">\n<p class=\"css-1ikvhrr-Paragraph e1cc2ql70\" dir=\"ltr\">Por sua vez, o ministro da Sa\u00fade, o general Eduardo Pazuello,\u00a0<a class=\"css-h9s9st-InlineLink e1cs6q200\" href=\"https:\/\/agenciabrasil.ebc.com.br\/saude\/noticia\/2020-10\/brasil-anuncia-que-vai-comprar-46-milhoes-de-doses-da-coronavac\" aria-label=\"chegou a assinar, externo\">chegou a assinar<\/a>\u00a0um protocolo de inten\u00e7\u00e3o para a aquisi\u00e7\u00e3o de 46 milh\u00f5es doses da CoronaVac.<\/p>\n<\/div>\n<div class=\"css-hl9dz2-GridComponent e57qer20\" dir=\"ltr\">\n<p class=\"css-1ikvhrr-Paragraph e1cc2ql70\" dir=\"ltr\">Mas foi no dia seguinte desautorizado por Bolsonaro\u00a0<a class=\"css-h9s9st-InlineLink e1cs6q200\" href=\"https:\/\/www.facebook.com\/jairmessias.bolsonaro\/posts\/2146049442210697\" aria-label=\"em uma mensagem pelo Facebook, externo\">em uma mensagem pelo Facebook<\/a>, na qual o presidente disse que, como o imunizante ainda n\u00e3o tinha sido autorizado pela Anvisa, sua decis\u00e3o era de &#8220;n\u00e3o adquirir a referida vacina&#8221;.<\/p>\n<\/div>\n<div class=\"css-hl9dz2-GridComponent e57qer20\" dir=\"ltr\">\n<p class=\"css-1ikvhrr-Paragraph e1cc2ql70\" dir=\"ltr\">Questionado por Doria em uma reuni\u00e3o com governadores na \u00faltima ter\u00e7a-feira (08\/12), Pazuello disse que comprar\u00e1 a CoronaVac, uma vez que ela esteja registrada na Anvisa, &#8220;se houver demanda e houver pre\u00e7o&#8221;.<\/p>\n<\/div>\n<div class=\"css-hl9dz2-GridComponent e57qer20\" dir=\"ltr\">\n<p class=\"css-1ikvhrr-Paragraph e1cc2ql70\" dir=\"ltr\">O governo pode ter de fazer isso, queira ou n\u00e3o, caso o STF considere procedentes duas a\u00e7\u00f5es.<\/p>\n<\/div>\n<div class=\"css-hl9dz2-GridComponent e57qer20\" dir=\"ltr\">\n<p class=\"css-1ikvhrr-Paragraph e1cc2ql70\" dir=\"ltr\">Uma \u00e9 movida pela Rede e pede uma liminar para que seja cumprido o protocolo de inten\u00e7\u00e3o de compra assinado por Pazuello.<\/p>\n<\/div>\n<div class=\"css-hl9dz2-GridComponent e57qer20\" dir=\"ltr\">\n<p class=\"css-1ikvhrr-Paragraph e1cc2ql70\" dir=\"ltr\">A segunda \u00e9 de autoria de cinco partidos (PCdoB, PSOL, PT, PSB e Cidadania) e pede que o governo federal seja obrigado a adquirir qualquer vacina aprovada pela Anvisa.<\/p>\n<\/div>\n<div class=\"css-hl9dz2-GridComponent e57qer20\" dir=\"ltr\">\n<p class=\"css-1ikvhrr-Paragraph e1cc2ql70\" dir=\"ltr\">Ambas as a\u00e7\u00f5es ser\u00e3o julgadas pelo plen\u00e1rio no pr\u00f3ximo dia 17.<\/p>\n<\/div>\n<div class=\"css-hl9dz2-GridComponent e57qer20\" dir=\"ltr\">\n<h3 id=\"Quem-mais-usa-a-CoronaVac-al\u00e9m-do-Brasil\" class=\"css-4qzrek-SubHeading e14hemmw1\" tabindex=\"-1\">Quem mais usa a CoronaVac al\u00e9m do Brasil?<\/h3>\n<\/div>\n<div class=\"css-hl9dz2-GridComponent e57qer20\" dir=\"ltr\">\n<p class=\"css-1ikvhrr-Paragraph e1cc2ql70\" dir=\"ltr\">Diferentemente do que disse Bolsonaro, que afirmou que nenhum outro pa\u00eds tem interesse na vacina da Sinovac, outros quatro pa\u00edses j\u00e1 aplicam ou t\u00eam planos de aplicar o imunizante.<\/p>\n<\/div>\n<div class=\"css-hl9dz2-GridComponent e57qer20\" dir=\"ltr\">\n<p class=\"css-1ikvhrr-Paragraph e1cc2ql70\" dir=\"ltr\"><b>* China:\u00a0<\/b>a CoronaVac ainda n\u00e3o foi oficialmente registrada no pa\u00eds, mas j\u00e1 est\u00e1 sendo usada, em regime emergencial, por funcion\u00e1rios do governo chin\u00eas, como profissionais de sa\u00fade e equipes que trabalham nas fronteiras. Ela \u00e9 uma das tr\u00eas vacinas que est\u00e3o sendo empregadas para este fim.<\/p>\n<\/div>\n<div class=\"css-hl9dz2-GridComponent e57qer20\" dir=\"ltr\">\n<p class=\"css-1ikvhrr-Paragraph e1cc2ql70\" dir=\"ltr\"><b>* Indon\u00e9sia:\u00a0<\/b>o pa\u00eds firmou um contrato para compra de 50 milh\u00f5es de doses. No \u00faltimo domingo (06\/11), chegaram as primeiras 1,2 milh\u00e3o. O governo indon\u00e9sio diz que vacina\u00e7\u00e3o come\u00e7ar\u00e1 em dezembro, de forma gratuita, com prioridade para os profissionais que est\u00e3o na linha de frente do combate \u00e0 pandemia.<\/p>\n<\/div>\n<div class=\"css-hl9dz2-GridComponent e57qer20\" dir=\"ltr\">\n<p class=\"css-1ikvhrr-Paragraph e1cc2ql70\" dir=\"ltr\"><b>* Turquia:\u00a0<\/b>o pa\u00eds anunciou que come\u00e7ar\u00e1 a vacina\u00e7\u00e3o no final de dezembro. O minist\u00e9rio da Sa\u00fade local tem um acordo para o fornecimento de 50 milh\u00f5es de doses. A vacina ainda n\u00e3o foi oficialmente aprovada no pa\u00eds, mas, segundo o governo turco, ser\u00e1 concedida uma autoriza\u00e7\u00e3o de uso antecipada se os laborat\u00f3rios do pa\u00eds confirmarem que a CoronaVac \u00e9 segura e ap\u00f3s a revis\u00e3o dos preliminares dos testes de efic\u00e1cia feitos no pa\u00eds.<\/p>\n<\/div>\n<div class=\"css-hl9dz2-GridComponent e57qer20\" dir=\"ltr\">\n<p class=\"css-1ikvhrr-Paragraph e1cc2ql70\" dir=\"ltr\"><b>* Chile:\u00a0<\/b>o pa\u00eds anunciou no fim de setembro ter aprovado a realiza\u00e7\u00e3o de estudos locais de efic\u00e1cia da CoronaVac. O governo do pa\u00eds fechou ainda um acordo para o fornecimento de 20 milh\u00f5es de doses.<\/p>\n<p>Fonte: BBC News Brasil<\/p>\n<\/div>\n<\/div>\n<\/div>\n<\/div>\n<\/div>\n<\/div>\n<\/div>\n<\/div>\n","protected":false},"excerpt":{"rendered":"<p>O Butantan anunciou na quinta-feira (10\/12) que come\u00e7ou a fabricar a\u00a0CoronaVac, vacina contra o novo coronav\u00edrus desenvolvida pela farmac\u00eautica chinesa Sinovac em parceria com o instituto. &#8220;\u00c9 a primeira vacina contra a covid-19 produzida no Brasil&#8221;, disse Dimas Covas, diretor do Butantan. O instituto come\u00e7ou a produ\u00e7\u00e3o na quarta-feira e adotou desde ent\u00e3o um regime [&hellip;]<\/p>\n","protected":false},"author":1,"featured_media":981,"comment_status":"open","ping_status":"open","sticky":false,"template":"","format":"standard","meta":[],"categories":[3],"tags":[239,142,162,241,240,56],"_links":{"self":[{"href":"http:\/\/servicenterblog.institucional.ws\/index.php?rest_route=\/wp\/v2\/posts\/980"}],"collection":[{"href":"http:\/\/servicenterblog.institucional.ws\/index.php?rest_route=\/wp\/v2\/posts"}],"about":[{"href":"http:\/\/servicenterblog.institucional.ws\/index.php?rest_route=\/wp\/v2\/types\/post"}],"author":[{"embeddable":true,"href":"http:\/\/servicenterblog.institucional.ws\/index.php?rest_route=\/wp\/v2\/users\/1"}],"replies":[{"embeddable":true,"href":"http:\/\/servicenterblog.institucional.ws\/index.php?rest_route=%2Fwp%2Fv2%2Fcomments&post=980"}],"version-history":[{"count":1,"href":"http:\/\/servicenterblog.institucional.ws\/index.php?rest_route=\/wp\/v2\/posts\/980\/revisions"}],"predecessor-version":[{"id":982,"href":"http:\/\/servicenterblog.institucional.ws\/index.php?rest_route=\/wp\/v2\/posts\/980\/revisions\/982"}],"wp:featuredmedia":[{"embeddable":true,"href":"http:\/\/servicenterblog.institucional.ws\/index.php?rest_route=\/wp\/v2\/media\/981"}],"wp:attachment":[{"href":"http:\/\/servicenterblog.institucional.ws\/index.php?rest_route=%2Fwp%2Fv2%2Fmedia&parent=980"}],"wp:term":[{"taxonomy":"category","embeddable":true,"href":"http:\/\/servicenterblog.institucional.ws\/index.php?rest_route=%2Fwp%2Fv2%2Fcategories&post=980"},{"taxonomy":"post_tag","embeddable":true,"href":"http:\/\/servicenterblog.institucional.ws\/index.php?rest_route=%2Fwp%2Fv2%2Ftags&post=980"}],"curies":[{"name":"wp","href":"https:\/\/api.w.org\/{rel}","templated":true}]}}