{"id":946,"date":"2020-11-04T18:24:45","date_gmt":"2020-11-04T20:24:45","guid":{"rendered":"http:\/\/servicentermedic1.hospedagemdesites.ws\/blog\/?p=946"},"modified":"2020-11-04T18:27:47","modified_gmt":"2020-11-04T20:27:47","slug":"anvisa-aprova-primeiro-spray-nasal-para-depressao","status":"publish","type":"post","link":"http:\/\/servicenterblog.institucional.ws\/?p=946","title":{"rendered":"Anvisa aprova primeiro spray nasal para depress\u00e3o"},"content":{"rendered":"<p><em>O spray inal\u00e1vel \u00e9 a maior novidade m\u00e9dica desde os primeiros antidepressivos, nos anos 50<\/em><\/p>\n<p>A Anvisa (Ag\u00eancia Nacional de Vigil\u00e2ncia Sanit\u00e1ria) aprovou nesta ter\u00e7a-feira, 3, o primeiro spray inal\u00e1vel contra a depress\u00e3o. O cloridrato de escetamina \u00e9 indicado para o tratamento de adultos com\u00a0depress\u00e3o resistente, ou seja, pessoas que n\u00e3o responderam a duas terapias anteriores, ou que tenham comportamento ou idea\u00e7\u00e3o suicida.<\/p>\n<p>O Spravato, nome comercial do produto, \u00e9 considerado o maior avan\u00e7o da ci\u00eancia contra a depress\u00e3o em meio s\u00e9culo.\u00a0 \u201cEsse \u00e9 o primeiro tratamento com um mecanismo de a\u00e7\u00e3o realmente inovador aprovado em\u00a0d\u00e9cadas e oferece uma nova op\u00e7\u00e3o para responder \u00e0s necessidades n\u00e3o atendidas dos pacientes e da comunidade m\u00e9dica\u201d,\u00a0explica o psiquiatra Pedro do Prado Lima, do Instituto do C\u00e9rebro da Pontif\u00edcia Universidade Cat\u00f3lica do Rio Grande do Sul.<\/p>\n<p>Desenvolvido pela Janssen, farmac\u00eautica da Johnson &amp; Johnson, o spray nasal tem a\u00e7\u00e3o no c\u00e9rebro mais r\u00e1pida que a de qualquer outra medica\u00e7\u00e3o no mercado, o que \u00e9 um fator fundamental para pacientes com inten\u00e7\u00f5es suicidas.<\/p>\n<p>A droga come\u00e7a a fazer efeito em poucas horas. Os antidepressivos comuns mostram seus primeiros resultados depois de cerca de um m\u00eas de tratamento.<\/p>\n<p>O medicamento funciona de maneira diferente das terapias atualmente dispon\u00edveis para a doen\u00e7a.\u00a0Os antidepressivos existentes atualmente agem nas monoaminas, como a serotonina, a dopamina e a noradrenalina. J\u00e1 a escetamina intranasal age nos receptores de glutamato N-metil-D-aspartato (NMDA), que ajudam a restaurar as conex\u00f5es sin\u00e1pticas em c\u00e9lulas cerebrais de pessoas com depress\u00e3o. A indica\u00e7\u00e3o \u00e9 que ele seja usado em conjunto com um antidepressivo oral.<\/p>\n<p>Os resultados de dois estudos cl\u00ednicos de fase 3 mostraram que a escetamina em conjunto com a terapia padr\u00e3o reduziu os sintomas depressivos em at\u00e9 24 horas ap\u00f3s a primeira dose.\u00a0Ap\u00f3s um m\u00eas de tratamento, 70% dos pacientes apresentaram melhora nos sintomas mais graves.\u00a0No entanto, produto n\u00e3o foi capaz de prevenir o suic\u00eddio ou reduzir a idea\u00e7\u00e3o ou comportamento suicida.\u00a0Dessa forma, o uso do medicamento n\u00e3o dispensa a necessidade de hospitaliza\u00e7\u00e3o em pacientes com indica\u00e7\u00e3o cl\u00ednica.<\/p>\n<p>Os principais efeitos colaterais observados durante o tratamento com escetamina incluem dissocia\u00e7\u00e3o, tontura, n\u00e1usea, seda\u00e7\u00e3o, sensa\u00e7\u00e3o de girar, vis\u00e3o emba\u00e7ada, sentido reduzido de toque e sensa\u00e7\u00e3o de girar, vis\u00e3o emba\u00e7ada, sentido reduzido de toque e sensa\u00e7\u00e3o, ansiedade, falta de energia, press\u00e3o arterial elevada, v\u00f4mito, parestesia e sensa\u00e7\u00e3o de embriaguez.<\/p>\n<p>\u201cEstamos muito orgulhosos em disponibilizar a escetamina intranasal para pacientes brasileiros com tipos de depress\u00e3o bastante\u00a0incapacitantes, para os quais as op\u00e7\u00f5es de tratamento eram escassas\u201d, diz o psiquiatra Fabio Lawson, diretor m\u00e9dico da Janssen Brasil.<\/p>\n<p>Para assegurar seu uso correto, a escetamina intranasal ser\u00e1 administrada em hospitais e cl\u00ednicas autorizadas,\u00a0sempre sob supervis\u00e3o de um profissional de sa\u00fade. O pre\u00e7o ainda n\u00e3o est\u00e1 definido no Brasil.<\/p>\n<p>Fonte: Veja<\/p>\n<p>&nbsp;<\/p>\n","protected":false},"excerpt":{"rendered":"<p>O spray inal\u00e1vel \u00e9 a maior novidade m\u00e9dica desde os primeiros antidepressivos, nos anos 50 A Anvisa (Ag\u00eancia Nacional de Vigil\u00e2ncia Sanit\u00e1ria) aprovou nesta ter\u00e7a-feira, 3, o primeiro spray inal\u00e1vel contra a depress\u00e3o. O cloridrato de escetamina \u00e9 indicado para o tratamento de adultos com\u00a0depress\u00e3o resistente, ou seja, pessoas que n\u00e3o responderam a duas terapias [&hellip;]<\/p>\n","protected":false},"author":1,"featured_media":949,"comment_status":"open","ping_status":"open","sticky":false,"template":"","format":"standard","meta":[],"categories":[3],"tags":[82,92,224],"_links":{"self":[{"href":"http:\/\/servicenterblog.institucional.ws\/index.php?rest_route=\/wp\/v2\/posts\/946"}],"collection":[{"href":"http:\/\/servicenterblog.institucional.ws\/index.php?rest_route=\/wp\/v2\/posts"}],"about":[{"href":"http:\/\/servicenterblog.institucional.ws\/index.php?rest_route=\/wp\/v2\/types\/post"}],"author":[{"embeddable":true,"href":"http:\/\/servicenterblog.institucional.ws\/index.php?rest_route=\/wp\/v2\/users\/1"}],"replies":[{"embeddable":true,"href":"http:\/\/servicenterblog.institucional.ws\/index.php?rest_route=%2Fwp%2Fv2%2Fcomments&post=946"}],"version-history":[{"count":1,"href":"http:\/\/servicenterblog.institucional.ws\/index.php?rest_route=\/wp\/v2\/posts\/946\/revisions"}],"predecessor-version":[{"id":948,"href":"http:\/\/servicenterblog.institucional.ws\/index.php?rest_route=\/wp\/v2\/posts\/946\/revisions\/948"}],"wp:featuredmedia":[{"embeddable":true,"href":"http:\/\/servicenterblog.institucional.ws\/index.php?rest_route=\/wp\/v2\/media\/949"}],"wp:attachment":[{"href":"http:\/\/servicenterblog.institucional.ws\/index.php?rest_route=%2Fwp%2Fv2%2Fmedia&parent=946"}],"wp:term":[{"taxonomy":"category","embeddable":true,"href":"http:\/\/servicenterblog.institucional.ws\/index.php?rest_route=%2Fwp%2Fv2%2Fcategories&post=946"},{"taxonomy":"post_tag","embeddable":true,"href":"http:\/\/servicenterblog.institucional.ws\/index.php?rest_route=%2Fwp%2Fv2%2Ftags&post=946"}],"curies":[{"name":"wp","href":"https:\/\/api.w.org\/{rel}","templated":true}]}}