{"id":93,"date":"2017-11-05T13:14:24","date_gmt":"2017-11-05T15:14:24","guid":{"rendered":"http:\/\/servicentermedic1.hospedagemdesites.ws\/blog\/?p=93"},"modified":"2017-11-08T13:14:38","modified_gmt":"2017-11-08T15:14:38","slug":"vacinar-e-proteger-voces-mesmo-seu-filho-e-todos-a-seu-redor","status":"publish","type":"post","link":"http:\/\/servicenterblog.institucional.ws\/?p=93","title":{"rendered":"Vacinar \u00e9 proteger voc\u00eas mesmo, seu filho e todos a seu redor"},"content":{"rendered":"<p>Para que doen\u00e7as como o sarampo, a paralisia infantil e a var\u00edola n\u00e3o voltem a circular, \u00e9 preciso que a popula\u00e7\u00e3o atinja um percentual alto de imuniza\u00e7\u00e3o coletiva, que protege tamb\u00e9m pessoas al\u00e9rgicas ou imunodeficientes que n\u00e3o podem se vacinar. Vacinar \u00e9 um ato de amor e responsabilidade para todos. Seja respons\u00e1vel, vacine-se<\/p>\n<p><img loading=\"lazy\" class=\"alignnone size-medium wp-image-94\" src=\"http:\/\/servicentermedic1.hospedagemdesites.ws\/blog\/wp-content\/uploads\/2017\/11\/23132009_1795965403755401_257520439154135105_n-300x300.jpg\" alt=\"\" width=\"300\" height=\"300\" srcset=\"http:\/\/servicenterblog.institucional.ws\/wp-content\/uploads\/2017\/11\/23132009_1795965403755401_257520439154135105_n-300x300.jpg 300w, http:\/\/servicenterblog.institucional.ws\/wp-content\/uploads\/2017\/11\/23132009_1795965403755401_257520439154135105_n-150x150.jpg 150w, http:\/\/servicenterblog.institucional.ws\/wp-content\/uploads\/2017\/11\/23132009_1795965403755401_257520439154135105_n-768x770.jpg 768w, http:\/\/servicenterblog.institucional.ws\/wp-content\/uploads\/2017\/11\/23132009_1795965403755401_257520439154135105_n.jpg 958w\" sizes=\"(max-width: 300px) 100vw, 300px\" \/><\/p>\n","protected":false},"excerpt":{"rendered":"<p>Para que doen\u00e7as como o sarampo, a paralisia infantil e a var\u00edola n\u00e3o voltem a circular, \u00e9 preciso que a popula\u00e7\u00e3o atinja um percentual alto de imuniza\u00e7\u00e3o coletiva, que protege tamb\u00e9m pessoas al\u00e9rgicas ou imunodeficientes que n\u00e3o podem se vacinar. Vacinar \u00e9 um ato de amor e responsabilidade para todos. Seja respons\u00e1vel, vacine-se<\/p>\n","protected":false},"author":1,"featured_media":94,"comment_status":"open","ping_status":"open","sticky":false,"template":"","format":"standard","meta":[],"categories":[3],"tags":[],"_links":{"self":[{"href":"http:\/\/servicenterblog.institucional.ws\/index.php?rest_route=\/wp\/v2\/posts\/93"}],"collection":[{"href":"http:\/\/servicenterblog.institucional.ws\/index.php?rest_route=\/wp\/v2\/posts"}],"about":[{"href":"http:\/\/servicenterblog.institucional.ws\/index.php?rest_route=\/wp\/v2\/types\/post"}],"author":[{"embeddable":true,"href":"http:\/\/servicenterblog.institucional.ws\/index.php?rest_route=\/wp\/v2\/users\/1"}],"replies":[{"embeddable":true,"href":"http:\/\/servicenterblog.institucional.ws\/index.php?rest_route=%2Fwp%2Fv2%2Fcomments&post=93"}],"version-history":[{"count":1,"href":"http:\/\/servicenterblog.institucional.ws\/index.php?rest_route=\/wp\/v2\/posts\/93\/revisions"}],"predecessor-version":[{"id":95,"href":"http:\/\/servicenterblog.institucional.ws\/index.php?rest_route=\/wp\/v2\/posts\/93\/revisions\/95"}],"wp:featuredmedia":[{"embeddable":true,"href":"http:\/\/servicenterblog.institucional.ws\/index.php?rest_route=\/wp\/v2\/media\/94"}],"wp:attachment":[{"href":"http:\/\/servicenterblog.institucional.ws\/index.php?rest_route=%2Fwp%2Fv2%2Fmedia&parent=93"}],"wp:term":[{"taxonomy":"category","embeddable":true,"href":"http:\/\/servicenterblog.institucional.ws\/index.php?rest_route=%2Fwp%2Fv2%2Fcategories&post=93"},{"taxonomy":"post_tag","embeddable":true,"href":"http:\/\/servicenterblog.institucional.ws\/index.php?rest_route=%2Fwp%2Fv2%2Ftags&post=93"}],"curies":[{"name":"wp","href":"https:\/\/api.w.org\/{rel}","templated":true}]}}