{"id":927,"date":"2020-10-06T10:14:16","date_gmt":"2020-10-06T13:14:16","guid":{"rendered":"http:\/\/servicentermedic1.hospedagemdesites.ws\/blog\/?p=927"},"modified":"2020-10-06T10:15:38","modified_gmt":"2020-10-06T13:15:38","slug":"campanha-nacional-de-multivacinacao-e-vacinacao-contra-a-poliomielite-comecou-nesta-segunda-5","status":"publish","type":"post","link":"http:\/\/servicenterblog.institucional.ws\/?p=927","title":{"rendered":"Campanha nacional de multivacina\u00e7\u00e3o e vacina\u00e7\u00e3o contra a poliomielite come\u00e7ou nesta segunda (5)"},"content":{"rendered":"<p>Come\u00e7aram no Brasil nesta segunda-feira (5) duas campanhas de vacina\u00e7\u00e3o \u2013 uma contra a poliomielite e outra para atualizar a caderneta vacinal. A imuniza\u00e7\u00e3o ser\u00e1 realizada at\u00e9 o dia 30 de outubro, nas Unidades B\u00e1sicas de Sa\u00fade. A meta do Minist\u00e9rio da Sa\u00fade \u00e9 atingir, pelo menos, 95% do p\u00fablico-alvo.<\/p>\n<p>Segundo o Minist\u00e9rio, cerca de 11 milh\u00f5es de crian\u00e7as de um ano a menores de cinco anos de idade devem ser vacinadas com a Vacina Oral Poliomielite (VOP), desde que j\u00e1 tenham recebido as tr\u00eas doses da Vacina Inativada Poliomielite (VIP) do esquema b\u00e1sico.<\/p>\n<p>A campanha de multivacina\u00e7\u00e3o \u00e9 para crian\u00e7as e adolescentes menores de 15 anos que n\u00e3o foram imunizados ou que estejam com a caderneta incompleta de acordo com o Calend\u00e1rio Nacional de Vacina\u00e7\u00e3o. A medida tenta melhorar as coberturas vacinais, que t\u00eam oscilado nos \u00faltimos anos.<\/p>\n<h2>14 tipos de vacina<\/h2>\n<div class=\"mc-column content-text active-extra-styles \" data-block-type=\"unstyled\" data-block-weight=\"67\" data-block-id=\"10\">\n<p class=\"content-text__container \" data-track-category=\"Link no Texto\" data-track-links=\"\">No total, ser\u00e3o oferecidas 14 tipos de vacinas que protegem contra cerca de 20 doen\u00e7as: BCG (tuberculose); rotav\u00edrus (diarreia); poliomelite oral e intramuscular (paralisia infantil); pentavalente (difteria, t\u00e9tano, coqueluche, hepatite B, Haemophilus influenza tipo b \u2013 Hib); pneumoc\u00f3cica; meningoc\u00f3cica; DTP; tr\u00edplice viral (sarampo, caxumba e rub\u00e9ola); HPV (previne o c\u00e2ncer de colo de \u00fatero e verrugas genitais); al\u00e9m das vacinas contra febre amarela, varicela e hepatite A.<\/p>\n<\/div>\n<div class=\"mc-column content-text active-extra-styles \" data-block-type=\"unstyled\" data-block-weight=\"35\" data-block-id=\"11\">\n<p class=\"content-text__container \" data-track-category=\"Link no Texto\" data-track-links=\"\">Neste ano, tamb\u00e9m passou a integrar o SUS uma nova vacina, j\u00e1 inserida na campanha: Meningo ACWY, que protege contra meningite e infec\u00e7\u00f5es generalizadas, causadas pela bact\u00e9ria meningococo dos tipos A, C, W e Y.<\/p>\n<div class=\"mc-column content-text active-extra-styles\" data-block-type=\"raw\" data-block-weight=\"3\" data-block-id=\"14\">\n<div class=\"content-intertitle\">\n<h2>Vacinas em baixa<\/h2>\n<\/div>\n<\/div>\n<div class=\"mc-column content-text active-extra-styles \" data-block-type=\"unstyled\" data-block-weight=\"50\" data-block-id=\"15\">\n<p class=\"content-text__container \" data-track-category=\"Link no Texto\" data-track-links=\"\">Segundo os \u00edndices do Programa Nacional de Imuniza\u00e7\u00e3o (PNI), atualizados at\u00e9 domingo (4),\u00a0<span class=\"highlight highlighted\">a cobertura vacinal est\u00e1 em 56,68% para as imuniza\u00e7\u00f5es infantis<\/span>. O ideal \u00e9 que ela fique entre 90% e 95% para garantir prote\u00e7\u00e3o contra doen\u00e7as como sarampo (que tem \u00edndice ideal de 95%), coqueluche, meningite e poliomielite.<\/p>\n<\/div>\n<div class=\"mc-column content-text active-extra-styles \" data-block-type=\"unstyled\" data-block-weight=\"42\" data-block-id=\"16\">\n<p class=\"content-text__container \" data-track-category=\"Link no Texto\" data-track-links=\"\">O baixo \u00edndice de imuniza\u00e7\u00e3o j\u00e1 tem consequ\u00eancias: dados do Minist\u00e9rio da Sa\u00fade mostram que, at\u00e9 o\u00a0<span class=\"highlight highlighted\">in\u00edcio de agosto, o pa\u00eds tinha 7,7 mil casos confirmados de sarampo<\/span>. No ano passado,\u00a0<a href=\"https:\/\/g1.globo.com\/ciencia-e-saude\/noticia\/2019\/03\/19\/brasil-perdera-certificado-de-erradicacao-de-sarampo-apos-novo-caso-registrado.ghtml\">o Brasil perdeu o certificado de erradica\u00e7\u00e3o<\/a>\u00a0da doen\u00e7a.<\/p>\n<\/div>\n<div class=\"mc-column content-text active-extra-styles \" data-block-type=\"unstyled\" data-block-weight=\"38\" data-block-id=\"17\">\n<p class=\"content-text__container \" data-track-category=\"Link no Texto\" data-track-links=\"\">Para Isabella Ballalai, pediatra e vice-presidente da Sociedade Brasileira de Imuniza\u00e7\u00f5es (SBIm), o motivo da baixa cobertura \u00e9 a pandemia de\u00a0<a href=\"https:\/\/g1.globo.com\/bemestar\/coronavirus\/\">Covid-19<\/a>, que levou as pessoas a ficarem em casa e n\u00e3o sa\u00edrem para vacinar os filhos.<\/p>\n<\/div>\n<div class=\"mc-column content-text active-extra-styles \" data-block-type=\"unstyled\" data-block-weight=\"44\" data-block-id=\"18\">\n<p class=\"content-text__container \" data-track-category=\"Link no Texto\" data-track-links=\"\">&#8220;Essa situa\u00e7\u00e3o se repete no mundo inteiro. Houve uma queda entre 30% e 50%&#8221;, afirma Ballalai. A m\u00e9dica lembra que,\u00a0<span class=\"highlight highlighted\">apesar das quedas vistas nas taxas de imuniza\u00e7\u00e3o no Brasil nos \u00faltimos anos, o pa\u00eds continua com uma das melhores coberturas vacinais do mundo.<\/span><\/p>\n<\/div>\n<div class=\"mc-column content-text active-extra-styles\" data-block-type=\"raw\" data-block-weight=\"27\" data-block-id=\"19\">\n<blockquote class=\"content-blockquote theme-border-color-primary-before\"><p>&#8220;Essa cobertura n\u00e3o \u00e9 simplesmente um n\u00famero. Sem cobertura vacinal, n\u00f3s estamos suscet\u00edveis a todas essas doen\u00e7as \u2013 surtos de meningite, retorno da poliomielite&#8221;, lembra<br \/>\na pediatra.<\/p><\/blockquote>\n<\/div>\n<div class=\"mc-column content-text active-extra-styles \" data-block-type=\"unstyled\" data-block-weight=\"13\" data-block-id=\"20\">\n<p class=\"content-text__container \" data-track-category=\"Link no Texto\" data-track-links=\"\">&#8220;Essas doen\u00e7as eliminadas s\u00f3 est\u00e3o eliminadas por causa da vacina\u00e7\u00e3o&#8221;, pontua Ballalai.<\/p>\n<p>Fonte: G1 e Minist\u00e9rio da Sa\u00fade<\/p>\n<\/div>\n<\/div>\n","protected":false},"excerpt":{"rendered":"<p>Come\u00e7aram no Brasil nesta segunda-feira (5) duas campanhas de vacina\u00e7\u00e3o \u2013 uma contra a poliomielite e outra para atualizar a caderneta vacinal. A imuniza\u00e7\u00e3o ser\u00e1 realizada at\u00e9 o dia 30 de outubro, nas Unidades B\u00e1sicas de Sa\u00fade. A meta do Minist\u00e9rio da Sa\u00fade \u00e9 atingir, pelo menos, 95% do p\u00fablico-alvo. Segundo o Minist\u00e9rio, cerca de [&hellip;]<\/p>\n","protected":false},"author":1,"featured_media":930,"comment_status":"open","ping_status":"open","sticky":false,"template":"","format":"standard","meta":[],"categories":[3],"tags":[220,56,156],"_links":{"self":[{"href":"http:\/\/servicenterblog.institucional.ws\/index.php?rest_route=\/wp\/v2\/posts\/927"}],"collection":[{"href":"http:\/\/servicenterblog.institucional.ws\/index.php?rest_route=\/wp\/v2\/posts"}],"about":[{"href":"http:\/\/servicenterblog.institucional.ws\/index.php?rest_route=\/wp\/v2\/types\/post"}],"author":[{"embeddable":true,"href":"http:\/\/servicenterblog.institucional.ws\/index.php?rest_route=\/wp\/v2\/users\/1"}],"replies":[{"embeddable":true,"href":"http:\/\/servicenterblog.institucional.ws\/index.php?rest_route=%2Fwp%2Fv2%2Fcomments&post=927"}],"version-history":[{"count":2,"href":"http:\/\/servicenterblog.institucional.ws\/index.php?rest_route=\/wp\/v2\/posts\/927\/revisions"}],"predecessor-version":[{"id":931,"href":"http:\/\/servicenterblog.institucional.ws\/index.php?rest_route=\/wp\/v2\/posts\/927\/revisions\/931"}],"wp:featuredmedia":[{"embeddable":true,"href":"http:\/\/servicenterblog.institucional.ws\/index.php?rest_route=\/wp\/v2\/media\/930"}],"wp:attachment":[{"href":"http:\/\/servicenterblog.institucional.ws\/index.php?rest_route=%2Fwp%2Fv2%2Fmedia&parent=927"}],"wp:term":[{"taxonomy":"category","embeddable":true,"href":"http:\/\/servicenterblog.institucional.ws\/index.php?rest_route=%2Fwp%2Fv2%2Fcategories&post=927"},{"taxonomy":"post_tag","embeddable":true,"href":"http:\/\/servicenterblog.institucional.ws\/index.php?rest_route=%2Fwp%2Fv2%2Ftags&post=927"}],"curies":[{"name":"wp","href":"https:\/\/api.w.org\/{rel}","templated":true}]}}