{"id":923,"date":"2020-09-27T17:11:36","date_gmt":"2020-09-27T20:11:36","guid":{"rendered":"http:\/\/servicentermedic1.hospedagemdesites.ws\/blog\/?p=923"},"modified":"2020-09-27T17:11:36","modified_gmt":"2020-09-27T20:11:36","slug":"27-de-setembro-dia-nacional-da-doacao-de-orgaos-2","status":"publish","type":"post","link":"http:\/\/servicenterblog.institucional.ws\/?p=923","title":{"rendered":"27 de setembro &#8211; Dia Nacional da Doa\u00e7\u00e3o de \u00d3rg\u00e3os"},"content":{"rendered":"<p>Para divulgar a doa\u00e7\u00e3o de \u00f3rg\u00e3os no Brasil, o dia 27 de setembro foi escolhido como o Dia Nacional de Doa\u00e7\u00e3o de \u00d3rg\u00e3os. O grande objetivo da passagem da data \u00e9 levar informa\u00e7\u00f5es sobre a doa\u00e7\u00e3o de \u00f3rg\u00e3os e conscientizar as pessoas sobre a import\u00e2ncia desse ato de amor e solidariedade.<\/p>\n<p>No Brasil, para ser doador de \u00f3rg\u00e3os \u00e9 preciso conversar com sua fam\u00edlia e manifestar o seu desejo de doar. Isso porque, de acordo com o Minist\u00e9rio da Sa\u00fade, a doa\u00e7\u00e3o s\u00f3 pode ser realizada depois que a fam\u00edlia do doador autoriza o procedimento. \u00c9 poss\u00edvel doar rim, f\u00edgado, cora\u00e7\u00e3o, p\u00e2ncreas, pulm\u00e3o, c\u00f3rnea, pele, ossos, v\u00e1lvulas card\u00edacas, cartilagem, medula \u00f3ssea e sangue de cord\u00e3o umbilical. Infelizmente, cerca de metade das fam\u00edlias recusa a doa\u00e7\u00e3o, atitude que aumenta ainda mais o tempo de espera por um transplante.<\/p>\n<p>Doadores vivos podem realizar a doa\u00e7\u00e3o de rim, parte do f\u00edgado e da medula \u00f3ssea. E no caso da medula \u00f3ssea, para ser doador, basta procurar o hemocentro da sua cidade e realizar o cadastro. Durante o processo, ser\u00e1 coletada uma pequena quantidade de sangue (10mL) e ser\u00e1 preciso apresentar o documento de identidade.<\/p>\n<p>Ap\u00f3s a coleta, o sangue \u00e9 analisado por um teste de laborat\u00f3rio que identifica suas caracter\u00edsticas gen\u00e9ticas para que possam ser cruzadas com os dados de pessoas que precisam de transplantes. Quando h\u00e1 uma poss\u00edvel compatibilidade, o doador ser\u00e1 chamado e consultado para decidir se quer realizar a doa\u00e7\u00e3o ou n\u00e3o.<\/p>\n<p><strong>Confira abaixo as especifica\u00e7\u00f5es do Minist\u00e9rio da Sa\u00fade para doa\u00e7\u00e3o:<\/strong><\/p>\n<p><strong>Doador vivo:\u00a0<\/strong>qualquer pessoa que concorde com a doa\u00e7\u00e3o, desde que o ato n\u00e3o prejudique sua pr\u00f3pria sa\u00fade. Ele pode doar um dos rins, parte do f\u00edgado, parte da medula \u00f3ssea ou parte do pulm\u00e3o. De acordo com a lei, parentes at\u00e9 quarto grau e c\u00f4njuges podem ser doadores. Pessoas que n\u00e3o s\u00e3o parentes podem realizar a doa\u00e7\u00e3o somente com autoriza\u00e7\u00e3o judicial.<\/p>\n<p><strong>Doador falecido:\u00a0<\/strong>Paciente com morte encef\u00e1lica, geralmente v\u00edtima de cat\u00e1strofes cerebrais (traumatismo craniano ou derrame cerebral).<\/p>\n<p>Os \u00f3rg\u00e3os doados v\u00e3o para pacientes que necessitam de um transplante e est\u00e3o aguardando em lista \u00fanica, definida pela Central de Transplantes da Secretaria de Sa\u00fade de cada estado e controlada pelo Sistema Nacional de Transplantes.<\/p>\n<p>Voc\u00ea pode saber mais sobre o assunto acessando o site da Associa\u00e7\u00e3o Brasileira de Transplantados.<\/p>\n<p>Fonte: Minist\u00e9rio da Sa\u00fade<\/p>\n<p>&nbsp;<\/p>\n","protected":false},"excerpt":{"rendered":"<p>Para divulgar a doa\u00e7\u00e3o de \u00f3rg\u00e3os no Brasil, o dia 27 de setembro foi escolhido como o Dia Nacional de Doa\u00e7\u00e3o de \u00d3rg\u00e3os. O grande objetivo da passagem da data \u00e9 levar informa\u00e7\u00f5es sobre a doa\u00e7\u00e3o de \u00f3rg\u00e3os e conscientizar as pessoas sobre a import\u00e2ncia desse ato de amor e solidariedade. No Brasil, para ser [&hellip;]<\/p>\n","protected":false},"author":1,"featured_media":924,"comment_status":"open","ping_status":"open","sticky":false,"template":"","format":"standard","meta":[],"categories":[3],"tags":[217,218,219],"_links":{"self":[{"href":"http:\/\/servicenterblog.institucional.ws\/index.php?rest_route=\/wp\/v2\/posts\/923"}],"collection":[{"href":"http:\/\/servicenterblog.institucional.ws\/index.php?rest_route=\/wp\/v2\/posts"}],"about":[{"href":"http:\/\/servicenterblog.institucional.ws\/index.php?rest_route=\/wp\/v2\/types\/post"}],"author":[{"embeddable":true,"href":"http:\/\/servicenterblog.institucional.ws\/index.php?rest_route=\/wp\/v2\/users\/1"}],"replies":[{"embeddable":true,"href":"http:\/\/servicenterblog.institucional.ws\/index.php?rest_route=%2Fwp%2Fv2%2Fcomments&post=923"}],"version-history":[{"count":1,"href":"http:\/\/servicenterblog.institucional.ws\/index.php?rest_route=\/wp\/v2\/posts\/923\/revisions"}],"predecessor-version":[{"id":925,"href":"http:\/\/servicenterblog.institucional.ws\/index.php?rest_route=\/wp\/v2\/posts\/923\/revisions\/925"}],"wp:featuredmedia":[{"embeddable":true,"href":"http:\/\/servicenterblog.institucional.ws\/index.php?rest_route=\/wp\/v2\/media\/924"}],"wp:attachment":[{"href":"http:\/\/servicenterblog.institucional.ws\/index.php?rest_route=%2Fwp%2Fv2%2Fmedia&parent=923"}],"wp:term":[{"taxonomy":"category","embeddable":true,"href":"http:\/\/servicenterblog.institucional.ws\/index.php?rest_route=%2Fwp%2Fv2%2Fcategories&post=923"},{"taxonomy":"post_tag","embeddable":true,"href":"http:\/\/servicenterblog.institucional.ws\/index.php?rest_route=%2Fwp%2Fv2%2Ftags&post=923"}],"curies":[{"name":"wp","href":"https:\/\/api.w.org\/{rel}","templated":true}]}}