{"id":919,"date":"2020-09-21T17:23:13","date_gmt":"2020-09-21T20:23:13","guid":{"rendered":"http:\/\/servicentermedic1.hospedagemdesites.ws\/blog\/?p=919"},"modified":"2020-09-21T17:23:13","modified_gmt":"2020-09-21T20:23:13","slug":"21-de-setembro-dia-mundial-da-doenca-de-alzheimer","status":"publish","type":"post","link":"http:\/\/servicenterblog.institucional.ws\/?p=919","title":{"rendered":"21 de setembro &#8211; Dia mundial da Doen\u00e7a de Alzheimer"},"content":{"rendered":"<p>O dia 21 setembro \u00e9 o dia mundial do Alzheimer, data em que se marca a necessidade de defesa e conscientiza\u00e7\u00e3o da sociedade, sobre a import\u00e2ncia da preven\u00e7\u00e3o, do diagn\u00f3stico precoce e do cuidado ofertado, bem como do apoio e suporte aos familiares e cuidadores das pessoas que vivem com a doen\u00e7a de Alzheimer.<\/p>\n<div class=\"subtitle\">\n<p>A Doen\u00e7a de Alzheimer (DA) \u00e9 um transtorno neurodegenerativo progressivo que se manifesta por deteriora\u00e7\u00e3o cognitiva e da mem\u00f3ria, comprometendo as atividades de vida di\u00e1ria e provocando altera\u00e7\u00f5es comportamentais. Essa doen\u00e7a afeta mais os idosos, sendo respons\u00e1vel por mais da metade dos casos de dem\u00eancia na popula\u00e7\u00e3o com mais de 65 anos.<\/p>\n<\/div>\n<p>Seu sintoma prim\u00e1rio \u00e9 a perda de mem\u00f3ria recente, mas com a progress\u00e3o, v\u00e3o aparecendo outros sintomas como a perda de mem\u00f3ria remota (ou seja, dos fatos mais antigos), bem como irritabilidade, falhas na linguagem, preju\u00edzo na capacidade de se orientar no espa\u00e7o e no tempo e nos casos mais graves, a perda da capacidade das tarefas cotidianas, resultando em completa depend\u00eancia. A doen\u00e7a pode vir acompanhada tamb\u00e9m de depress\u00e3o, ansiedade e apatia.<\/p>\n<p>A Doen\u00e7a de Alzheimer \u00e9 considerada uma das causas mais frequentes de dem\u00eancia n\u00e3o revers\u00edvel, al\u00e9m dela existem outros tipos como a dem\u00eancia vascular, dem\u00eancia de corpos de Lewy e dem\u00eancia frontotemporal, cada uma destas com tratamentos e progn\u00f3sticos diferentes.<\/p>\n<p>Segundo a OMS, estima-se que, existam no mundo em torno de 50 milh\u00f5es de pessoas com dem\u00eancia e apontam, que este n\u00famero dever\u00e1 triplicar nos pr\u00f3ximos 30 anos.<\/p>\n<p>A Servicenter apoia a luta pela preven\u00e7\u00e3o, diagn\u00f3stico e tratamento adequado da Doen\u00e7a de Alzheimer.<\/p>\n<p>Servicenter\u2800\u2800\u2800\u2800\u2800\u2800\u2800\u2800\u2800\u2800<br \/>\nWhatsapp: (11) 97202-7875\u2800\u2800\u2800\u2800\u2800\u2800<br \/>\nAtendimento: (11) 3722-2233\u2800\u2800\u2800\u2800\u2800\u2800\u2800\u2800\u2800\u2800<br \/>\nwww.scmedicamentos.com.br\u2800\u2800\u2800<br \/>\ncomercial@scmedicamentos.com.br\u2800\u2800\u2800\u2800\u2800\u2800\u2800\u2800\u2800\u2800<br \/>\n.\u2800\u2800\u2800\u2800\u2800\u2800\u2800\u2800\u2800\u2800<br \/>\n.\u2800\u2800\u2800\u2800\u2800\u2800\u2800\u2800\u2800\u2800<br \/>\n.\u2800\u2800\u2800\u2800\u2800\u2800\u2800\u2800\u2800\u2800<br \/>\n.\u2800\u2800\u2800\u2800\u2800\u2800\u2800\u2800\u2800\u2800<br \/>\n\u2800\u2800\u2800\u2800\u2800\u2800\u2800\u2800\u2800\u2800<\/p>\n","protected":false},"excerpt":{"rendered":"<p>O dia 21 setembro \u00e9 o dia mundial do Alzheimer, data em que se marca a necessidade de defesa e conscientiza\u00e7\u00e3o da sociedade, sobre a import\u00e2ncia da preven\u00e7\u00e3o, do diagn\u00f3stico precoce e do cuidado ofertado, bem como do apoio e suporte aos familiares e cuidadores das pessoas que vivem com a doen\u00e7a de Alzheimer. A [&hellip;]<\/p>\n","protected":false},"author":1,"featured_media":920,"comment_status":"open","ping_status":"open","sticky":false,"template":"","format":"standard","meta":[],"categories":[3],"tags":[],"_links":{"self":[{"href":"http:\/\/servicenterblog.institucional.ws\/index.php?rest_route=\/wp\/v2\/posts\/919"}],"collection":[{"href":"http:\/\/servicenterblog.institucional.ws\/index.php?rest_route=\/wp\/v2\/posts"}],"about":[{"href":"http:\/\/servicenterblog.institucional.ws\/index.php?rest_route=\/wp\/v2\/types\/post"}],"author":[{"embeddable":true,"href":"http:\/\/servicenterblog.institucional.ws\/index.php?rest_route=\/wp\/v2\/users\/1"}],"replies":[{"embeddable":true,"href":"http:\/\/servicenterblog.institucional.ws\/index.php?rest_route=%2Fwp%2Fv2%2Fcomments&post=919"}],"version-history":[{"count":1,"href":"http:\/\/servicenterblog.institucional.ws\/index.php?rest_route=\/wp\/v2\/posts\/919\/revisions"}],"predecessor-version":[{"id":921,"href":"http:\/\/servicenterblog.institucional.ws\/index.php?rest_route=\/wp\/v2\/posts\/919\/revisions\/921"}],"wp:featuredmedia":[{"embeddable":true,"href":"http:\/\/servicenterblog.institucional.ws\/index.php?rest_route=\/wp\/v2\/media\/920"}],"wp:attachment":[{"href":"http:\/\/servicenterblog.institucional.ws\/index.php?rest_route=%2Fwp%2Fv2%2Fmedia&parent=919"}],"wp:term":[{"taxonomy":"category","embeddable":true,"href":"http:\/\/servicenterblog.institucional.ws\/index.php?rest_route=%2Fwp%2Fv2%2Fcategories&post=919"},{"taxonomy":"post_tag","embeddable":true,"href":"http:\/\/servicenterblog.institucional.ws\/index.php?rest_route=%2Fwp%2Fv2%2Ftags&post=919"}],"curies":[{"name":"wp","href":"https:\/\/api.w.org\/{rel}","templated":true}]}}