{"id":909,"date":"2020-08-30T16:25:43","date_gmt":"2020-08-30T19:25:43","guid":{"rendered":"http:\/\/servicentermedic1.hospedagemdesites.ws\/blog\/?p=909"},"modified":"2020-08-30T16:25:43","modified_gmt":"2020-08-30T19:25:43","slug":"308-dia-nacional-de-conscientizacao-sobre-a-esclerose-multipla","status":"publish","type":"post","link":"http:\/\/servicenterblog.institucional.ws\/?p=909","title":{"rendered":"30\/8 \u2013 Dia Nacional de Conscientiza\u00e7\u00e3o Sobre a Esclerose M\u00faltipla"},"content":{"rendered":"<p>A esclerose m\u00faltipla (EM) \u00e9 uma doen\u00e7a inflamat\u00f3ria cr\u00f4nica, provavelmente autoimune. Por motivos gen\u00e9ticos ou ambientais o sistema imunol\u00f3gico come\u00e7a a agredir a bainha de mielina (camada de gordura que envolve as\u00a0fibras nervosas na subst\u00e2ncia branca do c\u00e9rebro e na medula espinhal), comprometendo a fun\u00e7\u00e3o do sistema nervoso (c\u00e9rebro e medula) ao atingir diversas fun\u00e7\u00f5es ligadas ao tr\u00e2nsito de informa\u00e7\u00f5es dos neur\u00f4nios para o\u00a0resto do corpo. Quando esse caminho \u00e9 prejudicado pelas les\u00f5es provocadas pela enfermidade, essas informa\u00e7\u00f5es se espalham gerando diversos sintomas.<\/p>\n<p>Os ataques, chamados surtos, s\u00e3o crises inflamat\u00f3rias que danificam a bainha de mielina causando cicatrizes, tamb\u00e9m chamadas de placas ou les\u00f5es. H\u00e1 ainda, desde o in\u00edcio da doen\u00e7a, degenera\u00e7\u00e3o das pr\u00f3prias fibras nervosas ou ax\u00f4nios. Os surtos ocorrem aleatoriamente, variando em n\u00famero e frequ\u00eancia, de pessoa para pessoa.<\/p>\n<p><strong>Sintomas:<\/strong><\/p>\n<p>&#8211; fadiga;<br \/>\n&#8211; dist\u00farbios visuais;<br \/>\n&#8211; rigidez;<br \/>\n&#8211; fraqueza muscular;<br \/>\n&#8211; desequil\u00edbrio;<br \/>\n&#8211; altera\u00e7\u00f5es sensoriais;<br \/>\n&#8211; dor;<br \/>\n&#8211; disfun\u00e7\u00e3o da bexiga e\/ou do intestino;<br \/>\n&#8211; disfun\u00e7\u00e3o sexual;<br \/>\n&#8211; dificuldade para articular a fala;<br \/>\n&#8211; dificuldade para engolir;<br \/>\n&#8211; altera\u00e7\u00f5es emocionais;<br \/>\n&#8211; altera\u00e7\u00f5es cognitivas.<\/p>\n<p><strong>Tratamento:<\/strong><\/p>\n<p>Embora ainda n\u00e3o exista cura para a EM, h\u00e1 tratamentos medicamentosos que buscam reduzir a atividade inflamat\u00f3ria e a ocorr\u00eancia dos surtos ao longo dos anos, contribuindo para a diminui\u00e7\u00e3o do ac\u00famulo de incapacidades durante a vida do paciente. Al\u00e9m do foco na doen\u00e7a, tratar os sintomas \u00e9 muito importante para a qualidade de vida desses pacientes. Os medicamentos utilizados, bem como todo o tratamento, devem ser indicados e acompanhados pelo m\u00e9dico neurologista de forma individualizada.<\/p>\n<p><strong>Recomenda\u00e7\u00f5es:<\/strong><\/p>\n<p>&#8211; embora n\u00e3o altere a evolu\u00e7\u00e3o da doen\u00e7a, \u00e9 importante manter a pr\u00e1tica de exerc\u00edcios f\u00edsicos, pois eles ajudam a fortalecer os ossos, a melhorar o humor, a controlar o peso e contra sintomas como a fadiga;<br \/>\n&#8211; quando os movimentos est\u00e3o comprometidos, a fisioterapia ajuda a reformular o ato motor, dando \u00eanfase \u00e0 contra\u00e7\u00e3o dos m\u00fasculos ainda preservados;<br \/>\n&#8211; o tratamento fisioter\u00e1pico associado a determinados rem\u00e9dios ajuda tamb\u00e9m a reeducar o controle dos esf\u00edncteres (m\u00fasculos que controlam a elimina\u00e7\u00e3o de fezes e urina);<br \/>\n&#8211; nas crises agudas da doen\u00e7a, \u00e9 aconselh\u00e1vel que o paciente permane\u00e7a em repouso.<\/p>\n<p>A data comemorativa, institu\u00edda pela\u00a0<a href=\"https:\/\/www.planalto.gov.br\/ccivil_03\/_Ato2004-2006\/2006\/Lei\/L11303.htm\">Lei n\u00ba 11.303\/2.006<\/a>,\u00a0tem como objetivos dar maior visibilidade \u00e0 doen\u00e7a, informar a popula\u00e7\u00e3o e alertar para a import\u00e2ncia do\u00a0diagn\u00f3stico precoce e do tratamento adequado. A EM \u00e9 a doen\u00e7a neurol\u00f3gica que mais afeta jovens adultos no mundo, sendo que a m\u00e9dia de idade em que as pessoas s\u00e3o diagnosticadas \u00e9 aos 30 anos. A\u00a0enfermidade acomete mais mulheres, em uma propor\u00e7\u00e3o de duas mulheres para cada homem diagnosticado. No Brasil, estima-se que cerca de 35 mil pessoas convivam com a Esclerose M\u00faltipla. A doen\u00e7a foi descrita pela\u00a0primeira vez em 1.868 pelo m\u00e9dico franc\u00eas Jean-Martin Charcot.<\/p>\n<p>Fonte: Minist\u00e9rio da Sa\u00fade<\/p>\n","protected":false},"excerpt":{"rendered":"<p>A esclerose m\u00faltipla (EM) \u00e9 uma doen\u00e7a inflamat\u00f3ria cr\u00f4nica, provavelmente autoimune. Por motivos gen\u00e9ticos ou ambientais o sistema imunol\u00f3gico come\u00e7a a agredir a bainha de mielina (camada de gordura que envolve as\u00a0fibras nervosas na subst\u00e2ncia branca do c\u00e9rebro e na medula espinhal), comprometendo a fun\u00e7\u00e3o do sistema nervoso (c\u00e9rebro e medula) ao atingir diversas fun\u00e7\u00f5es [&hellip;]<\/p>\n","protected":false},"author":1,"featured_media":910,"comment_status":"open","ping_status":"open","sticky":false,"template":"","format":"standard","meta":[],"categories":[3],"tags":[65,22,210,32],"_links":{"self":[{"href":"http:\/\/servicenterblog.institucional.ws\/index.php?rest_route=\/wp\/v2\/posts\/909"}],"collection":[{"href":"http:\/\/servicenterblog.institucional.ws\/index.php?rest_route=\/wp\/v2\/posts"}],"about":[{"href":"http:\/\/servicenterblog.institucional.ws\/index.php?rest_route=\/wp\/v2\/types\/post"}],"author":[{"embeddable":true,"href":"http:\/\/servicenterblog.institucional.ws\/index.php?rest_route=\/wp\/v2\/users\/1"}],"replies":[{"embeddable":true,"href":"http:\/\/servicenterblog.institucional.ws\/index.php?rest_route=%2Fwp%2Fv2%2Fcomments&post=909"}],"version-history":[{"count":1,"href":"http:\/\/servicenterblog.institucional.ws\/index.php?rest_route=\/wp\/v2\/posts\/909\/revisions"}],"predecessor-version":[{"id":911,"href":"http:\/\/servicenterblog.institucional.ws\/index.php?rest_route=\/wp\/v2\/posts\/909\/revisions\/911"}],"wp:featuredmedia":[{"embeddable":true,"href":"http:\/\/servicenterblog.institucional.ws\/index.php?rest_route=\/wp\/v2\/media\/910"}],"wp:attachment":[{"href":"http:\/\/servicenterblog.institucional.ws\/index.php?rest_route=%2Fwp%2Fv2%2Fmedia&parent=909"}],"wp:term":[{"taxonomy":"category","embeddable":true,"href":"http:\/\/servicenterblog.institucional.ws\/index.php?rest_route=%2Fwp%2Fv2%2Fcategories&post=909"},{"taxonomy":"post_tag","embeddable":true,"href":"http:\/\/servicenterblog.institucional.ws\/index.php?rest_route=%2Fwp%2Fv2%2Ftags&post=909"}],"curies":[{"name":"wp","href":"https:\/\/api.w.org\/{rel}","templated":true}]}}