{"id":896,"date":"2020-08-03T18:31:01","date_gmt":"2020-08-03T21:31:01","guid":{"rendered":"http:\/\/servicentermedic1.hospedagemdesites.ws\/blog\/?p=896"},"modified":"2020-08-03T18:31:01","modified_gmt":"2020-08-03T21:31:01","slug":"mal-de-alzheimer-pesquisadores-desenvolvem-exame-de-sangue-que-pode-antecipar-diagnostico","status":"publish","type":"post","link":"http:\/\/servicenterblog.institucional.ws\/?p=896","title":{"rendered":"Mal de Alzheimer: pesquisadores desenvolvem exame de sangue que pode antecipar diagn\u00f3stico"},"content":{"rendered":"<h5 class=\"content-head__subtitle\"><em>Especialistas dizem que o novo exame pode levar a um tratamento mais eficaz, com mais qualidade de vida para os pacientes<\/p>\n<p><\/em><\/h5>\n<div class=\"mc-column content-text active-extra-styles \" data-block-type=\"unstyled\" data-block-weight=\"47\" data-block-id=\"2\">\n<p class=\"content-text__container \" data-track-category=\"Link no Texto\" data-track-links=\"\">Pesquisadores anunciaram esta semana o desenvolvimento de um exame de sangue capaz de antecipar em at\u00e9 20 anos o diagn\u00f3stico do Mal de Alzheimer. E a\u00ed voc\u00ea deve estar se perguntando: vale a pena saber com tamanha anteced\u00eancia que voc\u00ea vai ter uma doen\u00e7a degenerativa t\u00e3o sofrida?<\/p>\n<\/div>\n<div class=\"wall protected-content\">\n<div class=\"mc-column content-text active-extra-styles \" data-block-type=\"unstyled\" data-block-weight=\"74\" data-block-id=\"3\">\n<p class=\"content-text__container \" data-track-category=\"Link no Texto\" data-track-links=\"\">A marca do Mal de Alzheimer \u00e9 a perda da mem\u00f3ria, o apagamento progressivo da hist\u00f3ria, dos registros, daquilo que forma a vida da pessoa. A doen\u00e7a ainda n\u00e3o tem cura. Mas, enquanto n\u00e3o surge um rem\u00e9dio, os especialistas correm atr\u00e1s de meios para diagnosticar a doen\u00e7a o mais cedo poss\u00edvel. Eles dizem que o novo exame pode levar a um tratamento mais eficaz, com mais qualidade de vida para os pacientes.<\/p>\n<\/div>\n<div class=\"mc-column content-text active-extra-styles \" data-block-type=\"unstyled\" data-block-weight=\"60\" data-block-id=\"4\">\n<p class=\"content-text__container \" data-track-category=\"Link no Texto\" data-track-links=\"\">Hoje, os exames para detec\u00e7\u00e3o da doen\u00e7a s\u00e3o caros, como a resson\u00e2ncia magn\u00e9tica, ou dolorosos, como a pun\u00e7\u00e3o para a retirada do liquor, l\u00edquido que temos no c\u00e9rebro e na medula \u00f3ssea. Essa busca promete ser muito mais simples com os novos testes anunciados e o diagn\u00f3stico pelo sangue tamb\u00e9m seria muito mais barato. No Brasil, no m\u00e1ximo, R$ 500.<\/p>\n<p class=\"content-text__container \" data-track-category=\"Link no Texto\" data-track-links=\"\">Veja a reportagem completa aqui:\u00a0https:\/\/glo.bo\/39QuXAa<\/p>\n<p>Fonte: G1 &#8211; Agosto 2020<\/p>\n<\/div>\n<\/div>\n<h5 class=\"content-head__subtitle\"><em>\u00a0<\/em><\/h5>\n","protected":false},"excerpt":{"rendered":"<p>Especialistas dizem que o novo exame pode levar a um tratamento mais eficaz, com mais qualidade de vida para os pacientes Pesquisadores anunciaram esta semana o desenvolvimento de um exame de sangue capaz de antecipar em at\u00e9 20 anos o diagn\u00f3stico do Mal de Alzheimer. E a\u00ed voc\u00ea deve estar se perguntando: vale a pena [&hellip;]<\/p>\n","protected":false},"author":1,"featured_media":898,"comment_status":"open","ping_status":"open","sticky":false,"template":"","format":"standard","meta":[],"categories":[3],"tags":[111,112,205],"_links":{"self":[{"href":"http:\/\/servicenterblog.institucional.ws\/index.php?rest_route=\/wp\/v2\/posts\/896"}],"collection":[{"href":"http:\/\/servicenterblog.institucional.ws\/index.php?rest_route=\/wp\/v2\/posts"}],"about":[{"href":"http:\/\/servicenterblog.institucional.ws\/index.php?rest_route=\/wp\/v2\/types\/post"}],"author":[{"embeddable":true,"href":"http:\/\/servicenterblog.institucional.ws\/index.php?rest_route=\/wp\/v2\/users\/1"}],"replies":[{"embeddable":true,"href":"http:\/\/servicenterblog.institucional.ws\/index.php?rest_route=%2Fwp%2Fv2%2Fcomments&post=896"}],"version-history":[{"count":1,"href":"http:\/\/servicenterblog.institucional.ws\/index.php?rest_route=\/wp\/v2\/posts\/896\/revisions"}],"predecessor-version":[{"id":899,"href":"http:\/\/servicenterblog.institucional.ws\/index.php?rest_route=\/wp\/v2\/posts\/896\/revisions\/899"}],"wp:featuredmedia":[{"embeddable":true,"href":"http:\/\/servicenterblog.institucional.ws\/index.php?rest_route=\/wp\/v2\/media\/898"}],"wp:attachment":[{"href":"http:\/\/servicenterblog.institucional.ws\/index.php?rest_route=%2Fwp%2Fv2%2Fmedia&parent=896"}],"wp:term":[{"taxonomy":"category","embeddable":true,"href":"http:\/\/servicenterblog.institucional.ws\/index.php?rest_route=%2Fwp%2Fv2%2Fcategories&post=896"},{"taxonomy":"post_tag","embeddable":true,"href":"http:\/\/servicenterblog.institucional.ws\/index.php?rest_route=%2Fwp%2Fv2%2Ftags&post=896"}],"curies":[{"name":"wp","href":"https:\/\/api.w.org\/{rel}","templated":true}]}}