{"id":878,"date":"2020-07-10T15:17:21","date_gmt":"2020-07-10T18:17:21","guid":{"rendered":"http:\/\/servicentermedic1.hospedagemdesites.ws\/blog\/?p=878"},"modified":"2020-07-10T15:18:22","modified_gmt":"2020-07-10T18:18:22","slug":"878","status":"publish","type":"post","link":"http:\/\/servicenterblog.institucional.ws\/?p=878","title":{"rendered":"10 de Julho &#8211; Dia da Sa\u00fade Ocular"},"content":{"rendered":"<p>No dia 10 de julho \u00e9 celebrado o DIA MUNDIAL DA SA\u00daDE OCULAR. A data \u00e9 um bom momento para relembrar diferentes aspectos da sa\u00fade dos olhos. Neste dia, \u00e9 importante falar sobre as doen\u00e7as da vis\u00e3o, sobre preven\u00e7\u00e3o e tratamento e sobre os cuidados di\u00e1rios.<\/p>\n<p>Grande parte das doen\u00e7as da vis\u00e3o t\u00eam cura ou tratamento quando diagnosticadas precocemente. \u00c9 poss\u00edvel evitar a perda de vis\u00e3o em muitos casos. Para isso \u00e9 fundamental ir ao oftalmologista uma vez ao ano, mesmo sem apresentar sintomas, pois h\u00e1 doen\u00e7as silenciosas que s\u00f3 o oftalmologista pode detectar. Cuidar da sa\u00fade ocular \u00e9 t\u00e3o importante que, segundo a Organiza\u00e7\u00e3o Mundial da Sa\u00fade (OMS), 75% dos casos de defici\u00eancia visual poderiam ser evitados com preven\u00e7\u00e3o ou tratamento.<\/p>\n<p dir=\"ltr\">A consulta ao oftalmologista deve ser feita desde a inf\u00e2ncia, e o ideal \u00e9 consultar-se com o especialista antes de apresentar queixas visuais. A visita precoce ao m\u00e9dico pode corrigir problemas simples de refra\u00e7\u00e3o, como a miopia a hipermetropia e o astigmatismo. \u00a0Com a adequada corre\u00e7\u00e3o \u00f3ptica evita-se desgastes, principalmente das crian\u00e7as em fase escolar. Outras doen\u00e7as da vis\u00e3o que possuem tratamento, quando precocemente diagnosticadas, s\u00e3o:<\/p>\n<p dir=\"ltr\">\u2013 Ambliopia: tamb\u00e9m conhecida como \u201colho pregui\u00e7oso\u201d, afeta geralmente crian\u00e7as e \u00e9 uma diminui\u00e7\u00e3o da vis\u00e3o em raz\u00e3o de um desenvolvimento visual anormal.<br \/>\n\u2013 Astigmatismo: \u00e9 um problema comum na forma\u00e7\u00e3o da c\u00f3rnea, pode ser corrigido com \u00f3culos na maioria dos casos<br \/>\n\u2013 Blefarite: \u00e9 uma inflama\u00e7\u00e3o das p\u00e1lpebras, n\u00e3o usar lentes de contato sujas e ajuda a evitar.<\/p>\n<p>\u2013 Catarata: a doen\u00e7a desenvolve-se ao longo de muitos anos e gera emba\u00e7amento da vis\u00e3o. Na catarata o cristalino do olho torna-se opaco. O tratamento \u00e9 cir\u00fargico.<br \/>\n\u2013 Ceratocone: \u00e9 uma altera\u00e7\u00e3o na c\u00f3rnea que pode provocar a diminui\u00e7\u00e3o ou perda da vis\u00e3o. Os pacientes devem consultar-se com o m\u00e9dico para saber qual o tratamento mais adequado.<br \/>\n\u2013 Conjuntivite: \u00e9 uma inflama\u00e7\u00e3o da conjuntiva, uma membrana que recobre as p\u00e1lpebras e os olhos.<br \/>\n\u2013\u00a0Degenera\u00e7\u00e3o Macular Relacionada \u00e0 Idade (DMRI): \u00e9 uma doen\u00e7a degenerativa da retina que provoca uma perda progressiva da vis\u00e3o central. Ela afeta a m\u00e1cula, regi\u00e3o central da retina, que \u00e9 respons\u00e1vel pela vis\u00e3o central, usada na leitura, na identifica\u00e7\u00e3o de detalhes e cores. \u00c9 a causa mais comum de perda de vis\u00e3o em pessoas acima de 55 anos. Estima-se que 3 milh\u00f5es de pessoas no Brasil \u00a0tenham DMRI.<br \/>\n\u2013 Estrabismo: Dist\u00farbio em que os olhos n\u00e3o olham exatamente na mesma dire\u00e7\u00e3o ao mesmo tempo. Pacientes devem consultar o m\u00e9dico para saber o tratamento adequado.<br \/>\n\u2013 Glaucoma: doen\u00e7a silenciosa, n\u00e3o causa dor nem inc\u00f4modo. \u00c9 um aumento da press\u00e3o interna do olho que pode levar a perda visual irrevers\u00edvel.<br \/>\n\u2013 Hipermetropia: \u00e9 quando os olhos apresentam medidas menores que as usuais. A pessoa ter\u00e1 dificuldade para enxergar de perto e o uso de \u00f3culos \u00e9 \u00a0geralmente indicado.<br \/>\n\u2013 Miopia: geralmente acontece quando os olhos s\u00e3o mais alongados que o normal, a pessoa tem dificuldades para ver de longe e o uso de \u00f3culos \u00e9 indicado.<br \/>\n\u2013 Presbiopia ou vista cansada: aparece a partir dos 40.\u00c9 a perda de elasticidade do \u00a0o cristalino, que \u00e9 o que permite aos olhos ajustar o foco da vis\u00e3o. O uso de \u00f3culos \u00e9 indicado.<br \/>\n\u2013 Pter\u00edgio: \u00e9 o espessamento da conjuntiva, de forma triangular, que se estende do \u00e2ngulo interno do olho na dire\u00e7\u00e3o da c\u00f3rnea. Apesar de ser um problema benigno e n\u00e3o infeccioso, se ele cobrir a pupila pode causar cegueira.. Recomenda-se o uso de \u00f3culos escuros e o tratamento \u00e9 cir\u00fargico.<br \/>\n\u2013 Retinopatia diab\u00e9tica: \u00e9 uma doen\u00e7as decorrente da Diabetes que causa les\u00f5es na m\u00e1cula, o centro da retina. Controlar o Diabetes \u00e9 uma medida para evitar a doen\u00e7a e o tratamento tem bons resultados quando iniciado precocemente. O diagn\u00f3stico precoce e acompanhamento m\u00e9dico s\u00e3o essenciais.<br \/>\n\u2013 S\u00edndrome do olho seco: \u00e9 uma disfun\u00e7\u00e3o lacrimal que provoca inc\u00f4modo. O tratamento costuma ser feito com col\u00edrios especiais e o acompanhamento m\u00e9dico \u00e9 fundamental.<br \/>\n\u2013 Ter\u00e7ol: \u00e9 uma doen\u00e7a comum, causada pelo entupimento das gl\u00e2ndulas ao redor das p\u00e1lpebras.<br \/>\n\u2013 Uve\u00edte: \u00e9 a inflama\u00e7\u00e3o da \u00favea, parte m\u00e9dia do olho onde est\u00e1 a \u00edris.<\/p>\n<p dir=\"ltr\">Neste dia 10 de julho \u00e9 relevante tamb\u00e9m falar das doen\u00e7as degenerativas da retina que n\u00e3o possuem tratamento e levam a perda visual. Essas doen\u00e7as s\u00e3o consideradas raras e os afetados precisam aprender a conviver com a Baixa Vis\u00e3o ou com a cegueira. A divulga\u00e7\u00e3o de informa\u00e7\u00f5es sobre as distrofias da retina e a uni\u00e3o dos pacientes e seus familiares \u00e9 primordial para conscientizar toda a sociedade. Para essas doen\u00e7as \u00e9 importante o incentivo a pesquisas m\u00e9dicas, a reabilita\u00e7\u00e3o de pacientes e a conquista de direitos. Al\u00e9m disso, \u00e9 essencial consultar-se com profissionais especializados, receber o diagn\u00f3stico oportuno e realizar o teste gen\u00e9tico, pois grande parte das doen\u00e7as da retina t\u00eam causa gen\u00e9tica.<\/p>\n<p dir=\"ltr\">Al\u00e9m da consulta peri\u00f3dica, cada indiv\u00edduo pode agir em benef\u00edcio de sua sa\u00fade ocular. Cuidar dos olhos \u00e9 simples e os ganhos s\u00e3o enormes. Medidas importantes s\u00e3o: usar sempre \u00f3culos escuros com prote\u00e7\u00e3o UV, mesmo em dia nublados; n\u00e3o usar col\u00edrios sem prescri\u00e7\u00e3o m\u00e9dica; n\u00e3o co\u00e7ar os olhos; fazer pausas para descansar os olhos, ap\u00f3s longo per\u00edodo em frente ao computador, ao celular, ou \u00e0 televis\u00e3o; piscar devagar sempre que poss\u00edvel; olhar para o horizonte para repousar os olhos; lavar sempre as m\u00e3os; n\u00e3o fumar; evitar bebidas alco\u00f3licas, \u00a0fazer atividades f\u00edsicas com regularidade; ter uma alimenta\u00e7\u00e3o equilibrada; dormir bem; evitar stress.<\/p>\n<p dir=\"ltr\">Conhecer as doen\u00e7as dos olhos e saber como cuidar-se \u00e9 o primeiro passo para uma boa sa\u00fade ocular.<\/p>\n<p>Fonte: Minist\u00e9rio da Sa\u00fade<\/p>\n","protected":false},"excerpt":{"rendered":"<p>No dia 10 de julho \u00e9 celebrado o DIA MUNDIAL DA SA\u00daDE OCULAR. A data \u00e9 um bom momento para relembrar diferentes aspectos da sa\u00fade dos olhos. Neste dia, \u00e9 importante falar sobre as doen\u00e7as da vis\u00e3o, sobre preven\u00e7\u00e3o e tratamento e sobre os cuidados di\u00e1rios. Grande parte das doen\u00e7as da vis\u00e3o t\u00eam cura ou [&hellip;]<\/p>\n","protected":false},"author":1,"featured_media":879,"comment_status":"open","ping_status":"open","sticky":false,"template":"","format":"standard","meta":[],"categories":[3],"tags":[18,54,122,26,51,53],"_links":{"self":[{"href":"http:\/\/servicenterblog.institucional.ws\/index.php?rest_route=\/wp\/v2\/posts\/878"}],"collection":[{"href":"http:\/\/servicenterblog.institucional.ws\/index.php?rest_route=\/wp\/v2\/posts"}],"about":[{"href":"http:\/\/servicenterblog.institucional.ws\/index.php?rest_route=\/wp\/v2\/types\/post"}],"author":[{"embeddable":true,"href":"http:\/\/servicenterblog.institucional.ws\/index.php?rest_route=\/wp\/v2\/users\/1"}],"replies":[{"embeddable":true,"href":"http:\/\/servicenterblog.institucional.ws\/index.php?rest_route=%2Fwp%2Fv2%2Fcomments&post=878"}],"version-history":[{"count":2,"href":"http:\/\/servicenterblog.institucional.ws\/index.php?rest_route=\/wp\/v2\/posts\/878\/revisions"}],"predecessor-version":[{"id":881,"href":"http:\/\/servicenterblog.institucional.ws\/index.php?rest_route=\/wp\/v2\/posts\/878\/revisions\/881"}],"wp:featuredmedia":[{"embeddable":true,"href":"http:\/\/servicenterblog.institucional.ws\/index.php?rest_route=\/wp\/v2\/media\/879"}],"wp:attachment":[{"href":"http:\/\/servicenterblog.institucional.ws\/index.php?rest_route=%2Fwp%2Fv2%2Fmedia&parent=878"}],"wp:term":[{"taxonomy":"category","embeddable":true,"href":"http:\/\/servicenterblog.institucional.ws\/index.php?rest_route=%2Fwp%2Fv2%2Fcategories&post=878"},{"taxonomy":"post_tag","embeddable":true,"href":"http:\/\/servicenterblog.institucional.ws\/index.php?rest_route=%2Fwp%2Fv2%2Ftags&post=878"}],"curies":[{"name":"wp","href":"https:\/\/api.w.org\/{rel}","templated":true}]}}