{"id":875,"date":"2020-07-09T14:51:40","date_gmt":"2020-07-09T17:51:40","guid":{"rendered":"http:\/\/servicentermedic1.hospedagemdesites.ws\/blog\/?p=875"},"modified":"2020-07-09T14:51:40","modified_gmt":"2020-07-09T17:51:40","slug":"o-que-se-sabe-sobre-tratamento-brasileiro-que-teria-eliminado-hiv-de-paciente","status":"publish","type":"post","link":"http:\/\/servicenterblog.institucional.ws\/?p=875","title":{"rendered":"O que se sabe sobre tratamento brasileiro que teria eliminado HIV de paciente"},"content":{"rendered":"<h4 class=\"content-head__subtitle\"><em>Resultados de pesquisa conduzida na Unifesp foram apresentados em confer\u00eancia internacional sobre Aids.<br \/>\n<\/em><\/h4>\n<div class=\"mc-column content-text active-extra-styles \" data-block-type=\"unstyled\" data-block-weight=\"63\" data-block-id=\"2\">\n<p class=\"content-text__container \" data-track-category=\"Link no Texto\" data-track-links=\"\">O caso de um homem brasileiro de 35 anos que est\u00e1 h\u00e1 mais de 57 semanas sem sinais do v\u00edrus do HIV no corpo \u2014 com o qual fora diagnosticado em 2012 \u2014 ap\u00f3s receber tratamento em um estudo da Universidade Federal de S\u00e3o Paulo (Unifesp) \u00e9 um dos destaques da 23\u00aa Confer\u00eancia Internacional da\u00a0<a href=\"https:\/\/g1.globo.com\/bemestar\/aids\/\">Aids<\/a>, realizada ao longo desta semana online.<\/p>\n<\/div>\n<div class=\"wall protected-content\">\n<div class=\"mc-column content-text active-extra-styles \" data-block-type=\"unstyled\" data-block-weight=\"26\" data-block-id=\"3\">\n<p class=\"content-text__container \" data-track-category=\"Link no Texto\" data-track-links=\"\">Nesta ter\u00e7a-feira (7), o l\u00edder da equipe, o m\u00e9dico brasileiro Ricardo Sobhie Diaz, apresentou brevemente o caso em uma coletiva de imprensa virtual, dispon\u00edvel no YouTube.<\/p>\n<\/div>\n<div class=\"mc-column content-text active-extra-styles \" data-block-type=\"unstyled\" data-block-weight=\"44\" data-block-id=\"6\">\n<p class=\"content-text__container \" data-track-category=\"Link no Texto\" data-track-links=\"\">Na coletiva de imprensa, a mediadora apresentou a pesquisa brasileira como possivelmente o &#8220;primeiro caso de remiss\u00e3o a longo prazo do HIV sem um transplante de medula&#8221; \u2014\u00a0procedimento usado em dois casos considerados curados no mundo, na Alemanha e no Reino Unido.<\/p>\n<\/div>\n<div class=\"mc-column content-text active-extra-styles \" data-block-type=\"unstyled\" data-block-weight=\"13\" data-block-id=\"7\">\n<p class=\"content-text__container \" data-track-category=\"Link no Texto\" data-track-links=\"\">No caso do estudo da Unifesp, o tratamento foi \u00e0 base de medicamentos.<\/p>\n<\/div>\n<div class=\"mc-column content-text active-extra-styles\" data-block-type=\"raw\" data-block-weight=\"53\" data-block-id=\"8\">\n<blockquote class=\"content-blockquote theme-border-color-primary-before\"><p>&#8220;O paciente esteve sob tratamento regular com antirretrovirais e, al\u00e9m do uso deste coquetel, foi colocado aleatoriamente em um grupo (no experimento) que recebeu tamb\u00e9m, por 48 semanas, dolutegravir, maraviroc e nicotinamida&#8221;, explicou Diaz, doutor em infectologia e diretor do Laborat\u00f3rio de Retrovirologia do Departamento de Medicina da Escola Paulista de Medicina (EPM\/Unifesp).<\/p>\n<div class=\"mc-column content-text active-extra-styles \" data-block-type=\"unstyled\" data-block-weight=\"34\" data-block-id=\"10\">\n<p class=\"content-text__container \" data-track-category=\"Link no Texto\" data-track-links=\"\">O tratamento adicional com dolutegravir, maraviroc e nicotinamida foi recebido pelo homem em 2016; depois do per\u00edodo de 48 semanas, ele voltou a usar somente o coquetel regularmente utilizado para controlar a Aids.<\/p>\n<\/div>\n<div class=\"mc-column content-text active-extra-styles \" data-block-type=\"unstyled\" data-block-weight=\"30\" data-block-id=\"11\">\n<p class=\"content-text__container \" data-track-category=\"Link no Texto\" data-track-links=\"\">Em mar\u00e7o de 2019, ele parou de receber qualquer tratamento contra o HIV. Testes laboratoriais rotineiros em seu organismo desde ent\u00e3o n\u00e3o detectaram o material gen\u00e9tico do v\u00edrus.<\/p>\n<div class=\"mc-column content-text active-extra-styles \" data-block-type=\"unstyled\" data-block-weight=\"34\" data-block-id=\"13\">\n<p class=\"content-text__container \" data-track-category=\"Link no Texto\" data-track-links=\"\">Diaz tamb\u00e9m comemorou que houve um &#8220;decl\u00ednio muito forte&#8221; nos anticorpos detectados \u2014 uma vez que estes s\u00e3o uma resposta a microrganismos potencialmente nocivos, seu sumi\u00e7o \u00e9 outro indicativo de elimina\u00e7\u00e3o do v\u00edrus.<\/p>\n<\/div>\n<div class=\"mc-column content-text active-extra-styles \" data-block-type=\"unstyled\" data-block-weight=\"58\" data-block-id=\"14\">\n<p class=\"content-text__container \" data-track-category=\"Link no Texto\" data-track-links=\"\">Na coletiva, o brasileiro foi questionado por colegas se os resultados que mostraram quedas do DNA do v\u00edrus e anticorpos foram confirmados tamb\u00e9m em laborat\u00f3rios independentes, ao que respondeu que ainda n\u00e3o. A necessidade de comprovar estes resultados em novos e independentes testes foi uma lacuna importante apontada por cientistas que comentaram as limita\u00e7\u00f5es da pesquisa brasileira.<\/p>\n<\/div>\n<div class=\"mc-column content-text active-extra-styles \" data-block-type=\"unstyled\" data-block-weight=\"35\" data-block-id=\"15\">\n<p class=\"content-text__container \" data-track-category=\"Link no Texto\" data-track-links=\"\">Ao jornal americano New York Times, Monica Gandhi, especialista em HIV na Universidade da Calif\u00f3rnia em San Francisco e uma das organizadores da confer\u00eancia, afirmou que os resultados s\u00e3o &#8220;animadores&#8221;, mas &#8220;ainda muito preliminares&#8221;.<\/p>\n<\/div>\n<div class=\"mc-column content-text active-extra-styles\" data-block-type=\"raw\" data-block-weight=\"19\" data-block-id=\"16\">\n<blockquote class=\"content-blockquote theme-border-color-primary-before\"><p>&#8220;Trata-se de apenas um paciente, ent\u00e3o acho que n\u00e3o podemos dizer que o procedimento garante a remiss\u00e3o&#8221;, declarou Gandhi.<\/p>\n<div class=\"mc-column content-text active-extra-styles \" data-block-type=\"unstyled\" data-block-weight=\"25\" data-block-id=\"18\">\n<p class=\"content-text__container \" data-track-category=\"Link no Texto\" data-track-links=\"\">Tamb\u00e9m n\u00e3o ficou claro o que aconteceu com outros pacientes que receberam a mesma combina\u00e7\u00e3o de medicamentos que o homem de 35 anos em 2016.<\/p>\n<\/div>\n<div class=\"mc-column content-text active-extra-styles \" data-block-type=\"unstyled\" data-block-weight=\"54\" data-block-id=\"19\">\n<p class=\"content-text__container \" data-track-category=\"Link no Texto\" data-track-links=\"\">H\u00e1 alguns anos, Diaz e sua equipe v\u00eam trabalhando com duas frentes para tratamento \u2014 e eventual cura \u2014 da Aids. Uma \u00e9 com o tratamento medicamentoso que bloqueia a replica\u00e7\u00e3o do v\u00edrus e elimina c\u00e9lulas em que ele fica latente; a outra, uma vacina que estimula o sistema imunol\u00f3gico no combate ao pat\u00f3geno.<\/p>\n<\/div>\n<\/blockquote>\n<\/div>\n<\/div>\n<p>Fonte: BBC News<\/p><\/blockquote>\n<\/div>\n<\/div>\n<h4 class=\"content-head__subtitle\"><em>\u00a0<\/em><\/h4>\n","protected":false},"excerpt":{"rendered":"<p>Resultados de pesquisa conduzida na Unifesp foram apresentados em confer\u00eancia internacional sobre Aids. O caso de um homem brasileiro de 35 anos que est\u00e1 h\u00e1 mais de 57 semanas sem sinais do v\u00edrus do HIV no corpo \u2014 com o qual fora diagnosticado em 2012 \u2014 ap\u00f3s receber tratamento em um estudo da Universidade Federal [&hellip;]<\/p>\n","protected":false},"author":1,"featured_media":876,"comment_status":"open","ping_status":"open","sticky":false,"template":"","format":"standard","meta":[],"categories":[1],"tags":[159,170,152,158,204,58],"_links":{"self":[{"href":"http:\/\/servicenterblog.institucional.ws\/index.php?rest_route=\/wp\/v2\/posts\/875"}],"collection":[{"href":"http:\/\/servicenterblog.institucional.ws\/index.php?rest_route=\/wp\/v2\/posts"}],"about":[{"href":"http:\/\/servicenterblog.institucional.ws\/index.php?rest_route=\/wp\/v2\/types\/post"}],"author":[{"embeddable":true,"href":"http:\/\/servicenterblog.institucional.ws\/index.php?rest_route=\/wp\/v2\/users\/1"}],"replies":[{"embeddable":true,"href":"http:\/\/servicenterblog.institucional.ws\/index.php?rest_route=%2Fwp%2Fv2%2Fcomments&post=875"}],"version-history":[{"count":1,"href":"http:\/\/servicenterblog.institucional.ws\/index.php?rest_route=\/wp\/v2\/posts\/875\/revisions"}],"predecessor-version":[{"id":877,"href":"http:\/\/servicenterblog.institucional.ws\/index.php?rest_route=\/wp\/v2\/posts\/875\/revisions\/877"}],"wp:featuredmedia":[{"embeddable":true,"href":"http:\/\/servicenterblog.institucional.ws\/index.php?rest_route=\/wp\/v2\/media\/876"}],"wp:attachment":[{"href":"http:\/\/servicenterblog.institucional.ws\/index.php?rest_route=%2Fwp%2Fv2%2Fmedia&parent=875"}],"wp:term":[{"taxonomy":"category","embeddable":true,"href":"http:\/\/servicenterblog.institucional.ws\/index.php?rest_route=%2Fwp%2Fv2%2Fcategories&post=875"},{"taxonomy":"post_tag","embeddable":true,"href":"http:\/\/servicenterblog.institucional.ws\/index.php?rest_route=%2Fwp%2Fv2%2Ftags&post=875"}],"curies":[{"name":"wp","href":"https:\/\/api.w.org\/{rel}","templated":true}]}}