{"id":857,"date":"2020-06-29T17:12:09","date_gmt":"2020-06-29T20:12:09","guid":{"rendered":"http:\/\/servicentermedic1.hospedagemdesites.ws\/blog\/?p=857"},"modified":"2020-06-29T17:12:09","modified_gmt":"2020-06-29T20:12:09","slug":"teste-rapido-para-covid-19-passa-a-ter-cobertura-obrigatoria-de-planos-de-saude","status":"publish","type":"post","link":"http:\/\/servicenterblog.institucional.ws\/?p=857","title":{"rendered":"Teste r\u00e1pido para Covid-19 passa a ter cobertura obrigat\u00f3ria de planos de sa\u00fade"},"content":{"rendered":"<p>Os planos de sa\u00fade passam a ser obrigados, a partir desta segunda-feira (29\/6),\u00a0 a cobrir a realiza\u00e7\u00e3o de teste sorol\u00f3gico para o novo coronav\u00edrus, de acordo com resolu\u00e7\u00e3o publicada pela Ag\u00eancia Nacional de Sa\u00fade Suplementar (ANS).<\/p>\n<p>O exame sorol\u00f3gico, tamb\u00e9m conhecido como teste r\u00e1pido, detecta a presen\u00e7a de anticorpos produzidos pelo organismo ap\u00f3s exposi\u00e7\u00e3o ao v\u00edrus, sendo indicado a partir do oitavo dia de in\u00edcio dos sintomas. Antes desse per\u00edodo, o teste recomendo \u00e9 o feito atrav\u00e9s de biologia molecular, o chamado RT-PCR, que detecta se o v\u00edrus est\u00e1 agindo no organismo do paciente.<\/p>\n<p>Esse exame j\u00e1 tinha cobertura obrigat\u00f3ria determinada pela ANS quando o paciente se enquadra na defini\u00e7\u00e3o de caso suspeito ou prov\u00e1vel de Covid-19 definido pelo Minist\u00e9rio da Sa\u00fade. De acordo com a ANS, o teste r\u00e1pido ter\u00e1 cobertura obrigat\u00f3ria dos planos de sa\u00fade nos casos em que o paciente apresente ou tenha apresentado quadros cl\u00ednicos condizentes com casos de s\u00edndrome gripal ou s\u00edndrome respirat\u00f3ria aguda grave.<\/p>\n<p>A decis\u00e3o foi tomada na \u00faltima quinta-feira, em reuni\u00e3o da Diretoria Colegiada da ANS, e passa a valer a partir desta segunda, informou a ag\u00eancia em comunicado, acrescentando que a medida atende decis\u00e3o judicial relativa a uma a\u00e7\u00e3o civil p\u00fablica. Desde o in\u00edcio da pandemia, a baixa capacidade de realizar testes \u00e9 apontada como uma das principais fraquezas do Brasil para enfrentar o novo coronav\u00edrus. Na semana passada, a Organiza\u00e7\u00e3o Mundial da Sa\u00fade (OMS) apontou para uma subnotifica\u00e7\u00e3o de casos no pa\u00eds devido \u00e0 pouca testagem.<\/p>\n<p>O Brasil \u00e9 o segundo pa\u00eds do mundo com o maior n\u00famero de casos confirmados da doen\u00e7a respirat\u00f3ria provada pelo novo coronav\u00edrus, com mais de 1,3 milh\u00e3o de infec\u00e7\u00f5es, e tamb\u00e9m o segundo com mais mortes, com 57.622 \u00f3bitos registrados at\u00e9 domingo. Apenas os Estados Unidos t\u00eam mais casos e mortes por Covid-19.<\/p>\n<p>Fonte: Uol<\/p>\n","protected":false},"excerpt":{"rendered":"<p>Os planos de sa\u00fade passam a ser obrigados, a partir desta segunda-feira (29\/6),\u00a0 a cobrir a realiza\u00e7\u00e3o de teste sorol\u00f3gico para o novo coronav\u00edrus, de acordo com resolu\u00e7\u00e3o publicada pela Ag\u00eancia Nacional de Sa\u00fade Suplementar (ANS). O exame sorol\u00f3gico, tamb\u00e9m conhecido como teste r\u00e1pido, detecta a presen\u00e7a de anticorpos produzidos pelo organismo ap\u00f3s exposi\u00e7\u00e3o ao [&hellip;]<\/p>\n","protected":false},"author":1,"featured_media":860,"comment_status":"open","ping_status":"open","sticky":false,"template":"","format":"standard","meta":[],"categories":[3],"tags":[197,142,162,195,163,196],"_links":{"self":[{"href":"http:\/\/servicenterblog.institucional.ws\/index.php?rest_route=\/wp\/v2\/posts\/857"}],"collection":[{"href":"http:\/\/servicenterblog.institucional.ws\/index.php?rest_route=\/wp\/v2\/posts"}],"about":[{"href":"http:\/\/servicenterblog.institucional.ws\/index.php?rest_route=\/wp\/v2\/types\/post"}],"author":[{"embeddable":true,"href":"http:\/\/servicenterblog.institucional.ws\/index.php?rest_route=\/wp\/v2\/users\/1"}],"replies":[{"embeddable":true,"href":"http:\/\/servicenterblog.institucional.ws\/index.php?rest_route=%2Fwp%2Fv2%2Fcomments&post=857"}],"version-history":[{"count":1,"href":"http:\/\/servicenterblog.institucional.ws\/index.php?rest_route=\/wp\/v2\/posts\/857\/revisions"}],"predecessor-version":[{"id":861,"href":"http:\/\/servicenterblog.institucional.ws\/index.php?rest_route=\/wp\/v2\/posts\/857\/revisions\/861"}],"wp:featuredmedia":[{"embeddable":true,"href":"http:\/\/servicenterblog.institucional.ws\/index.php?rest_route=\/wp\/v2\/media\/860"}],"wp:attachment":[{"href":"http:\/\/servicenterblog.institucional.ws\/index.php?rest_route=%2Fwp%2Fv2%2Fmedia&parent=857"}],"wp:term":[{"taxonomy":"category","embeddable":true,"href":"http:\/\/servicenterblog.institucional.ws\/index.php?rest_route=%2Fwp%2Fv2%2Fcategories&post=857"},{"taxonomy":"post_tag","embeddable":true,"href":"http:\/\/servicenterblog.institucional.ws\/index.php?rest_route=%2Fwp%2Fv2%2Ftags&post=857"}],"curies":[{"name":"wp","href":"https:\/\/api.w.org\/{rel}","templated":true}]}}