{"id":829,"date":"2020-06-08T14:05:08","date_gmt":"2020-06-08T17:05:08","guid":{"rendered":"http:\/\/servicentermedic1.hospedagemdesites.ws\/blog\/?p=829"},"modified":"2020-06-08T14:05:08","modified_gmt":"2020-06-08T17:05:08","slug":"tem-febre-calma-pode-nao-ser-covid-19-saiba-diferenciar-os-sintomas-e-o-que-fazer-se-a-temperatura-subir","status":"publish","type":"post","link":"http:\/\/servicenterblog.institucional.ws\/?p=829","title":{"rendered":"Tem febre? Calma. Pode n\u00e3o ser Covid-19: saiba diferenciar os sintomas e o que fazer se a temperatura subir"},"content":{"rendered":"<p>Um dos sintomas mais comuns da Covid-19, doen\u00e7a causada pelo novo coronav\u00edrus, \u00e9 a febre. Mas, alertam especialistas, \u00e9 preciso ter calma. A mudan\u00e7a de temperatura est\u00e1 associada a diversas outras doen\u00e7as, infec\u00e7\u00f5es e condi\u00e7\u00f5es f\u00edsicas e, muito al\u00e9m do olho no termom\u00eatro, \u00e9 importante verificar, antes de buscar ajuda m\u00e9dica, se h\u00e1 outros sintomas associados (como tosse, falta de ar e cansa\u00e7o) e se as condi\u00e7\u00f5es gerais est\u00e3o piores.<\/p>\n<p>&#8220;Se a pessoa est\u00e1 com febre, mas est\u00e1 com uma apar\u00eancia e energias boas, fazendo suas atividades, conversando, sem dor, pode ser uma coisa passageira, alguma rea\u00e7\u00e3o do corpo a uma outra virose, por exemplo, e que ser recuperar\u00e1 sozinho. Mas se ela, mesmo com o antit\u00e9rmico, est\u00e1 prostrada, gemendo, p\u00e1lida, sem energia, a\u00ed \u00e9 mais preocupante&#8221;, afirma o infectologista Michel Laks.<\/p>\n<p>Edmilson Migowski, infectologista da Universidade Federal do Rio de Janeiro (UFRJ) concorda que &#8220;o que se v\u00ea \u00e9 mais importante do que aquilo se sente&#8221;, mas alerta para cautela:<\/p>\n<p>&#8220;A febre causa um desconforto natural, mas nem sempre ela \u00e9 motivo para ida ao hospital, \u00e9 preciso estar de olho no corpo como um todo e n\u00e3o apenas na temperatura. No caso da Covid-19, o sinal de alerta \u00e9 a falta de ar e o cansa\u00e7o, sintomas mais claros da doen\u00e7a&#8221;.<\/p>\n<p>No caso de grupos de risco, como os idosos, a aten\u00e7\u00e3o precisa ser redobrada, aponta a geriatra Patr\u00edcia Ledo, j\u00e1 que, em geral, pessoas acima de 60 anos n\u00e3o costumam fazer febre:<\/p>\n<p>&#8220;A aten\u00e7\u00e3o \u00e9 redobrada para eles n\u00e3o s\u00f3 porque o sistema imunol\u00f3gico est\u00e1 mais desgastado, ou seja, as chances de desenvolver a doen\u00e7a em sua forma mais grave \u00e9 maior, como tamb\u00e9m pelo fato de n\u00e3o apresentarem febre, em geral. Ou seja, se a temperatura subir, \u00e9 sinal vermelho&#8221;.<\/p>\n<p>O conselho un\u00e2nime entre os especialistas \u00e9 sempre se manter hidratado. E, para evitar a Covid-19, isolamento social, para quem pode, e a higieniza\u00e7\u00e3o de m\u00e3os, sempre que poss\u00edvel.<\/p>\n<p><strong>Alta ou baixa<\/strong><\/p>\n<p>A febre baixa \u00e9 aquela de 37,8 a 38 \u00b0C. A moderada chega at\u00e9 os 39\u00ba. E a alta \u00e9 superior a 39\u00ba.<\/p>\n<p><strong>Melhor medi\u00e7\u00e3o<\/strong><\/p>\n<p>O term\u00f4metro de merc\u00fario \u00e9 cada vez menos aconselhado, pelo perigo que representa se quebrar. Os eletr\u00f4nicos e os infravermelhos medem a temperatura com a mesma efetividade. Coloque-o na axila e aguarde, im\u00f3vel, at\u00e9 a hora de tirar (modelos mais modernos apitam nesse momento). Assegure que eles tenham o selo do Inmetro.<\/p>\n<p><strong>Corpo inteiro<\/strong><\/p>\n<p>Os m\u00e9dicos recomendam que, independentemente da temperatura, observe-se o estado geral do paciente. Ou seja, ficar atento a colora\u00e7\u00e3o, se h\u00e1 dor, se a pessoa geme ou est\u00e1 prostrada. Esses sintomas indicam algo errado, com febre baixa ou alta.<\/p>\n<p><strong>Remediar pode mascarar<\/strong><\/p>\n<p>O uso de antit\u00e9rmico pode mascarar as\u00a0 doen\u00e7as, por amenizar os sintomas. Por isso, \u00e9 t\u00e3o importante ficar atento as outras caracter\u00edsticas f\u00edsicas.<\/p>\n<p><strong>Quais os cuidados<\/strong><\/p>\n<p>Se apresentar febre, deve-se aguardar o efeito\u00a0 do antit\u00e9rmico em ambiente fresco e arejado. Se as condi\u00e7\u00f5es gerais melhorarem, \u00e9 bom sinal. Se, mesmo com a temperatura baixa, a pessoa continuar com cansa\u00e7o, prostra\u00e7\u00e3o e dor, melhor procurar um m\u00e9dico.<\/p>\n<p><strong>Hidrata\u00e7\u00e3o<\/strong><\/p>\n<p>Para qualquer v\u00edrus ou doen\u00e7a, em qualquer estado febril, seja alto, m\u00e9dio ou baixo, o conselho \u00e9 un\u00e2nime: hidrata\u00e7\u00e3o \u00e9 fundamental. Beba bastante \u00e1gua. O corpo gasta mais energia para manter a temperatura do corpo e se recuperar de doen\u00e7as.<\/p>\n<p><strong>Sem solu\u00e7\u00e3o milagrosa<\/strong><\/p>\n<p>Banho gelado, compressa de \u00e1gua na axila e excesso de cobertores n\u00e3o adiantam para baixar a febre. O banho \u00e9 recomendado, mas deve ser morno.<\/p>\n<p><strong>Intercalou os dias?<\/strong><\/p>\n<p>\u00c9 comum, segundo os especialistas, que v\u00edrus causem febre por dois a tr\u00eas dias. Como o corpo fica com a imunidade debilitada durante o per\u00edodo, infec\u00e7\u00f5es por bact\u00e9rias e at\u00e9 outros v\u00edrus podem acontecer no per\u00edodo e causar febre novamente. Procure um m\u00e9dico se a febre ficar intercalando.<\/p>\n<p><strong>Adultos acusam mais o golpe<\/strong><\/p>\n<p>A febre costuma abater mais os adultos, que logo caem de cama. Crian\u00e7as t\u00eam muita energia e, quando ficam \u201ccaidinhas\u201d, \u00e9 motivo para preocupa\u00e7\u00e3o. Sempre fique atento aos outros sintomas. E caso a febre n\u00e3o pare, procure um pediatra. No caso da Covid-19, crian\u00e7as costumam ser assintom\u00e1ticas, mas podem desenvolver a doen\u00e7a.<\/p>\n<p><strong>Preocupa\u00e7\u00e3o com idosos<\/strong><\/p>\n<p>Idosos n\u00e3o costumam apresentar febre quando t\u00eam infec\u00e7\u00f5es. Ou seja: se apresentar o sintoma, \u00e9 sinal vermelho. Procure o m\u00e9dico.<\/p>\n<p><strong>Grupos de risco<\/strong><\/p>\n<p>Se a febre surgir em pessoas no grupo de risco, al\u00e9m dos idosos, a recomenda\u00e7\u00e3o\u00a0 \u00e9 a mesma: aguarde para ver se outros sintomas surgem simultaneamente. Mesmo assim, se tiver d\u00favida, ligue para o m\u00e9dico antes de ir para o hospital. O alerta vermelho s\u00e3o falta de ar e\/ou cansa\u00e7o. Nesse caso, busque atendimento m\u00e9dico.<\/p>\n<p><strong>Sintomas\u00a0 associados<\/strong><\/p>\n<p>No caso da Covid-19, \u00e9 importante\u00a0 tamb\u00e9m ficar de olho em outros sintomas mais espec\u00edficos antes de ir para o hospital, j\u00e1 que a febre em si est\u00e1 associada a muitas outras doen\u00e7as. No caso do novo coronav\u00edrus, tosse, falta de ar, cansa\u00e7o e dor de cabe\u00e7a s\u00e3o alguns dos problemas que surgem\u00a0 simultaneamente. Consulte o m\u00e9dico.<\/p>\n<p><strong>N\u00e3o melhora<\/strong><\/p>\n<p>Procure o m\u00e9dico se a febre n\u00e3o cessar por mais de tr\u00eas dias, mesmo sem outros sintomas associados.<\/p>\n<p>Fonte: O GLOBO<\/p>\n","protected":false},"excerpt":{"rendered":"<p>Um dos sintomas mais comuns da Covid-19, doen\u00e7a causada pelo novo coronav\u00edrus, \u00e9 a febre. Mas, alertam especialistas, \u00e9 preciso ter calma. A mudan\u00e7a de temperatura est\u00e1 associada a diversas outras doen\u00e7as, infec\u00e7\u00f5es e condi\u00e7\u00f5es f\u00edsicas e, muito al\u00e9m do olho no termom\u00eatro, \u00e9 importante verificar, antes de buscar ajuda m\u00e9dica, se h\u00e1 outros sintomas [&hellip;]<\/p>\n","protected":false},"author":1,"featured_media":830,"comment_status":"open","ping_status":"open","sticky":false,"template":"","format":"standard","meta":[],"categories":[3],"tags":[142,162,187,168,163,181,56,58],"_links":{"self":[{"href":"http:\/\/servicenterblog.institucional.ws\/index.php?rest_route=\/wp\/v2\/posts\/829"}],"collection":[{"href":"http:\/\/servicenterblog.institucional.ws\/index.php?rest_route=\/wp\/v2\/posts"}],"about":[{"href":"http:\/\/servicenterblog.institucional.ws\/index.php?rest_route=\/wp\/v2\/types\/post"}],"author":[{"embeddable":true,"href":"http:\/\/servicenterblog.institucional.ws\/index.php?rest_route=\/wp\/v2\/users\/1"}],"replies":[{"embeddable":true,"href":"http:\/\/servicenterblog.institucional.ws\/index.php?rest_route=%2Fwp%2Fv2%2Fcomments&post=829"}],"version-history":[{"count":1,"href":"http:\/\/servicenterblog.institucional.ws\/index.php?rest_route=\/wp\/v2\/posts\/829\/revisions"}],"predecessor-version":[{"id":831,"href":"http:\/\/servicenterblog.institucional.ws\/index.php?rest_route=\/wp\/v2\/posts\/829\/revisions\/831"}],"wp:featuredmedia":[{"embeddable":true,"href":"http:\/\/servicenterblog.institucional.ws\/index.php?rest_route=\/wp\/v2\/media\/830"}],"wp:attachment":[{"href":"http:\/\/servicenterblog.institucional.ws\/index.php?rest_route=%2Fwp%2Fv2%2Fmedia&parent=829"}],"wp:term":[{"taxonomy":"category","embeddable":true,"href":"http:\/\/servicenterblog.institucional.ws\/index.php?rest_route=%2Fwp%2Fv2%2Fcategories&post=829"},{"taxonomy":"post_tag","embeddable":true,"href":"http:\/\/servicenterblog.institucional.ws\/index.php?rest_route=%2Fwp%2Fv2%2Ftags&post=829"}],"curies":[{"name":"wp","href":"https:\/\/api.w.org\/{rel}","templated":true}]}}