{"id":820,"date":"2020-05-29T14:24:46","date_gmt":"2020-05-29T17:24:46","guid":{"rendered":"http:\/\/servicentermedic1.hospedagemdesites.ws\/blog\/?p=820"},"modified":"2020-05-29T14:35:25","modified_gmt":"2020-05-29T17:35:25","slug":"gigantes-farmaceuticas-se-unem-para-testar-remedios-contra-coronavirus","status":"publish","type":"post","link":"http:\/\/servicenterblog.institucional.ws\/?p=820","title":{"rendered":"Gigantes farmac\u00eauticas se unem para testar rem\u00e9dios contra coronav\u00edrus"},"content":{"rendered":"<p>As farmac\u00eauticas Roche e Gilead se uniram para um estudo que vai avaliar o uso conjunto das maiores apostas das duas empresas no tratamento contra a Covid-19, doen\u00e7a causada pelo novo coronav\u00edrus.<\/p>\n<p>O estudo vai investigar a a\u00e7\u00e3o do remdesivir, um antiviral desenvolvido pela Gilead para combater v\u00edrus que t\u00eam RNA como material gen\u00e9tico, associado ao tocilizumab (vendido com o nome Actemra), um antiinflamat\u00f3rio usado no tratamento da artrite reumatoide, doen\u00e7a cr\u00f4nica inflamat\u00f3ria e autoimune.<\/p>\n<p>Cerca de 450 pacientes de diferentes pa\u00edses, selecionados aleatoriamente, v\u00e3o participar do experimento. O estudo vai dividir os participantes em dois grupos: um que recebe os dois medicamentos e outro tratado com o remdesivir e um placebo. O arranjo vai possibilitar uma observa\u00e7\u00e3o mais precisa da a\u00e7\u00e3o das subst\u00e2ncias.<\/p>\n<p>&#8220;Isso \u00e9 necess\u00e1rio para que possamos ter a evid\u00eancia mais pura poss\u00edvel&#8221;, afirma Lenio Alvarenga, diretor de Acesso e m\u00e9dico da Roche Farma Brasil.<br \/>\nAnunciado na manh\u00e3 da quinta-feira (28), o estudo deve iniciar o recrutamento dos pacientes nas pr\u00f3ximas semanas. De acordo com Alvarenga, existe a possibilidade de que participantes brasileiros sejam inclu\u00eddos na pesquisa.<\/p>\n<p>Em artigo publicado no dia 22 de maio na revista cient\u00edfica The New England Journal of Medicine, um dos principais peri\u00f3dicos da \u00e1rea m\u00e9dica, cientistas de institutos de pesquisa, universidades e hospitais norte-americanos mostraram a comprova\u00e7\u00e3o de que os pacientes tratados com remdesivir tiveram uma recupera\u00e7\u00e3o mais r\u00e1pida da doen\u00e7a do que aqueles que n\u00e3o receberam o rem\u00e9dio.<\/p>\n<p>Com base em estudos preliminares, Estados Unidos e Jap\u00e3o j\u00e1 haviam autorizado o uso emergencial do remdesivir no in\u00edcio de maio. Na ter\u00e7a-feira (26) o mesmo tipo de uso foi aprovado no Reino Unido.<\/p>\n<p>O remdesivir ainda \u00e9 considerado um medicamento experimental e foi desenvolvido para o combate do v\u00edrus ebola. O produto usado em testes e tratamentos atualmente vem de doa\u00e7\u00f5es da pr\u00f3pria empresa. Segundo a ag\u00eancia de not\u00edcias Reuters, um total de 1,5 milh\u00f5es de frascos do rem\u00e9dio j\u00e1 foram doados pela Gilead.<\/p>\n<p>O uso do anti-inflamat\u00f3rio tocilizumab para tratar a Covid-19 tamb\u00e9m teve bons resultados, segundo estudos preliminares.<\/p>\n<p>Pesquisadores do hospital Orange Regional Medical Center, nos Estados Unidos, publicaram um artigo em meados de maio que apontou benef\u00edcios do uso do tocilizumab para a redu\u00e7\u00e3o da mortalidade entre pacientes com Covid-19 que haviam desenvolvido a s\u00edndrome respirat\u00f3ria aguda grave (SRAG). O artigo, por\u00e9m, n\u00e3o foi revisado por outros cientistas ainda.<\/p>\n<p>A infec\u00e7\u00e3o pelo novo coronav\u00edrus gera uma resposta exagerada do sistema imunol\u00f3gico, que libera subst\u00e2ncias inflamat\u00f3rias em excesso para combater o invasor, e acaba agravando a situa\u00e7\u00e3o do paciente, danificando ainda mais os \u00f3rg\u00e3os.<\/p>\n<p>Os gl\u00f3bulos brancos, tamb\u00e9m chamados de leuc\u00f3citos, s\u00e3o os respons\u00e1veis pela defesa do corpo contra infec\u00e7\u00f5es. Essas c\u00e9lulas liberam as interleucinas, prote\u00ednas que servem para modular a resposta imunol\u00f3gica.<\/p>\n<p>&#8220;As interleucinas carregam a informa\u00e7\u00e3o de um lado a outro e coordenam esse ex\u00e9rcito de defesa, elas t\u00eam um papel importante quando o sistema imunol\u00f3gico funciona mais do que deveria&#8221;, explica Alvarenga. &#8220;O rem\u00e9dio bloqueia essa comunica\u00e7\u00e3o e paralisa a resposta imunol\u00f3gica exacerbada&#8221;, completa o m\u00e9dico.<\/p>\n<p>O estudo conduzido pelas empresas vai avaliar se o uso dos dois medicamentos em conjunto potencializa a recupera\u00e7\u00e3o ao mesmo tempo que proporciona seguran\u00e7a para o paciente.<\/p>\n<p>&#8220;Os dois medicamentos t\u00eam mecanismos de a\u00e7\u00e3o diferentes &#8211; antiviral e antiinflamat\u00f3ria. A ideia do estudo \u00e9 ter a\u00e7\u00e3o em pontos diferentes e verificar se um rem\u00e9dio pode potencializar os benef\u00edcios ou os efeitos colaterais do outro&#8221;, afirma Alexandre Soeiro, cardiologista da Benefic\u00eancia Portuguesa de S\u00e3o Paulo.<\/p>\n<p>Segundo o m\u00e9dico, que faz parte de um projeto que testa v\u00e1rios medicamentos contra a Covid-19, a uni\u00e3o das farmac\u00eauticas para a realiza\u00e7\u00e3o de pesquisas \u00e9 incomum. &#8220;Normalmente, as empresas fazem os estudos de maneira independente. Isso acontece agora devido \u00e0 situa\u00e7\u00e3o imposta pela pandemia&#8221;, diz.<\/p>\n<p>A Roche tamb\u00e9m anunciou um estudo global para avaliar a efic\u00e1cia e a seguran\u00e7a do uso do tocilizumab, sem o remdesivir, contra a Covid-19. O experimento ser\u00e1 feito com 450 pacientes escolhidos aleatoriamente da Europa e dos Estados Unidos. A pesquisa conta com dois grupos, um recebe o antiinflamat\u00f3rio e outro, um placebo. Nos dois casos, os pacientes contam com um tratamento padr\u00e3o para a doen\u00e7a.<\/p>\n<p>O recrutamento de pacientes para esse estudo, realizado em parceria com a Autoridade Biom\u00e9dica de Pesquisa e Desenvolvimento Avan\u00e7ado (Barda), dos Estados Unidos, deve terminar na pr\u00f3xima semana. O encerramento do experimento est\u00e1 previsto para agosto deste ano, mas, segundo Alvarenga, ele pode ser finalizado antes desse prazo.<\/p>\n<p>No Brasil, o tocilizumab \u00e9 aprovado pela legisla\u00e7\u00e3o para o tratamento da artrite reumatoide, uma doen\u00e7a autoimune -fruto de um comportamento anormal do sistema imunol\u00f3gico.<\/p>\n<p>Fonte: Folha de Sp &#8211; 29\/5\/2020<\/p>\n","protected":false},"excerpt":{"rendered":"<p>As farmac\u00eauticas Roche e Gilead se uniram para um estudo que vai avaliar o uso conjunto das maiores apostas das duas empresas no tratamento contra a Covid-19, doen\u00e7a causada pelo novo coronav\u00edrus. O estudo vai investigar a a\u00e7\u00e3o do remdesivir, um antiviral desenvolvido pela Gilead para combater v\u00edrus que t\u00eam RNA como material gen\u00e9tico, associado [&hellip;]<\/p>\n","protected":false},"author":1,"featured_media":823,"comment_status":"open","ping_status":"open","sticky":false,"template":"","format":"standard","meta":[],"categories":[3],"tags":[142,162,170,185,168,163,181,184],"_links":{"self":[{"href":"http:\/\/servicenterblog.institucional.ws\/index.php?rest_route=\/wp\/v2\/posts\/820"}],"collection":[{"href":"http:\/\/servicenterblog.institucional.ws\/index.php?rest_route=\/wp\/v2\/posts"}],"about":[{"href":"http:\/\/servicenterblog.institucional.ws\/index.php?rest_route=\/wp\/v2\/types\/post"}],"author":[{"embeddable":true,"href":"http:\/\/servicenterblog.institucional.ws\/index.php?rest_route=\/wp\/v2\/users\/1"}],"replies":[{"embeddable":true,"href":"http:\/\/servicenterblog.institucional.ws\/index.php?rest_route=%2Fwp%2Fv2%2Fcomments&post=820"}],"version-history":[{"count":2,"href":"http:\/\/servicenterblog.institucional.ws\/index.php?rest_route=\/wp\/v2\/posts\/820\/revisions"}],"predecessor-version":[{"id":824,"href":"http:\/\/servicenterblog.institucional.ws\/index.php?rest_route=\/wp\/v2\/posts\/820\/revisions\/824"}],"wp:featuredmedia":[{"embeddable":true,"href":"http:\/\/servicenterblog.institucional.ws\/index.php?rest_route=\/wp\/v2\/media\/823"}],"wp:attachment":[{"href":"http:\/\/servicenterblog.institucional.ws\/index.php?rest_route=%2Fwp%2Fv2%2Fmedia&parent=820"}],"wp:term":[{"taxonomy":"category","embeddable":true,"href":"http:\/\/servicenterblog.institucional.ws\/index.php?rest_route=%2Fwp%2Fv2%2Fcategories&post=820"},{"taxonomy":"post_tag","embeddable":true,"href":"http:\/\/servicenterblog.institucional.ws\/index.php?rest_route=%2Fwp%2Fv2%2Ftags&post=820"}],"curies":[{"name":"wp","href":"https:\/\/api.w.org\/{rel}","templated":true}]}}