{"id":816,"date":"2020-05-26T15:19:38","date_gmt":"2020-05-26T18:19:38","guid":{"rendered":"http:\/\/servicentermedic1.hospedagemdesites.ws\/blog\/?p=816"},"modified":"2020-05-26T15:19:38","modified_gmt":"2020-05-26T18:19:38","slug":"reino-unido-pode-ter-vacina-contra-a-covid-19-em-setembro-diz-farmaceutica","status":"publish","type":"post","link":"http:\/\/servicenterblog.institucional.ws\/?p=816","title":{"rendered":"Reino Unido pode ter vacina contra a Covid-19 em setembro, diz farmac\u00eautica"},"content":{"rendered":"<p>O CEO da companhia farmac\u00eautica AstraZeneca, Pascal Soriot, afirmou, neste domingo (24), que a popula\u00e7\u00e3o do Reino Unido pode ter acesso \u00e0 vacina contra\u00a0<a href=\"http:\/\/jovempan.com.br\/tag\/coronavirus\" target=\"_blank\" rel=\"noopener noreferrer\">o novo coronav\u00edrus<\/a>\u00a0em setembro deste ano, se os testes forem bem-sucedidos. A declara\u00e7\u00e3o foi dada em entrevista \u00e0 emissora\u00a0<em>BBC.<br \/>\n<\/em><\/p>\n<p>A empresa, que tem sede em Cambridge, trabalha junto com especialistas das Universidade de Oxford, com o objetivo de desenvolver e distribuir em massa o medicamento.\u201cRecebemos um pedido do governo brit\u00e2nico para oferecer 100 milh\u00f5es de doses\u201d, explicou.<\/p>\n<p>Soriot, contudo, admitiu que o prazo estipulado depende do trabalho dos pesquisadores.<br \/>\n\u201cA vacina tem que funcionar, e essa \u00e9 uma quest\u00e3o. A outra \u00e9 que, se funciona, teremos que demonstrar isso\u201d, disse.<\/p>\n<p>Segundo o CEO da AstraZeneca, \u00e9 preciso que a vacina fa\u00e7a a doen\u00e7a desaparecer totalmente do organismo, para que seja provada a efic\u00e1cia.<\/p>\n<p>Fonte: Jovem Pan 24\/05\/2020<\/p>\n<p>&nbsp;<\/p>\n","protected":false},"excerpt":{"rendered":"<p>O CEO da companhia farmac\u00eautica AstraZeneca, Pascal Soriot, afirmou, neste domingo (24), que a popula\u00e7\u00e3o do Reino Unido pode ter acesso \u00e0 vacina contra\u00a0o novo coronav\u00edrus\u00a0em setembro deste ano, se os testes forem bem-sucedidos. A declara\u00e7\u00e3o foi dada em entrevista \u00e0 emissora\u00a0BBC. A empresa, que tem sede em Cambridge, trabalha junto com especialistas das Universidade [&hellip;]<\/p>\n","protected":false},"author":1,"featured_media":818,"comment_status":"open","ping_status":"open","sticky":false,"template":"","format":"standard","meta":[],"categories":[3],"tags":[183,142,177,163,182,56],"_links":{"self":[{"href":"http:\/\/servicenterblog.institucional.ws\/index.php?rest_route=\/wp\/v2\/posts\/816"}],"collection":[{"href":"http:\/\/servicenterblog.institucional.ws\/index.php?rest_route=\/wp\/v2\/posts"}],"about":[{"href":"http:\/\/servicenterblog.institucional.ws\/index.php?rest_route=\/wp\/v2\/types\/post"}],"author":[{"embeddable":true,"href":"http:\/\/servicenterblog.institucional.ws\/index.php?rest_route=\/wp\/v2\/users\/1"}],"replies":[{"embeddable":true,"href":"http:\/\/servicenterblog.institucional.ws\/index.php?rest_route=%2Fwp%2Fv2%2Fcomments&post=816"}],"version-history":[{"count":1,"href":"http:\/\/servicenterblog.institucional.ws\/index.php?rest_route=\/wp\/v2\/posts\/816\/revisions"}],"predecessor-version":[{"id":819,"href":"http:\/\/servicenterblog.institucional.ws\/index.php?rest_route=\/wp\/v2\/posts\/816\/revisions\/819"}],"wp:featuredmedia":[{"embeddable":true,"href":"http:\/\/servicenterblog.institucional.ws\/index.php?rest_route=\/wp\/v2\/media\/818"}],"wp:attachment":[{"href":"http:\/\/servicenterblog.institucional.ws\/index.php?rest_route=%2Fwp%2Fv2%2Fmedia&parent=816"}],"wp:term":[{"taxonomy":"category","embeddable":true,"href":"http:\/\/servicenterblog.institucional.ws\/index.php?rest_route=%2Fwp%2Fv2%2Fcategories&post=816"},{"taxonomy":"post_tag","embeddable":true,"href":"http:\/\/servicenterblog.institucional.ws\/index.php?rest_route=%2Fwp%2Fv2%2Ftags&post=816"}],"curies":[{"name":"wp","href":"https:\/\/api.w.org\/{rel}","templated":true}]}}