{"id":812,"date":"2020-05-20T13:07:00","date_gmt":"2020-05-20T16:07:00","guid":{"rendered":"http:\/\/servicentermedic1.hospedagemdesites.ws\/blog\/?p=812"},"modified":"2020-05-20T13:07:00","modified_gmt":"2020-05-20T16:07:00","slug":"ficar-em-casa-e-um-ato-de-amor","status":"publish","type":"post","link":"http:\/\/servicenterblog.institucional.ws\/?p=812","title":{"rendered":"Ficar em casa \u00e9 um ato de amor"},"content":{"rendered":"<p>Ficar em casa tornou-se a marca do combate \u00e0 doen\u00e7a que mata de forma devastadora. Transformar \u00e9 preciso!<\/p>\n<p>O infectologista Jean Gorinchteyn, do Instituto de Infectologia Em\u00edlio Ribas, em S\u00e3o Paulo, ressalta que ficar em casa e evitar locais cheios \u00e9 uma quest\u00e3o de &#8220;responsabilidade individual e senso de solidariedade&#8221; daqueles que n\u00e3o fazem parte do grupo de risco, composto por pessoas acima dos 60 anos, doentes cr\u00f4nicos (diab\u00e9ticos, cardiopatas, pessoas com problemas renais) e indiv\u00edduos imunossuprimidos (em tratamento oncol\u00f3gico e transplantados).<\/p>\n<p>De acordo com o especialista, ao circular por ambientes com aglomera\u00e7\u00f5es, os indiv\u00edduos podem levar o v\u00edrus para dentro de suas casas e aumentar a dissemina\u00e7\u00e3o do v\u00edrus, al\u00e9m de contaminar pessoas do grupo de risco.<\/p>\n<p>Ficar em casa \u00e9 a melhor alternativa para baixar a taxa de transmiss\u00e3o e evitar a lota\u00e7\u00e3o dos hospitais e sistema de sa\u00fade, para que todos consigam ser atendidos.<\/p>\n<div>Na luta contra o coronav\u00edrus, ficar em casa \u00e9 um ato de amor.<\/div>\n<div>\u2013 Amor \u00e0 sua fam\u00edlia.<\/div>\n<div>\u2013 Amor aos seus amigos.<\/div>\n<div>\u2013 Amor a quem voc\u00ea nem conhece.<\/div>\n<div>\u2013 Amor \u00e0 vida.<\/div>\n<div>\u2013 \u00c9 por amor que pedimos: fique em casa.<\/div>\n<div>\u2013 Assim, a gente evita o pior.<\/div>\n<div>\u2013 Assim, em breve, tudo vai passar.<\/div>\n<div>\u2013 #FiqueEmCasa<\/div>\n","protected":false},"excerpt":{"rendered":"<p>Ficar em casa tornou-se a marca do combate \u00e0 doen\u00e7a que mata de forma devastadora. Transformar \u00e9 preciso! O infectologista Jean Gorinchteyn, do Instituto de Infectologia Em\u00edlio Ribas, em S\u00e3o Paulo, ressalta que ficar em casa e evitar locais cheios \u00e9 uma quest\u00e3o de &#8220;responsabilidade individual e senso de solidariedade&#8221; daqueles que n\u00e3o fazem parte [&hellip;]<\/p>\n","protected":false},"author":1,"featured_media":813,"comment_status":"open","ping_status":"open","sticky":false,"template":"","format":"standard","meta":[],"categories":[3],"tags":[142,162,177,168,163,181],"_links":{"self":[{"href":"http:\/\/servicenterblog.institucional.ws\/index.php?rest_route=\/wp\/v2\/posts\/812"}],"collection":[{"href":"http:\/\/servicenterblog.institucional.ws\/index.php?rest_route=\/wp\/v2\/posts"}],"about":[{"href":"http:\/\/servicenterblog.institucional.ws\/index.php?rest_route=\/wp\/v2\/types\/post"}],"author":[{"embeddable":true,"href":"http:\/\/servicenterblog.institucional.ws\/index.php?rest_route=\/wp\/v2\/users\/1"}],"replies":[{"embeddable":true,"href":"http:\/\/servicenterblog.institucional.ws\/index.php?rest_route=%2Fwp%2Fv2%2Fcomments&post=812"}],"version-history":[{"count":1,"href":"http:\/\/servicenterblog.institucional.ws\/index.php?rest_route=\/wp\/v2\/posts\/812\/revisions"}],"predecessor-version":[{"id":814,"href":"http:\/\/servicenterblog.institucional.ws\/index.php?rest_route=\/wp\/v2\/posts\/812\/revisions\/814"}],"wp:featuredmedia":[{"embeddable":true,"href":"http:\/\/servicenterblog.institucional.ws\/index.php?rest_route=\/wp\/v2\/media\/813"}],"wp:attachment":[{"href":"http:\/\/servicenterblog.institucional.ws\/index.php?rest_route=%2Fwp%2Fv2%2Fmedia&parent=812"}],"wp:term":[{"taxonomy":"category","embeddable":true,"href":"http:\/\/servicenterblog.institucional.ws\/index.php?rest_route=%2Fwp%2Fv2%2Fcategories&post=812"},{"taxonomy":"post_tag","embeddable":true,"href":"http:\/\/servicenterblog.institucional.ws\/index.php?rest_route=%2Fwp%2Fv2%2Ftags&post=812"}],"curies":[{"name":"wp","href":"https:\/\/api.w.org\/{rel}","templated":true}]}}