{"id":803,"date":"2020-05-05T11:10:59","date_gmt":"2020-05-05T14:10:59","guid":{"rendered":"http:\/\/servicentermedic1.hospedagemdesites.ws\/blog\/?p=803"},"modified":"2020-05-05T11:17:04","modified_gmt":"2020-05-05T14:17:04","slug":"dia-mundial-de-higienizacao-das-maos-em-tempos-de-pandemia-data-ganha-ainda-mais-atencao","status":"publish","type":"post","link":"http:\/\/servicenterblog.institucional.ws\/?p=803","title":{"rendered":"Dia Mundial de Higieniza\u00e7\u00e3o das M\u00e3os: em tempos de pandemia, data ganha ainda mais aten\u00e7\u00e3o"},"content":{"rendered":"<p>Bem antes do surgimento do novo coronav\u00edrus, em 2009, a\u00a0<a href=\"https:\/\/g1.globo.com\/tudo-sobre\/organizacao-mundial-de-saude\/\">Organiza\u00e7\u00e3o Mundial da Sa\u00fade<\/a>\u00a0(OMS) lan\u00e7ou uma campanha quando ficou definido 5 de maio como Dia Mundial de Higieniza\u00e7\u00e3o das M\u00e3os. O objetivo \u00e9\u00a0<a href=\"http:\/\/g1.globo.com\/distrito-federal\/noticia\/2016\/05\/equipe-de-hospital-do-df-danca-em-video-sobre-lavagem-de-maos-veja.html\">refor\u00e7ar a import\u00e2ncia de lavar as m\u00e3os<\/a>, principalmente como medida de preven\u00e7\u00e3o \u00e0s infec\u00e7\u00f5es \u2013 entre profissionais de sa\u00fade e pacientes.<\/p>\n<p>Com pandemia, o gesto de limpeza tornou-se essencial para evitar a contamina\u00e7\u00e3o.<\/p>\n<div class=\"mc-column content-text active-extra-styles\" data-block-type=\"raw\" data-block-weight=\"3\" data-block-id=\"10\">\n<div class=\"content-intertitle\">\n<h2>Buscas no Google<\/h2>\n<\/div>\n<\/div>\n<div class=\"mc-column content-text active-extra-styles \" data-block-type=\"unstyled\" data-block-weight=\"30\" data-block-id=\"11\">\n<p class=\"content-text__container \" data-track-category=\"Link no Texto\" data-track-links=\"\">Assuntos do tipo &#8220;como lavar as m\u00e3os corretamente&#8221; e &#8220;import\u00e2ncia de lavar as m\u00e3os&#8221; tiveram, respectivamente, um aumento de 180% e 140% nas buscas do\u00a0<a href=\"https:\/\/g1.globo.com\/tudo-sobre\/google\/\">Google<\/a>\u00a0nos \u00faltimos 12 meses.<\/p>\n<\/div>\n<div class=\"mc-column content-text active-extra-styles \" data-block-type=\"unstyled\" data-block-weight=\"30\" data-block-id=\"12\">\n<p class=\"content-text__container \" data-track-category=\"Link no Texto\" data-track-links=\"\">Para o dermatologista Erasmo Tokarski, a pandemia fez com que as pessoas se tornem mais conscientes e exigentes com o cuidado das m\u00e3os. Para ele, este \u00e9 um bom sinal.<\/p>\n<\/div>\n<div class=\"mc-column content-text active-extra-styles\" data-block-type=\"raw\" data-block-weight=\"17\" data-block-id=\"13\">\n<blockquote class=\"content-blockquote theme-border-color-primary-before\"><p>&#8220;O \u00e1lcool gel pode ser utilizado na aus\u00eancia da possibilidade de limpeza, mas a lavagem \u00e9 fundamental.&#8221;<\/p><\/blockquote>\n<\/div>\n<div class=\"mc-column content-text active-extra-styles \" data-block-type=\"unstyled\" data-block-weight=\"52\" data-block-id=\"14\">\n<p class=\"content-text__container \" data-track-category=\"Link no Texto\" data-track-links=\"\">Tokarski lembra que pode parecer simples, mas a limpeza dessa parte do corpo \u00e9 a a\u00e7\u00e3o mais eficiente para o controle de infec\u00e7\u00f5es e preven\u00e7\u00e3o da transmiss\u00e3o de microrganismos. Para ele, &#8220;\u00e9 importante n\u00e3o s\u00f3 higienizar as m\u00e3os, como tudo que ela toca. Caso contr\u00e1rio, essa parte do corpo ficar\u00e1 novamente infectada.&#8221;<\/p>\n<div class=\"mc-column content-text active-extra-styles \" data-block-type=\"unstyled\" data-block-weight=\"7\" data-block-id=\"16\">\n<p class=\"content-text__container \" data-track-category=\"Link no Texto\" data-track-links=\"\"><strong>Passo a passo para lavar as m\u00e3os:<\/strong><\/p>\n<\/div>\n<div class=\"mc-column content-text active-extra-styles\" data-block-type=\"raw\" data-block-weight=\"48\" data-block-id=\"17\">\n<ol class=\"content-ordered-list theme-ordered-list-color-primary\">\n<li>molhe as m\u00e3o com \u00e1gua corrente;<\/li>\n<li>ensaboe as m\u00e3os at\u00e9 a o meio do antebra\u00e7o;<\/li>\n<li>esfregue a espuma entre os dedos, costas das m\u00e3os e unhas;<\/li>\n<li>siga com a lavagem pelo tempo m\u00e9dio de 20 segundos;<\/li>\n<li>enxague as m\u00e3os e bra\u00e7os em \u00e1gua corrente;<\/li>\n<li>seque com papel toalha.\n<p>Fonte: Uol<\/li>\n<\/ol>\n<\/div>\n<\/div>\n","protected":false},"excerpt":{"rendered":"<p>Bem antes do surgimento do novo coronav\u00edrus, em 2009, a\u00a0Organiza\u00e7\u00e3o Mundial da Sa\u00fade\u00a0(OMS) lan\u00e7ou uma campanha quando ficou definido 5 de maio como Dia Mundial de Higieniza\u00e7\u00e3o das M\u00e3os. O objetivo \u00e9\u00a0refor\u00e7ar a import\u00e2ncia de lavar as m\u00e3os, principalmente como medida de preven\u00e7\u00e3o \u00e0s infec\u00e7\u00f5es \u2013 entre profissionais de sa\u00fade e pacientes. Com pandemia, o [&hellip;]<\/p>\n","protected":false},"author":1,"featured_media":804,"comment_status":"open","ping_status":"open","sticky":false,"template":"","format":"standard","meta":[],"categories":[3],"tags":[142,162,177,176,163],"_links":{"self":[{"href":"http:\/\/servicenterblog.institucional.ws\/index.php?rest_route=\/wp\/v2\/posts\/803"}],"collection":[{"href":"http:\/\/servicenterblog.institucional.ws\/index.php?rest_route=\/wp\/v2\/posts"}],"about":[{"href":"http:\/\/servicenterblog.institucional.ws\/index.php?rest_route=\/wp\/v2\/types\/post"}],"author":[{"embeddable":true,"href":"http:\/\/servicenterblog.institucional.ws\/index.php?rest_route=\/wp\/v2\/users\/1"}],"replies":[{"embeddable":true,"href":"http:\/\/servicenterblog.institucional.ws\/index.php?rest_route=%2Fwp%2Fv2%2Fcomments&post=803"}],"version-history":[{"count":2,"href":"http:\/\/servicenterblog.institucional.ws\/index.php?rest_route=\/wp\/v2\/posts\/803\/revisions"}],"predecessor-version":[{"id":806,"href":"http:\/\/servicenterblog.institucional.ws\/index.php?rest_route=\/wp\/v2\/posts\/803\/revisions\/806"}],"wp:featuredmedia":[{"embeddable":true,"href":"http:\/\/servicenterblog.institucional.ws\/index.php?rest_route=\/wp\/v2\/media\/804"}],"wp:attachment":[{"href":"http:\/\/servicenterblog.institucional.ws\/index.php?rest_route=%2Fwp%2Fv2%2Fmedia&parent=803"}],"wp:term":[{"taxonomy":"category","embeddable":true,"href":"http:\/\/servicenterblog.institucional.ws\/index.php?rest_route=%2Fwp%2Fv2%2Fcategories&post=803"},{"taxonomy":"post_tag","embeddable":true,"href":"http:\/\/servicenterblog.institucional.ws\/index.php?rest_route=%2Fwp%2Fv2%2Ftags&post=803"}],"curies":[{"name":"wp","href":"https:\/\/api.w.org\/{rel}","templated":true}]}}