{"id":778,"date":"2020-04-01T11:59:47","date_gmt":"2020-04-01T14:59:47","guid":{"rendered":"http:\/\/servicentermedic1.hospedagemdesites.ws\/blog\/?p=778"},"modified":"2020-04-01T11:59:47","modified_gmt":"2020-04-01T14:59:47","slug":"ministro-da-saude-mostra-preocupacao-com-utilizacao-de-alcool-liquido-nas-residencias","status":"publish","type":"post","link":"http:\/\/servicenterblog.institucional.ws\/?p=778","title":{"rendered":"Ministro da Sa\u00fade mostra preocupa\u00e7\u00e3o com utiliza\u00e7\u00e3o de \u00e1lcool l\u00edquido nas resid\u00eancias"},"content":{"rendered":"<p>O ministro da Sa\u00fade, Luiz Henrique Mandetta, mostrou preocupa\u00e7\u00e3o com o uso do \u00e1lcool l\u00edquido 70\u00ba, liberado para venda nos com\u00e9rcios ap\u00f3s a chegada da pandemia de coronav\u00edrus no Brasil.<\/p>\n<p>\u201cFico muito preocupado com a venda de \u00e1lcool l\u00edquido, da popula\u00e7\u00e3o levando garrafas de \u00e1lcool para casa. Eu tenho a preocupa\u00e7\u00e3o de querer usar como fogareiro, ou lavar as m\u00e3os das crian\u00e7as, e a\u00ed fumar perto do \u00e1lcool. A \u00faltima coisa que estamos precisando neste momento \u00e9 tratar queimaduras, que mais usam CTI, ventiladores\u201d, disse.<\/p>\n<p>A orienta\u00e7\u00e3o \u00e9 que a popula\u00e7\u00e3o d\u00ea preferencia a \u00e1gua e sab\u00e3o caso n\u00e3o tenha o \u00e1lcool em gel para as m\u00e3os. O sab\u00e3o destr\u00f3i a camada de gordura que envolve o v\u00edrus.<br \/>\nPara limpeza, o Mandetta pede que seja feito o uso de hipoclorito ou \u00e1gua sanit\u00e1ria. \u201cSe for para limpar superf\u00edcie, n\u00e3o precisa usar \u00e1lcool, n\u00e3o use o inflam\u00e1vel. Use algum material que n\u00e3o pega fogo como a \u00e1gua sanit\u00e1ria. Muito melhor do que levar \u00e1lcool l\u00edquido para casa\u201d, declarou.<\/p>\n<p>Fonte: Joven Pan<\/p>\n","protected":false},"excerpt":{"rendered":"<p>O ministro da Sa\u00fade, Luiz Henrique Mandetta, mostrou preocupa\u00e7\u00e3o com o uso do \u00e1lcool l\u00edquido 70\u00ba, liberado para venda nos com\u00e9rcios ap\u00f3s a chegada da pandemia de coronav\u00edrus no Brasil. \u201cFico muito preocupado com a venda de \u00e1lcool l\u00edquido, da popula\u00e7\u00e3o levando garrafas de \u00e1lcool para casa. Eu tenho a preocupa\u00e7\u00e3o de querer usar como [&hellip;]<\/p>\n","protected":false},"author":1,"featured_media":780,"comment_status":"open","ping_status":"open","sticky":false,"template":"","format":"standard","meta":[],"categories":[3],"tags":[164,142,162,166,165,163],"_links":{"self":[{"href":"http:\/\/servicenterblog.institucional.ws\/index.php?rest_route=\/wp\/v2\/posts\/778"}],"collection":[{"href":"http:\/\/servicenterblog.institucional.ws\/index.php?rest_route=\/wp\/v2\/posts"}],"about":[{"href":"http:\/\/servicenterblog.institucional.ws\/index.php?rest_route=\/wp\/v2\/types\/post"}],"author":[{"embeddable":true,"href":"http:\/\/servicenterblog.institucional.ws\/index.php?rest_route=\/wp\/v2\/users\/1"}],"replies":[{"embeddable":true,"href":"http:\/\/servicenterblog.institucional.ws\/index.php?rest_route=%2Fwp%2Fv2%2Fcomments&post=778"}],"version-history":[{"count":1,"href":"http:\/\/servicenterblog.institucional.ws\/index.php?rest_route=\/wp\/v2\/posts\/778\/revisions"}],"predecessor-version":[{"id":781,"href":"http:\/\/servicenterblog.institucional.ws\/index.php?rest_route=\/wp\/v2\/posts\/778\/revisions\/781"}],"wp:featuredmedia":[{"embeddable":true,"href":"http:\/\/servicenterblog.institucional.ws\/index.php?rest_route=\/wp\/v2\/media\/780"}],"wp:attachment":[{"href":"http:\/\/servicenterblog.institucional.ws\/index.php?rest_route=%2Fwp%2Fv2%2Fmedia&parent=778"}],"wp:term":[{"taxonomy":"category","embeddable":true,"href":"http:\/\/servicenterblog.institucional.ws\/index.php?rest_route=%2Fwp%2Fv2%2Fcategories&post=778"},{"taxonomy":"post_tag","embeddable":true,"href":"http:\/\/servicenterblog.institucional.ws\/index.php?rest_route=%2Fwp%2Fv2%2Ftags&post=778"}],"curies":[{"name":"wp","href":"https:\/\/api.w.org\/{rel}","templated":true}]}}