{"id":750,"date":"2020-03-02T21:14:17","date_gmt":"2020-03-03T00:14:17","guid":{"rendered":"http:\/\/servicentermedic1.hospedagemdesites.ws\/blog\/?p=750"},"modified":"2020-03-02T21:14:17","modified_gmt":"2020-03-03T00:14:17","slug":"ministerio-da-saude-antecipa-campanha-de-vacinacao-contra-a-gripe-por-causa-de-coronavirus","status":"publish","type":"post","link":"http:\/\/servicenterblog.institucional.ws\/?p=750","title":{"rendered":"Minist\u00e9rio da Sa\u00fade antecipa campanha de vacina\u00e7\u00e3o contra a gripe por causa de coronav\u00edrus"},"content":{"rendered":"<p>O Minist\u00e9rio da Sa\u00fade vai antecipar a Campanha Nacional de Vacina\u00e7\u00e3o contra a Influenza como estrat\u00e9gia de diminuir a quantidade de pessoas com gripe nesse inverno. Primeiro, devem ser vacinadas gestantes, crian\u00e7as at\u00e9 seis anos, mulheres at\u00e9 45 dias ap\u00f3s o parto e idosos, historicamente mais vulner\u00e1veis \u00e0 doen\u00e7a, que pode levar at\u00e9 a morte. O in\u00edcio da campanha est\u00e1 prevista para o dia 23 de mar\u00e7o e n\u00e3o mais na segunda quinzena de abril.<\/p>\n<p>O an\u00fancio aconteceu durante coletiva de imprensa realizada nesta quinta-feira (27), em S\u00e3o Paulo (SP), ap\u00f3s reuni\u00e3o do ministro da Sa\u00fade, Luiz Henrique Mandetta, com o governador do Estado de S\u00e3o Paulo, Jo\u00e3o Doria, e representantes da Sa\u00fade do Estado. A antecipa\u00e7\u00e3o da campanha de vacina\u00e7\u00e3o foi poss\u00edvel por um esfor\u00e7o conjunto do Minist\u00e9rio da Sa\u00fade, do Instituto Butantan, produtor da vacina, e da Ag\u00eancia Nacional de Vigil\u00e2ncia Sanit\u00e1ria (Anvisa) devido \u00e0 atual situa\u00e7\u00e3o de Emerg\u00eancia Internacional de Sa\u00fade P\u00fablica pelo coronav\u00edrus.<\/p>\n<p>De acordo com o ministro da Sa\u00fade, Luiz Henrique Mandetta, mesmo que a vacina n\u00e3o apresente efic\u00e1cia contra o coronav\u00edrus, \u00e9 uma forma de auxiliar os profissionais de sa\u00fade a descartarem as influenzas na triagem e acelerarem o diagn\u00f3stico para o coronav\u00edrus. \u201cA campanha acontecer\u00e1 em \u00e2mbito nacional, como as anteriores. Vamos come\u00e7ar por gestantes, crian\u00e7as at\u00e9 seis anos, pu\u00e9rperas e idosos. Depois, incluiremos outras categorias. Dessa forma, espera-se que o v\u00edrus tenha menor propaga\u00e7\u00e3o\u201d, explicou o ministro.<\/p>\n<p>Para a campanha, o Insitututo Butantan produziu 75 milh\u00f5es de doses que previne contra os tr\u00eas tipos de v\u00edrus de influenza que mais circularam no ano anterior. O ministro da Sa\u00fade, Luiz Henrique Mandetta, lembrou a import\u00e2ncia de ampliar a cobertura vacinal e destacou que a vacina \u00e9 uma das medidas mais importantes para a preven\u00e7\u00e3o de doen\u00e7as. \u201cAs influenzas A e B s\u00e3o mais comuns que o coronav\u00edrus e a Campanha Nacional de Vacina\u00e7\u00e3o contra a gripe diminui a situa\u00e7\u00e3o end\u00eamica dos v\u00edrus respirat\u00f3rios no pa\u00eds, por isso \u00e9 t\u00e3o importante que as pessoas que fazem parte do p\u00fablico-alvo da campanha procurem uma unidade de sa\u00fade\u201d, concluiu.<\/p>\n<p>Fonte: Minist\u00e9rio da Sa\u00fade<\/p>\n","protected":false},"excerpt":{"rendered":"<p>O Minist\u00e9rio da Sa\u00fade vai antecipar a Campanha Nacional de Vacina\u00e7\u00e3o contra a Influenza como estrat\u00e9gia de diminuir a quantidade de pessoas com gripe nesse inverno. Primeiro, devem ser vacinadas gestantes, crian\u00e7as at\u00e9 seis anos, mulheres at\u00e9 45 dias ap\u00f3s o parto e idosos, historicamente mais vulner\u00e1veis \u00e0 doen\u00e7a, que pode levar at\u00e9 a morte. [&hellip;]<\/p>\n","protected":false},"author":1,"featured_media":751,"comment_status":"open","ping_status":"open","sticky":false,"template":"","format":"standard","meta":[],"categories":[1],"tags":[142,55,156],"_links":{"self":[{"href":"http:\/\/servicenterblog.institucional.ws\/index.php?rest_route=\/wp\/v2\/posts\/750"}],"collection":[{"href":"http:\/\/servicenterblog.institucional.ws\/index.php?rest_route=\/wp\/v2\/posts"}],"about":[{"href":"http:\/\/servicenterblog.institucional.ws\/index.php?rest_route=\/wp\/v2\/types\/post"}],"author":[{"embeddable":true,"href":"http:\/\/servicenterblog.institucional.ws\/index.php?rest_route=\/wp\/v2\/users\/1"}],"replies":[{"embeddable":true,"href":"http:\/\/servicenterblog.institucional.ws\/index.php?rest_route=%2Fwp%2Fv2%2Fcomments&post=750"}],"version-history":[{"count":1,"href":"http:\/\/servicenterblog.institucional.ws\/index.php?rest_route=\/wp\/v2\/posts\/750\/revisions"}],"predecessor-version":[{"id":752,"href":"http:\/\/servicenterblog.institucional.ws\/index.php?rest_route=\/wp\/v2\/posts\/750\/revisions\/752"}],"wp:featuredmedia":[{"embeddable":true,"href":"http:\/\/servicenterblog.institucional.ws\/index.php?rest_route=\/wp\/v2\/media\/751"}],"wp:attachment":[{"href":"http:\/\/servicenterblog.institucional.ws\/index.php?rest_route=%2Fwp%2Fv2%2Fmedia&parent=750"}],"wp:term":[{"taxonomy":"category","embeddable":true,"href":"http:\/\/servicenterblog.institucional.ws\/index.php?rest_route=%2Fwp%2Fv2%2Fcategories&post=750"},{"taxonomy":"post_tag","embeddable":true,"href":"http:\/\/servicenterblog.institucional.ws\/index.php?rest_route=%2Fwp%2Fv2%2Ftags&post=750"}],"curies":[{"name":"wp","href":"https:\/\/api.w.org\/{rel}","templated":true}]}}