{"id":746,"date":"2020-02-26T19:19:49","date_gmt":"2020-02-26T22:19:49","guid":{"rendered":"http:\/\/servicentermedic1.hospedagemdesites.ws\/blog\/?p=746"},"modified":"2020-02-26T19:19:49","modified_gmt":"2020-02-26T22:19:49","slug":"o-que-acontece-agora-que-brasil-tem-1o-caso-confirmado-de-coronavirus","status":"publish","type":"post","link":"http:\/\/servicenterblog.institucional.ws\/?p=746","title":{"rendered":"O que acontece agora que Brasil tem 1\u00ba caso confirmado de coronav\u00edrus"},"content":{"rendered":"<p class=\"story-body__introduction\">O Minist\u00e9rio da Sa\u00fade anunciou nesta quarta-feira (26\/02) ter confirmado o primeiro caso do novo\u00a0<a class=\"story-body__link\" href=\"https:\/\/www.bbc.com\/portuguese\/topics\/c340q430z4vt\">coronav\u00edrus<\/a>\u00a0no Brasil.<\/p>\n<p>Dois exames atestaram que um empres\u00e1rio de 61 anos que vive em S\u00e3o Paulo foi infectado ap\u00f3s viajar sozinho \u00e0 It\u00e1lia. Ele retornou na sexta-feira e apresentou sintomas, como febre, tosse, dor de garganta e coriza, dois dias depois.<\/p>\n<p>Na segunda-feira, procurou atendimento m\u00e9dico no Hospital Albert Einstein, onde foi feito o primeiro exame. Depois, uma amostra foi enviada ao Instituto Adolfo Lutz, que fez contraprova e confirmou a presen\u00e7a do v\u00edrus.<\/p>\n<p>O empres\u00e1rio est\u00e1 bem, segundo o minist\u00e9rio, e permanecer\u00e1 isolado em sua casa at\u00e9 o desaparecimento dos sintomas. Sua mulher tamb\u00e9m ser\u00e1 monitorada por mais duas semanas ap\u00f3s cessarem os sinais da doen\u00e7a em seu marido.<\/p>\n<p>De acordo com o governo, o protocolo internacional recomenda que ele seja mantido em sua resid\u00eancia, porque n\u00e3o se encontra em estado grave. No hospital, haveria o risco de ele transmitir o v\u00edrus para outros pacientes mais debilitados.<\/p>\n<p>Tamb\u00e9m est\u00e3o sendo monitorados cerca de 30 parentes que estiveram em sua casa em uma reuni\u00e3o de fam\u00edlia no domingo. O minist\u00e9rio ainda est\u00e1 entrando em contato com passageiros que viajaram perto do paciente no avi\u00e3o que o trouxe da It\u00e1lia.<\/p>\n<p>&#8220;Agora, com o primeiro caso confirmado no Brasil, vamos ver como o v\u00edrus vai se comportar em um pa\u00eds tropical em pleno ver\u00e3o&#8221;, disse o ministro da Sa\u00fade, Luiz Henrique Mandetta.<\/p>\n<p>&#8220;\u00c9 um v\u00edrus novo, que pode ou n\u00e3o manter o mesmo padr\u00e3o de comportamento de transmiss\u00e3o que tem no hemisf\u00e9rio norte, com o frio.&#8221;<\/p>\n<h2 class=\"story-body__crosshead\">Medidas para evitar que o v\u00edrus se espalhe<\/h2>\n<p>O Brasil j\u00e1 se encontrava desde o dia 4 de fevereiro no terceiro e mais elevado n\u00edvel de alerta do sistema de vigil\u00e2ncia epidemiol\u00f3gica, ap\u00f3s o Minist\u00e9rio da Sa\u00fade decretar uma situa\u00e7\u00e3o de emerg\u00eancia de sa\u00fade p\u00fablica de import\u00e2ncia nacional.<\/p>\n<p>Anteriormente, o governo havia informado que essa etapa s\u00f3 seria alcan\u00e7ada quando houvesse um caso confirmado no pa\u00eds, mas Mandetta decidiu antecip\u00e1-la para ser capaz de fazer contrata\u00e7\u00f5es emergenciais para preparar o pa\u00eds para receber os brasileiros que foram trazidos da China e mantidos em quarentena em uma base militar em An\u00e1polis, em Goi\u00e1s.<\/p>\n<p>A decis\u00e3o foi tomada ap\u00f3s a Organiza\u00e7\u00e3o Mundial da Sa\u00fade (OMS) decretar uma situa\u00e7\u00e3o de emerg\u00eancia em \u00e2mbito global, ao manifestar preocupa\u00e7\u00e3o com casos de transmiss\u00e3o fora da China e o impacto do coronav\u00edrus sobre os sistemas de sa\u00fade de pa\u00edses mais pobres.<\/p>\n<p>Agora, com a confirma\u00e7\u00e3o do primeiro caso, ser\u00e3o ampliadas as a\u00e7\u00f5es da vigil\u00e2ncia epidemiol\u00f3gica e os preparativos para atendimentos de poss\u00edveis pacientes na cidade de S\u00e3o Paulo, al\u00e9m de serem tomadas medidas de conten\u00e7\u00e3o para evitar que o v\u00edrus se espalhe em territ\u00f3rio nacional.<\/p>\n<p>Al\u00e9m do Brasil, outros pa\u00edses, como Gr\u00e9cia, Alg\u00e9ria, \u00c1ustria, Cro\u00e1cia, Espanha e Su\u00ed\u00e7a notificaram recentemente seus primeiros casos do novo coronav\u00edrus em pessoas que viajaram para a It\u00e1lia.<\/p>\n<p>No Brasil, al\u00e9m do primeiro caso confirmado, h\u00e1 20 casos suspeitos sendo monitorados, em sete Estados \u2014 S\u00e3o Paulo (11), Santa Catarina (2), Rio de Janeiro (2), Minas Gerais (2), Esp\u00edrito Santo (1), Para\u00edba (1) e Pernambuco (1). Outros 59 foram descartados.<\/p>\n<p>O novo coronav\u00edrus j\u00e1 provocou 2,7 mil mortes \u2014 2.666 na China. Isso aponta que o v\u00edrus tem uma taxa de letalidade no mundo de 3,4%. Mas este \u00edndice chega a 8% entre pacientes com 70 e 79 anos e a 15% entre aqueles com mais de 80 anos.<\/p>\n<p>&#8220;Esta \u00e9 uma s\u00edndrome gripal que se comporta de maneira mais agressiva nos pacientes de mais idade. Mas temos observado um n\u00famero expressivo de pessoas se recuperando da doen\u00e7a&#8221;, disse Mandetta.<\/p>\n<p>Segundo dados da OMS, o per\u00edodo de incuba\u00e7\u00e3o do v\u00edrus, ou seja, o tempo entre a infec\u00e7\u00e3o e o surgimento dos primeiros sintomas, \u00e9 de at\u00e9 14 dias, mas a m\u00e9dia apontada at\u00e9 agora \u00e9 de 5 dias.<\/p>\n<p>CONFIRA AQUI MEDIDAS PARA PREVENIR O V\u00cdRUS:\u00a0http:\/\/bit.ly\/2TmbIqv<\/p>\n<p>Fonte: BBC Brasil<\/p>\n","protected":false},"excerpt":{"rendered":"<p>O Minist\u00e9rio da Sa\u00fade anunciou nesta quarta-feira (26\/02) ter confirmado o primeiro caso do novo\u00a0coronav\u00edrus\u00a0no Brasil. Dois exames atestaram que um empres\u00e1rio de 61 anos que vive em S\u00e3o Paulo foi infectado ap\u00f3s viajar sozinho \u00e0 It\u00e1lia. Ele retornou na sexta-feira e apresentou sintomas, como febre, tosse, dor de garganta e coriza, dois dias depois. [&hellip;]<\/p>\n","protected":false},"author":1,"featured_media":748,"comment_status":"open","ping_status":"open","sticky":false,"template":"","format":"standard","meta":[],"categories":[3],"tags":[142],"_links":{"self":[{"href":"http:\/\/servicenterblog.institucional.ws\/index.php?rest_route=\/wp\/v2\/posts\/746"}],"collection":[{"href":"http:\/\/servicenterblog.institucional.ws\/index.php?rest_route=\/wp\/v2\/posts"}],"about":[{"href":"http:\/\/servicenterblog.institucional.ws\/index.php?rest_route=\/wp\/v2\/types\/post"}],"author":[{"embeddable":true,"href":"http:\/\/servicenterblog.institucional.ws\/index.php?rest_route=\/wp\/v2\/users\/1"}],"replies":[{"embeddable":true,"href":"http:\/\/servicenterblog.institucional.ws\/index.php?rest_route=%2Fwp%2Fv2%2Fcomments&post=746"}],"version-history":[{"count":1,"href":"http:\/\/servicenterblog.institucional.ws\/index.php?rest_route=\/wp\/v2\/posts\/746\/revisions"}],"predecessor-version":[{"id":749,"href":"http:\/\/servicenterblog.institucional.ws\/index.php?rest_route=\/wp\/v2\/posts\/746\/revisions\/749"}],"wp:featuredmedia":[{"embeddable":true,"href":"http:\/\/servicenterblog.institucional.ws\/index.php?rest_route=\/wp\/v2\/media\/748"}],"wp:attachment":[{"href":"http:\/\/servicenterblog.institucional.ws\/index.php?rest_route=%2Fwp%2Fv2%2Fmedia&parent=746"}],"wp:term":[{"taxonomy":"category","embeddable":true,"href":"http:\/\/servicenterblog.institucional.ws\/index.php?rest_route=%2Fwp%2Fv2%2Fcategories&post=746"},{"taxonomy":"post_tag","embeddable":true,"href":"http:\/\/servicenterblog.institucional.ws\/index.php?rest_route=%2Fwp%2Fv2%2Ftags&post=746"}],"curies":[{"name":"wp","href":"https:\/\/api.w.org\/{rel}","templated":true}]}}