{"id":731,"date":"2020-02-16T22:15:10","date_gmt":"2020-02-17T01:15:10","guid":{"rendered":"http:\/\/servicentermedic1.hospedagemdesites.ws\/blog\/?p=731"},"modified":"2020-02-16T22:15:10","modified_gmt":"2020-02-17T01:15:10","slug":"fevereiro-laranja-alerta-sobre-leucemia-cancer-que-afeta-o-sangue","status":"publish","type":"post","link":"http:\/\/servicenterblog.institucional.ws\/?p=731","title":{"rendered":"Fevereiro Laranja alerta sobre leucemia, c\u00e2ncer que afeta o sangue"},"content":{"rendered":"<p>A campanha Fevereiro Laranja alerta sobre a\u00a0leucemia, c\u00e2ncer que afeta os gl\u00f3bulos brancos. A\u00a0principal caracter\u00edstica desse mal \u00e9 o ac\u00famulo de c\u00e9lulas doentes na medula \u00f3ssea, que \u00e9 o local de fabrica\u00e7\u00e3o das c\u00e9lulas sangu\u00edneas.<\/p>\n<p>A leucemia pode ter a forma aguda ou cr\u00f4nica. Na forma aguda, as c\u00e9lulas se multiplicam rapidamente provocando a morte das c\u00e9lulas saud\u00e1veis na medula \u00f3ssea e sangue. Com isto, o paciente apresentar\u00e1 sintomas\u00a0como intensa palidez, febre, dor \u00f3ssea e sangramento cut\u00e2neo (hematomas no corpo), e se n\u00e3o tratado, vir\u00e1 a \u00f3bito em poucas semanas.<\/p>\n<p tabindex=\"0\">Na forma cr\u00f4nica, as c\u00e9lulas se multiplicam lentamente e os sintomas podem demorar muitos meses para aparecerem. Esta forma tamb\u00e9m requer diagn\u00f3stico e tratamento espec\u00edfico, mas os sintomas s\u00e3o menos intensos.<\/p>\n<p tabindex=\"0\">Os tratamentos indicados para a leucemia dependem do tipo e extens\u00e3o da doen\u00e7a. A pessoa pode fazer quimioterapia, imunoterapia, radioterapia, transplante de medula \u00f3ssea ou a associa\u00e7\u00e3o de diferentes\u00a0tratamentos.<\/p>\n<p>Segundo estimativas do Instituto Nacional de C\u00e2ncer Jos\u00e9 Alencar Gomes da Silva (INCA), s\u00e3o esperados para 2020 cerca de 10.810 novos casos de leucemia no Brasil. Minas Gerais \u00e9 o segundo estado do Brasil com as maiores estimativas de leucemia (960 novos casos), ficando atr\u00e1s apenas do estado de S\u00e3o Paulo (2.300 novos casos).<\/p>\n<p tabindex=\"0\">A leucemia ocorre mais frequentemente em adultos com mais de 55 anos, mas tamb\u00e9m \u00e9 o c\u00e2ncer mais comum em crian\u00e7as menores de 15 anos.<\/p>\n<p>Seja um doador de sangue e medula \u00f3ssea, salve vidas!<\/p>\n<p>Fonte: Minist\u00e9rio da Sa\u00fade<\/p>\n","protected":false},"excerpt":{"rendered":"<p>A campanha Fevereiro Laranja alerta sobre a\u00a0leucemia, c\u00e2ncer que afeta os gl\u00f3bulos brancos. A\u00a0principal caracter\u00edstica desse mal \u00e9 o ac\u00famulo de c\u00e9lulas doentes na medula \u00f3ssea, que \u00e9 o local de fabrica\u00e7\u00e3o das c\u00e9lulas sangu\u00edneas. A leucemia pode ter a forma aguda ou cr\u00f4nica. Na forma aguda, as c\u00e9lulas se multiplicam rapidamente provocando a morte [&hellip;]<\/p>\n","protected":false},"author":1,"featured_media":732,"comment_status":"open","ping_status":"open","sticky":false,"template":"","format":"standard","meta":[],"categories":[3],"tags":[72,147,146,107],"_links":{"self":[{"href":"http:\/\/servicenterblog.institucional.ws\/index.php?rest_route=\/wp\/v2\/posts\/731"}],"collection":[{"href":"http:\/\/servicenterblog.institucional.ws\/index.php?rest_route=\/wp\/v2\/posts"}],"about":[{"href":"http:\/\/servicenterblog.institucional.ws\/index.php?rest_route=\/wp\/v2\/types\/post"}],"author":[{"embeddable":true,"href":"http:\/\/servicenterblog.institucional.ws\/index.php?rest_route=\/wp\/v2\/users\/1"}],"replies":[{"embeddable":true,"href":"http:\/\/servicenterblog.institucional.ws\/index.php?rest_route=%2Fwp%2Fv2%2Fcomments&post=731"}],"version-history":[{"count":1,"href":"http:\/\/servicenterblog.institucional.ws\/index.php?rest_route=\/wp\/v2\/posts\/731\/revisions"}],"predecessor-version":[{"id":733,"href":"http:\/\/servicenterblog.institucional.ws\/index.php?rest_route=\/wp\/v2\/posts\/731\/revisions\/733"}],"wp:featuredmedia":[{"embeddable":true,"href":"http:\/\/servicenterblog.institucional.ws\/index.php?rest_route=\/wp\/v2\/media\/732"}],"wp:attachment":[{"href":"http:\/\/servicenterblog.institucional.ws\/index.php?rest_route=%2Fwp%2Fv2%2Fmedia&parent=731"}],"wp:term":[{"taxonomy":"category","embeddable":true,"href":"http:\/\/servicenterblog.institucional.ws\/index.php?rest_route=%2Fwp%2Fv2%2Fcategories&post=731"},{"taxonomy":"post_tag","embeddable":true,"href":"http:\/\/servicenterblog.institucional.ws\/index.php?rest_route=%2Fwp%2Fv2%2Ftags&post=731"}],"curies":[{"name":"wp","href":"https:\/\/api.w.org\/{rel}","templated":true}]}}