{"id":705,"date":"2020-01-16T00:03:04","date_gmt":"2020-01-16T02:03:04","guid":{"rendered":"http:\/\/servicentermedic1.hospedagemdesites.ws\/blog\/?p=705"},"modified":"2020-01-16T00:03:04","modified_gmt":"2020-01-16T02:03:04","slug":"salmonella-o-que-e-formas-de-contaminacao-sintomas-e-tratamento-da-doenca","status":"publish","type":"post","link":"http:\/\/servicenterblog.institucional.ws\/?p=705","title":{"rendered":"Salmonella: o que \u00e9, formas de contamina\u00e7\u00e3o, sintomas e tratamento da doen\u00e7a"},"content":{"rendered":"<h4 class=\"entry-subtitle g1-gamma g1-gamma-3rd\"><em>As enfermidades causadas pelo grupo de bact\u00e9rias Salmonella s\u00e3o\u00a0consideradas um dos problemas mais graves de Sa\u00fade P\u00fablica em todo o mundo<\/p>\n<p><\/em><\/h4>\n<p>H\u00e1 algum tempo um grupo brasileiro de distribui\u00e7\u00e3o de carnes\u00a0enfrentou um esc\u00e2ndalo de grandes propor\u00e7\u00f5es devido \u00e0\u00a0<strong>presen\u00e7a de Salmonella em seus alimentos.\u00a0<\/strong>O fato deixou muitas pessoas assustadas e chamou a aten\u00e7\u00e3o para essa doen\u00e7a\u00a0bacteriana, bastante perigosa devido \u00e0 r\u00e1pida progress\u00e3o dos sintomas\u00a0quanto n\u00e3o tratados. Entenda como ela age e como evit\u00e1-la.<\/p>\n<h2>O que \u00e9 Salmonella?<\/h2>\n<p>A Salmonella \u00e9 um g\u00eanero de bact\u00e9rias que pertence \u00e0 fam\u00edlia\u00a0<em>Enterobacteriaceae<\/em>\u00a0e que provoca a doen\u00e7a salmonelose no ser humano. O\u00a0cientista Daniel Elmer Salmon foi o primeiro a associar a doen\u00e7a com a\u00a0bact\u00e9ria, h\u00e1 mais de 100 anos, e por isso ela recebeu esse nome.<\/p>\n<p>O\u00a0<a href=\"https:\/\/oglobo.globo.com\/economia\/so-poucos-tipos-de-salmonela-fazem-mal-saude-1-22456779#ixzz5HAe5Sf9j\" target=\"_blank\" rel=\"noopener\">Minist\u00e9rio da Agricultura<\/a>\u00a0aponta que s\u00e3o conhecidos mais de 2.500 tipos\u00a0da doen\u00e7a, que \u00e9 encontrada em produtos de origem animal ou vegetal e no\u00a0meio ambiente. Segundo o \u00f3rg\u00e3o, os tipos mais importantes dentro s\u00e3o a\u00a0<em>Salmonella Enteritidis<\/em>\u00a0e a\u00a0<em>Salmonella Typhimurium<\/em>, que\u00a0s\u00e3o transmitidas aos seres humanos. Outros tipos de bact\u00e9rias, mais comuns\u00a0em animais, s\u00e3o a\u00a0<em>Salmonella subterranea<\/em>\u00a0e\u00a0<em>Salmonella bongori<\/em>.<\/p>\n<div class=\"adace-slot-wrapper adace-after-paragraph-2 adace-align-left adace-slot-wrapper-main\"><\/div>\n<p>As enfermidades causadas por esse grupo de bact\u00e9rias m\u00f3veis s\u00e3o\u00a0consideradas um dos problemas mais graves de Sa\u00fade P\u00fablica em todo o mundo.<\/p>\n<h2>Sintomas de infec\u00e7\u00e3o por salmonella<\/h2>\n<p>Na grande maioria dos casos, a transmiss\u00e3o se d\u00e1 por via oral. No processo,\u00a0a bact\u00e9ria passa pelo est\u00f4mago, onde se multiplica e atinge as c\u00e9lulas do\u00a0intestino, provocando os seguintes sintomas:<\/p>\n<ul>\n<li>Diarreia (com sangue, em alguns casos);<\/li>\n<li>Dor abdominal;<\/li>\n<li>N\u00e1useas e v\u00f4mitos;<\/li>\n<li>Febre;<\/li>\n<li>Falta de apetite;<\/li>\n<li>Dor de cabe\u00e7a.<\/li>\n<\/ul>\n<p>O per\u00edodo de incuba\u00e7\u00e3o varia de oito a 48 horas ap\u00f3s o contato com a\u00a0bact\u00e9ria. Se n\u00e3o for tratada, a salmonelose pode evoluir para outras doen\u00e7as mais\u00a0graves, que tamb\u00e9m s\u00e3o provocadas pelos tipos mais comuns de Salmonella:<\/p>\n<div class=\"adace-slot-wrapper adace-after-paragraph-3 adace-align-center adace-slot-wrapper-main\"><\/div>\n<ul>\n<li><strong>Febre ent\u00e9rica ou febre tifoide:<\/strong>\u00a0causa fraqueza, dor de cabe\u00e7a, press\u00e3o alta e dores abdominais e\u00a0musculares. A doen\u00e7a perdura por at\u00e9 oito semanas, e a taxa de mortalidade associada \u00e9\u00a0alta, principalmente em regi\u00f5es pobres. O tratamento \u00e9 feito com\u00a0antibi\u00f3ticos, mas o estado de sa\u00fade do portador fica afetado por v\u00e1rios\u00a0meses;<\/li>\n<li><strong>Enterocolite:<\/strong>\u00a0provoca v\u00f4mito, diarreia, febre, n\u00e1useas e dores abdominais, sintomas<br \/>\nque desaparecem ap\u00f3s cinco dias. \u00c9 mais comum quando o alimento que\u00a0gerou a contamina\u00e7\u00e3o apresenta elevadores teores de gordura;<\/li>\n<li><a href=\"https:\/\/www.dicasonline.com\/gastroenterite\/\"><strong>Gastroenterite<\/strong><\/a><strong>:<\/strong>\u00a0inflama\u00e7\u00e3o gastrointestinal que atinge o estomago e o intestino delgado<br \/>\ne que provoca os mesmos sintomas da enterocolite. \u00c9 tamb\u00e9m chamada de\u00a0gripe intestinal, pois se manifesta por mais ou menos duas semanas;<\/li>\n<li><strong>Septicemia ou sepse:<\/strong>\u00a0consequ\u00eancia da infec\u00e7\u00e3o por Salmonella, que pode ser gerada quando o\u00a0corpo d\u00e1 uma resposta agressiva e acaba danificando os tecidos e<br \/>\n\u00f3rg\u00e3os. \u00c9 potencialmente fatal.<\/p>\n<h2>Origens da contamina\u00e7\u00e3o<\/h2>\n<p>A forma mais comum de transmiss\u00e3o \u00e9 o contato com animais infectados ou o\u00a0consumo de alimentos crus ou mal cozidos contaminados com fezes. At\u00e9 mesmo\u00a0o consumo de \u00e1gua contaminada pode levar \u00e0 doen\u00e7a.<\/p>\n<p>\u00c9 importante lembrar que a carne,\u00a0<a href=\"https:\/\/www.dicasonline.com\/ovos-contaminados\/\" target=\"_blank\" rel=\"noopener\">os ovos e o leite s\u00e3o frequentemente\u00a0contaminados<\/a>\u00a0com fezes dos animais durante a produ\u00e7\u00e3o, principalmente pela\u00a0falta de pr\u00e1ticas de higiene corretas. Os alimentos de origem animal que oferecem maior risco s\u00e3o as carnes de\u00a0aves (principalmente frango e peru), leite n\u00e3o pasteurizado e seus\u00a0derivados e \u00e1gua.<\/p>\n<p>No entanto, mesmo os vegetarianos e veganos n\u00e3o est\u00e3o livres da infec\u00e7\u00e3o\u00a0por Salmonella, uma vez que frutas, ervas arom\u00e1ticas e especiarias tamb\u00e9m\u00a0podem ter contato com fezes contaminadas de animais durante o cultivo.<\/p>\n<p>Outra fonte de transmiss\u00e3o comum s\u00e3o equipamentos e superf\u00edcies usados no processamento de alimentos, desde os industriais at\u00e9 os dom\u00e9sticos, quando\u00a0n\u00e3o s\u00e3o limpos e desinfetados da maneira correta.<\/p>\n<div class=\"adace-slot-wrapper adace-middle-content adace-align-center adace-slot-wrapper-main\"><\/div>\n<h3>Fatores de risco<\/h3>\n<p>Quem tem animais de estima\u00e7\u00e3o em casa corre o risco de ter contato com a\u00a0bact\u00e9ria presente nas fezes, principalmente r\u00e9pteis, j\u00e1 que a maioria\u00a0possui o parasita em seu sistema. Outros fatores de risco envolvem imunidade baixa, idade (crian\u00e7as e idosos\u00a0s\u00e3o mais suscet\u00edveis), anemia, menor acidez g\u00e1strica, gravidez, leucemia e\u00a0AIDS.<\/p>\n<h2>Preven\u00e7\u00e3o<\/h2>\n<p>Como a defesa \u00e9 a melhor estrat\u00e9gia para combater doen\u00e7as e infec\u00e7\u00f5es,\u00a0recomenda-se adotar as seguintes medidas:<\/p>\n<ul>\n<li>Evitar o consumo de carne crua e mal passada;<\/li>\n<li>Cozinhar bem os alimentos antes de consumir, principalmente a carne de\u00a0frango;<\/li>\n<li>Lavar frutas, verduras e legumes antes de comer<\/li>\n<li>Higienizar todos os equipamentos utilizados para o preparo das refei\u00e7\u00f5es,\u00a0al\u00e9m de lavar as m\u00e3os com frequ\u00eancia;<\/li>\n<li>Cozinhar bem os ovos e evitar o consumo de pratos que levem ovos crus,\u00a0como gemada e maionese caseira;<\/li>\n<li>N\u00e3o consumir leite n\u00e3o pasteurizado;<\/li>\n<li>Lavar bem as m\u00e3os ap\u00f3s contato com r\u00e9pteis e evitar a presen\u00e7a desses animais em casas com crian\u00e7as.<\/li>\n<\/ul>\n<h2>Diagn\u00f3stico e tratamento da salmonelose<\/h2>\n<p>Somente um exame de fezes poder\u00e1 confirmar se o paciente est\u00e1 infectado\u00a0pela Salmonella. O m\u00e9dico dever\u00e1, ainda, solicitar um exame de sangue e\u00a0informa\u00e7\u00f5es detalhadas sobre o hist\u00f3rico de sa\u00fade, sobre h\u00e1bitos alimentares e sobre \u00faltimas refei\u00e7\u00f5es do paciente.<\/p>\n<p>Os tipos mais comuns da doen\u00e7a s\u00e3o tratados com medica\u00e7\u00e3o adequada, repouso\u00a0e hidrata\u00e7\u00e3o para repor as perdas pela diarreia. Pacientes que desenvolvem\u00a0bacteremia (quando as bact\u00e9rias afetam outros \u00f3rg\u00e3os), devem ser tratados\u00a0com antibi\u00f3ticos e, em alguns casos, interna\u00e7\u00e3o.<\/p>\n<p>Se o m\u00e9dico constatar v\u00e1rios casos de infec\u00e7\u00e3o por Salmonella transmitidos\u00a0por alimentos e l\u00edquidos contaminados em um per\u00edodo curto de tempo, a\u00a0Vigil\u00e2ncia Sanit\u00e1ria deve ser informada, pois pode haver um surto.<\/p>\n<p>As dicas deste artigo n\u00e3o substituem a consulta ao m\u00e9dico. Lembre-se que cada organismo \u00e9 \u00fanico e pode reagir de forma diferente ao mencionado. E para obter os resultados mencionados tamb\u00e9m \u00e9 preciso aliar a uma vida e alimenta\u00e7\u00e3o saud\u00e1vel e equilibrada.<\/p>\n<p>Fonte: Minist\u00e9rio da Sa\u00fade<\/li>\n<\/ul>\n<h4 class=\"entry-subtitle g1-gamma g1-gamma-3rd\"><em>\u00a0<\/em><\/h4>\n","protected":false},"excerpt":{"rendered":"<p>As enfermidades causadas pelo grupo de bact\u00e9rias Salmonella s\u00e3o\u00a0consideradas um dos problemas mais graves de Sa\u00fade P\u00fablica em todo o mundo H\u00e1 algum tempo um grupo brasileiro de distribui\u00e7\u00e3o de carnes\u00a0enfrentou um esc\u00e2ndalo de grandes propor\u00e7\u00f5es devido \u00e0\u00a0presen\u00e7a de Salmonella em seus alimentos.\u00a0O fato deixou muitas pessoas assustadas e chamou a aten\u00e7\u00e3o para essa doen\u00e7a\u00a0bacteriana, [&hellip;]<\/p>\n","protected":false},"author":1,"featured_media":706,"comment_status":"open","ping_status":"open","sticky":false,"template":"","format":"standard","meta":[],"categories":[3],"tags":[79,137,136,18,26,135],"_links":{"self":[{"href":"http:\/\/servicenterblog.institucional.ws\/index.php?rest_route=\/wp\/v2\/posts\/705"}],"collection":[{"href":"http:\/\/servicenterblog.institucional.ws\/index.php?rest_route=\/wp\/v2\/posts"}],"about":[{"href":"http:\/\/servicenterblog.institucional.ws\/index.php?rest_route=\/wp\/v2\/types\/post"}],"author":[{"embeddable":true,"href":"http:\/\/servicenterblog.institucional.ws\/index.php?rest_route=\/wp\/v2\/users\/1"}],"replies":[{"embeddable":true,"href":"http:\/\/servicenterblog.institucional.ws\/index.php?rest_route=%2Fwp%2Fv2%2Fcomments&post=705"}],"version-history":[{"count":1,"href":"http:\/\/servicenterblog.institucional.ws\/index.php?rest_route=\/wp\/v2\/posts\/705\/revisions"}],"predecessor-version":[{"id":707,"href":"http:\/\/servicenterblog.institucional.ws\/index.php?rest_route=\/wp\/v2\/posts\/705\/revisions\/707"}],"wp:featuredmedia":[{"embeddable":true,"href":"http:\/\/servicenterblog.institucional.ws\/index.php?rest_route=\/wp\/v2\/media\/706"}],"wp:attachment":[{"href":"http:\/\/servicenterblog.institucional.ws\/index.php?rest_route=%2Fwp%2Fv2%2Fmedia&parent=705"}],"wp:term":[{"taxonomy":"category","embeddable":true,"href":"http:\/\/servicenterblog.institucional.ws\/index.php?rest_route=%2Fwp%2Fv2%2Fcategories&post=705"},{"taxonomy":"post_tag","embeddable":true,"href":"http:\/\/servicenterblog.institucional.ws\/index.php?rest_route=%2Fwp%2Fv2%2Ftags&post=705"}],"curies":[{"name":"wp","href":"https:\/\/api.w.org\/{rel}","templated":true}]}}