{"id":693,"date":"2020-01-02T20:39:30","date_gmt":"2020-01-02T22:39:30","guid":{"rendered":"http:\/\/servicentermedic1.hospedagemdesites.ws\/blog\/?p=693"},"modified":"2020-01-02T20:39:30","modified_gmt":"2020-01-02T22:39:30","slug":"janeiro-branco-por-uma-cultura-da-saude-mental","status":"publish","type":"post","link":"http:\/\/servicenterblog.institucional.ws\/?p=693","title":{"rendered":"Janeiro Branco: por uma cultura da Sa\u00fade Mental"},"content":{"rendered":"<p>Segundo a Organiza\u00e7\u00e3o Mundial da Sa\u00fade (OMS), nos \u00faltimos anos as doen\u00e7as mentais tiveram um aumento consider\u00e1vel, e esse resultado \u00e9 motivo de grande preocupa\u00e7\u00e3o entre os profissionais da sa\u00fade.<\/p>\n<p>Para lembrar as pessoas de cuidarem n\u00e3o s\u00f3 da sa\u00fade f\u00edsica, mas tamb\u00e9m da mental, psic\u00f3logos brasileiros criaram a campanha Janeiro Branco, que usa o m\u00eas em que tradicionalmente as pessoas est\u00e3o mais focadas em resolu\u00e7\u00f5es e metas para o ano para instigar nelas um maior cuidado com o seu bem-estar ps\u00edquico.<\/p>\n<p>O que levar\u00e1 cada pessoa a buscar ajuda profissional \u00e9 muito particular, j\u00e1 que cada pessoa vive e interpreta experi\u00eancias de modo particular. Por\u00e9m, o principal sinal de alerta \u00e9 quando percebemos que, por algum motivo n\u00e3o estamos nos sentindo bem. Muitas vezes somos consumidos por estresse, tristeza, dificuldade nas rela\u00e7\u00f5es, des\u00e2nimo; e a terapia pode ajudar a nos sentir melhor e a descobrir como lidar com tais dificuldades. A terapia apenas nos enriquece como pessoa. Nos ajuda a lidar melhor com os outros, com o mundo e principalmente com n\u00f3s mesmos. Aprendemos a superar nossas dificuldades, e principalmente, a identificar e aprender a lidar com nossas emo\u00e7\u00f5es.<\/p>\n<p>A Servicenter apoia esta causa!<\/p>\n","protected":false},"excerpt":{"rendered":"<p>Segundo a Organiza\u00e7\u00e3o Mundial da Sa\u00fade (OMS), nos \u00faltimos anos as doen\u00e7as mentais tiveram um aumento consider\u00e1vel, e esse resultado \u00e9 motivo de grande preocupa\u00e7\u00e3o entre os profissionais da sa\u00fade. Para lembrar as pessoas de cuidarem n\u00e3o s\u00f3 da sa\u00fade f\u00edsica, mas tamb\u00e9m da mental, psic\u00f3logos brasileiros criaram a campanha Janeiro Branco, que usa o [&hellip;]<\/p>\n","protected":false},"author":1,"featured_media":694,"comment_status":"open","ping_status":"open","sticky":false,"template":"","format":"standard","meta":[],"categories":[2,3],"tags":[133,131,132,96,95],"_links":{"self":[{"href":"http:\/\/servicenterblog.institucional.ws\/index.php?rest_route=\/wp\/v2\/posts\/693"}],"collection":[{"href":"http:\/\/servicenterblog.institucional.ws\/index.php?rest_route=\/wp\/v2\/posts"}],"about":[{"href":"http:\/\/servicenterblog.institucional.ws\/index.php?rest_route=\/wp\/v2\/types\/post"}],"author":[{"embeddable":true,"href":"http:\/\/servicenterblog.institucional.ws\/index.php?rest_route=\/wp\/v2\/users\/1"}],"replies":[{"embeddable":true,"href":"http:\/\/servicenterblog.institucional.ws\/index.php?rest_route=%2Fwp%2Fv2%2Fcomments&post=693"}],"version-history":[{"count":1,"href":"http:\/\/servicenterblog.institucional.ws\/index.php?rest_route=\/wp\/v2\/posts\/693\/revisions"}],"predecessor-version":[{"id":695,"href":"http:\/\/servicenterblog.institucional.ws\/index.php?rest_route=\/wp\/v2\/posts\/693\/revisions\/695"}],"wp:featuredmedia":[{"embeddable":true,"href":"http:\/\/servicenterblog.institucional.ws\/index.php?rest_route=\/wp\/v2\/media\/694"}],"wp:attachment":[{"href":"http:\/\/servicenterblog.institucional.ws\/index.php?rest_route=%2Fwp%2Fv2%2Fmedia&parent=693"}],"wp:term":[{"taxonomy":"category","embeddable":true,"href":"http:\/\/servicenterblog.institucional.ws\/index.php?rest_route=%2Fwp%2Fv2%2Fcategories&post=693"},{"taxonomy":"post_tag","embeddable":true,"href":"http:\/\/servicenterblog.institucional.ws\/index.php?rest_route=%2Fwp%2Fv2%2Ftags&post=693"}],"curies":[{"name":"wp","href":"https:\/\/api.w.org\/{rel}","templated":true}]}}