{"id":666,"date":"2019-12-09T14:13:37","date_gmt":"2019-12-09T16:13:37","guid":{"rendered":"http:\/\/servicentermedic1.hospedagemdesites.ws\/blog\/?p=666"},"modified":"2019-12-09T14:13:37","modified_gmt":"2019-12-09T16:13:37","slug":"dezembro-laranja-da-sociedade-brasileira-de-dermatologia-alerta-um-sinal-pode-ser-cancer-de-pele","status":"publish","type":"post","link":"http:\/\/servicenterblog.institucional.ws\/?p=666","title":{"rendered":"Dezembro Laranja, da Sociedade Brasileira de Dermatologia, alerta: um sinal pode ser c\u00e2ncer de pele!"},"content":{"rendered":"<p><strong>#DEZEMBROLARANJA<\/strong>, campanha do c\u00e2ncer de pele da Sociedade Brasileira de Dermatologia (SBD). No ano de 2019, al\u00e9m de conscientizar a popula\u00e7\u00e3o sobre a preven\u00e7\u00e3o desde a inf\u00e2ncia, a iniciativa tem como objetivo principal alertar sobre os\u00a0<strong>#SINAISDOCANCERDEPELE<\/strong>\u00a0para diagn\u00f3stico e tratamento precoces, aumentando as chances de cura na grande maioria dos casos. Os n\u00fameros de c\u00e2ncer de pele no Brasil s\u00e3o alarmantes! De acordo com o Instituto Nacional do C\u00e2ncer (INCA), anualmente, s\u00e3o diagnosticados 180 mil casos novos da doen\u00e7a. Isso significa que 1 em cada 4 casos novos de c\u00e2ncer no Brasil, \u00e9 de pele.<\/p>\n<p>\u201cTemos um problema de sa\u00fade p\u00fablica e a SBD transformou esse problema numa ampla campanha de combate ao c\u00e2ncer da pele por meio do Dezembro Laranja, m\u00eas de conscientiza\u00e7\u00e3o sobre a doen\u00e7a&#8221;, explica Dr. Sergio Palma, Presidente da Institui\u00e7\u00e3o. Segundo ele, \u201creduzir as estat\u00edsticas de incid\u00eancia de c\u00e2ncer da pele \u00e9 uma meta alcan\u00e7\u00e1vel e a Sociedade Brasileira de Dermatologia est\u00e1 comprometida em diminuir a ocorr\u00eancia e a mortalidade\u201d.<\/p>\n<p>Segundo o dermatologista Elimar Gomes, Coordenador Nacional do Dezembro Laranja, \u201cquase 90% dos casos existentes s\u00e3o de carcinomas. Esses tumores t\u00eam letalidade baixa, mas provocam cerca de 1.900 \u00f3bitos a cada ano no nosso pa\u00eds. Menos comum, o c\u00e2ncer melanoma \u00e9 o tipo mais agressivo e, por este motivo, causa mais de 1.700 \u00f3bitos anualmente. N\u00f3s conhecemos a origem da doen\u00e7a e sabemos que \u00e9 poss\u00edvel preveni-la, por este motivo a conscientiza\u00e7\u00e3o p\u00fablica \u00e9 uma das formas de reduzir o n\u00famero de casos\u201d, conclui o m\u00e9dico.<\/p>\n<p><strong>Sobre o c\u00e2ncer da pele<\/strong><\/p>\n<p>Este tipo de c\u00e2ncer \u00e9 provocado pelo crescimento anormal das c\u00e9lulas que comp\u00f5em a pele. Existem diferentes tipos de c\u00e2ncer da pele que podem se manifestar de formas distintas, sendo os mais comuns denominados carcinoma basocelular e carcinoma espinocelular \u2013 chamados de c\u00e2ncer n\u00e3o melanoma \u2013 e que apresentam altos percentuais de cura se diagnosticados e tratados precocemente. Um terceiro tipo, o melanoma, apesar de n\u00e3o ser o mais incidente, \u00e9 o mais agressivo e potencialmente letal. Quando descoberta no in\u00edcio, a doen\u00e7a tem mais de 90% de chance de cura.<\/p>\n<p>\u201cEm todos eles, a exposi\u00e7\u00e3o excessiva e sem prote\u00e7\u00e3o ao sol \u00e9 o principal fator de risco que pode desencadear a doen\u00e7a , que pode se manifestar como uma pinta ou mancha, geralmente acastanhada ou enegrecida; como uma p\u00e1pula ou n\u00f3dulo avermelhado, cor da pele e perolado (brilhoso); ou como uma ferida que n\u00e3o cicatriza\u201d, diz Jade Cury Martins, Coordenadora do Departamento de Oncologia Cut\u00e2nea da SBD.<\/p>\n<p>Por isso, a Sociedade Brasileira de Dermatologia orienta que as pessoas se examinem com regularidade, consultando um dermatologista em caso de suspeita. Tamb\u00e9m \u00e9 importante que se examine familiares, pois muitas vezes os c\u00e2nceres podem aparecer em regi\u00f5es que n\u00e3o \u00e9 poss\u00edvel reconhecer sozinho. Ao se expor ao sol, \u00e9 importante que as \u00e1reas descobertas estejam protegidas, mesmo em dias frios e nublados.<\/p>\n<p>A SBD tamb\u00e9m lembra que uma forma importante de evitar a doen\u00e7a \u00e9 a preven\u00e7\u00e3o; o\u00a0autoexame \u00e9 v\u00e1lido, mas\u00a0n\u00e3o substitui a ida ao m\u00e9dico dermatologista. O Dezembro Laranja 2019 conta com patroc\u00ednio da L\u2019Or\u00e9al, Johnson e Johnson e Mantecorp.<\/p>\n<p>Fique atento aos\u00a0<strong>#sinaisdocancerdepele<\/strong>\u00a0e participe do\u00a0<strong>#dezembrolaranja<\/strong>.<\/p>\n<p><strong>Medidas fotoprotetoras<\/strong><\/p>\n<p>As recomenda\u00e7\u00f5es b\u00e1sicas da SBD incluem a ado\u00e7\u00e3o de medidas fotoprotetoras, como evitar os hor\u00e1rios de maior incid\u00eancia solar (das 9h \u00e0s 15h); utilizar chap\u00e9us de abas largas, \u00f3culos de sol com prote\u00e7\u00e3o UV e roupas que cubram boa parte do corpo; procurar locais de sombra, bem como manter uma boa hidrata\u00e7\u00e3o corporal. A sociedade m\u00e9dica tamb\u00e9m orienta para o uso di\u00e1rio de protetor solar com fator de prote\u00e7\u00e3o de no m\u00ednimo 30, que deve ser reaplicado a intervalos de duas a tr\u00eas horas, ou ap\u00f3s longos per\u00edodos de imers\u00e3o na \u00e1gua.<\/p>\n<p><strong>Casos no Brasil<\/strong><br \/>\nDe acordo com o Instituto Nacional do C\u00e2ncer (Inca), 30% de todos os tumores malignos do Brasil correspondem ao c\u00e2ncer da pele. Para o bi\u00eanio 2018\/2019, a estimativa \u00e9 de 165.580 mil novos casos de c\u00e2ncer da pele n\u00e3o melanoma. Um dado novo desse per\u00edodo \u00e9 que, em rela\u00e7\u00e3o \u00e0 \u00faltima estimativa do Inca (2016\/2017), a doen\u00e7a acometer\u00e1 mais homens (85.170 mil) do que mulheres (80.410 mil). Outra not\u00edcia \u00e9 sobre a estimativa de novas ocorr\u00eancias de c\u00e2ncer da pele n\u00e3o melanoma ter diminu\u00eddo em 10 mil casos de um bi\u00eanio para o outro.<\/p>\n<p>Assim como nas campanhas anteriores, em 2019, a SBD conta com parcerias de \u00f3rg\u00e3os p\u00fablicos, institui\u00e7\u00f5es de sa\u00fade e empresas, para trabalhar em colabora\u00e7\u00e3o e superar desafios a fim de reverter o n\u00famero de casos da doen\u00e7a no pa\u00eds. A sociedade civil tamb\u00e9m est\u00e1 convidada a participar da campanha. Algumas sugest\u00f5es para quem quiser aderir s\u00e3o: divulgar o mutir\u00e3o de atendimento para diagn\u00f3stico e preven\u00e7\u00e3o do c\u00e2ncer da pele que acontece em todo o Brasil no dia 7 de dezembro; usar la\u00e7os ou fitas laranjas; e publicar as\u00a0<strong>#DezembroLaranja<\/strong>\u00a0e\u00a0<strong>#sinaisdocancerdepele<\/strong>\u00a0nas redes sociais.<\/p>\n<p>Mais uma vez, a SBD entende que este \u00e9 o momento aumentar a visibilidade sobre o tema, com a promo\u00e7\u00e3o de uma campanha participativa, coletiva e atuante.<\/p>\n<p>Fonte: Sociedade Brasileira de Dermatologia &#8211; dez\/2019<\/p>\n","protected":false},"excerpt":{"rendered":"<p>#DEZEMBROLARANJA, campanha do c\u00e2ncer de pele da Sociedade Brasileira de Dermatologia (SBD). No ano de 2019, al\u00e9m de conscientizar a popula\u00e7\u00e3o sobre a preven\u00e7\u00e3o desde a inf\u00e2ncia, a iniciativa tem como objetivo principal alertar sobre os\u00a0#SINAISDOCANCERDEPELE\u00a0para diagn\u00f3stico e tratamento precoces, aumentando as chances de cura na grande maioria dos casos. Os n\u00fameros de c\u00e2ncer de [&hellip;]<\/p>\n","protected":false},"author":1,"featured_media":667,"comment_status":"open","ping_status":"open","sticky":false,"template":"","format":"standard","meta":[],"categories":[3],"tags":[116,118,115,117,26,11,119],"_links":{"self":[{"href":"http:\/\/servicenterblog.institucional.ws\/index.php?rest_route=\/wp\/v2\/posts\/666"}],"collection":[{"href":"http:\/\/servicenterblog.institucional.ws\/index.php?rest_route=\/wp\/v2\/posts"}],"about":[{"href":"http:\/\/servicenterblog.institucional.ws\/index.php?rest_route=\/wp\/v2\/types\/post"}],"author":[{"embeddable":true,"href":"http:\/\/servicenterblog.institucional.ws\/index.php?rest_route=\/wp\/v2\/users\/1"}],"replies":[{"embeddable":true,"href":"http:\/\/servicenterblog.institucional.ws\/index.php?rest_route=%2Fwp%2Fv2%2Fcomments&post=666"}],"version-history":[{"count":1,"href":"http:\/\/servicenterblog.institucional.ws\/index.php?rest_route=\/wp\/v2\/posts\/666\/revisions"}],"predecessor-version":[{"id":668,"href":"http:\/\/servicenterblog.institucional.ws\/index.php?rest_route=\/wp\/v2\/posts\/666\/revisions\/668"}],"wp:featuredmedia":[{"embeddable":true,"href":"http:\/\/servicenterblog.institucional.ws\/index.php?rest_route=\/wp\/v2\/media\/667"}],"wp:attachment":[{"href":"http:\/\/servicenterblog.institucional.ws\/index.php?rest_route=%2Fwp%2Fv2%2Fmedia&parent=666"}],"wp:term":[{"taxonomy":"category","embeddable":true,"href":"http:\/\/servicenterblog.institucional.ws\/index.php?rest_route=%2Fwp%2Fv2%2Fcategories&post=666"},{"taxonomy":"post_tag","embeddable":true,"href":"http:\/\/servicenterblog.institucional.ws\/index.php?rest_route=%2Fwp%2Fv2%2Ftags&post=666"}],"curies":[{"name":"wp","href":"https:\/\/api.w.org\/{rel}","templated":true}]}}