{"id":653,"date":"2019-11-24T14:18:30","date_gmt":"2019-11-24T16:18:30","guid":{"rendered":"http:\/\/servicentermedic1.hospedagemdesites.ws\/blog\/?p=653"},"modified":"2019-11-24T14:18:30","modified_gmt":"2019-11-24T16:18:30","slug":"aumento-de-bacterias-multirresistentes-e-tema-de-debate-em-congresso","status":"publish","type":"post","link":"http:\/\/servicenterblog.institucional.ws\/?p=653","title":{"rendered":"Aumento de bact\u00e9rias multirresistentes \u00e9 tema de debate em congresso"},"content":{"rendered":"<p>Estima-se que at\u00e9 2050 a incid\u00eancia de mortes por bact\u00e9rias multirresistentes vai superar a de mortes por c\u00e2ncer. O alerta, emitido recentemente pela Organiza\u00e7\u00e3o Mundial de Sa\u00fade (OMS) foi repetido pelo infectologista Dr. Marcos Ant\u00f4nio, membro da Sociedade Brasileira de Infectologia (SBI), durante o 53\u00ba Congresso Brasileiro de Patologia Cl\u00ednica\/Medicina Laboratorial, realizado no Rio de Janeiro entre 24 e 27 de setembro.<\/p>\n<p>Segundo estimativas, a infec\u00e7\u00e3o por bact\u00e9rias multirresistentes ser\u00e1 respons\u00e1vel pela morte de aproximadamente 10 milh\u00f5es de pessoas por ano e o c\u00e2ncer, por cerca de 8 milh\u00f5es.\u00a0<sup>[<a>1<\/a>]<\/sup>\u00a0O impacto financeiro da prolifera\u00e7\u00e3o das superbact\u00e9rias tamb\u00e9m ser\u00e1 alto. De acordo com estudos recentes, o custo acumulado pode chegar a 100 trilh\u00f5es d\u00f3lares.<\/p>\n<p>O aumento de micro-organismos multirresistentes preocupa a comunidade cient\u00edfica, principalmente pela capacidade de adapta\u00e7\u00e3o de bact\u00e9rias, protozo\u00e1rios e fungos \u00e0s mudan\u00e7as do meio ao qual est\u00e3o expostos.<\/p>\n<p>&#8220;As bact\u00e9rias habitam a Terra h\u00e1 3,7 bilh\u00f5es de anos. No corpo humano existem mais micro-organismos do que c\u00e9lulas&#8221;, explicou o Dr. Marcos Ant\u00f4nio.<\/p>\n<div id=\"plcHold-520\" class=\"txtAd520SpcHolder\"><\/div>\n<p>Segundo o infectologista, embora, na maior parte do tempo, a rela\u00e7\u00e3o entre seres humanos e micr\u00f3bios seja pac\u00edfica, ao longo das \u00faltimas d\u00e9cadas houve um salto no n\u00famero de bact\u00e9rias resistentes a antibi\u00f3ticos. Em 2019, o combate antimicrobiano\u00a0<a href=\"https:\/\/portugues.medscape.com\/verartigo\/6503179\">entrou na lista de 10 prioridades da Organiza\u00e7\u00e3o Mundial da Sa\u00fade (OMS)<\/a>.\u00a0<sup>[<a>2<\/a>]<\/sup><\/p>\n<p>Para o m\u00e9dico, uma das explica\u00e7\u00f5es para o avan\u00e7o das superbact\u00e9rias \u00e9 a utiliza\u00e7\u00e3o indiscriminada de antibi\u00f3ticos pela ind\u00fastria aliment\u00edcia, que muitas vezes administra\/pulveriza medicamentos a fim de evitar poss\u00edveis doen\u00e7as e de otimizar o desenvolvimento de plantas e animais.<\/p>\n<p>Devido \u00e0 grande exposi\u00e7\u00e3o aos antimicrobianos, animais e plantas utilizados para consumo humano eventualmente desenvolvem bact\u00e9rias com genes resistentes a esses antibi\u00f3ticos, que apresentam f\u00f3rmulas qu\u00edmicas semelhantes \u00e0s usadas na produ\u00e7\u00e3o de antibi\u00f3ticos para seres humanos. Diante desse quadro, a transmiss\u00e3o de bact\u00e9rias multirresistentes pode ocorrer por meio da ingest\u00e3o de alimentos, contato direto com animais e at\u00e9 no ambiente compartilhado.\u00a0<sup>[<a>3<\/a>]<\/sup><\/p>\n<p>Para o infectologista, a velocidade do desenvolvimento e da dissemina\u00e7\u00e3o de micr\u00f3bios e genes resistentes a partir da intera\u00e7\u00e3o (e interven\u00e7\u00e3o) de (com) seres humanos \u00e9 o fator respons\u00e1vel pela dificuldade no tratamento de micro-organismos multidrogas resistentes.<\/p>\n<p>Ainda de acordo com o Dr. Marcos Ant\u00f4nio, a ind\u00fastria farmac\u00eautica mundial produz 100 mil toneladas de antibi\u00f3ticos por ano, e apenas 30 mil toneladas s\u00e3o para consumo humano \u2013 as outras 70 mil toneladas s\u00e3o destinadas \u00e0 agropecu\u00e1ria. No Brasil, o Minist\u00e9rio da Agricultura, Pecu\u00e1ria e Abastecimento (MAPA) disponibiliza as listas de aditivos aprovados e proibidos para uso na alimenta\u00e7\u00e3o animal. Curiosamente, a espiramicina aparece nas duas.\u00a0<sup>[<a>4<\/a>]<\/sup><\/p>\n<p>O especialista lembrou que os antibi\u00f3ticos n\u00e3o s\u00e3o usados apenas na produ\u00e7\u00e3o de ra\u00e7\u00e3o de animais de abate. Segundo O Dr. Marcos Ant\u00f4nio, na agricultura, \u00e9 comum o uso de levamisol, florfenicol e trimetropim no cultivo da alface, e de tetraciclina nas planta\u00e7\u00f5es de tomate e pimentas, e de estreptomicina no cultivo de plantas ornamentais.<\/p>\n<p>Fonte: Medscape\/2019<\/p>\n","protected":false},"excerpt":{"rendered":"<p>Estima-se que at\u00e9 2050 a incid\u00eancia de mortes por bact\u00e9rias multirresistentes vai superar a de mortes por c\u00e2ncer. O alerta, emitido recentemente pela Organiza\u00e7\u00e3o Mundial de Sa\u00fade (OMS) foi repetido pelo infectologista Dr. Marcos Ant\u00f4nio, membro da Sociedade Brasileira de Infectologia (SBI), durante o 53\u00ba Congresso Brasileiro de Patologia Cl\u00ednica\/Medicina Laboratorial, realizado no Rio de [&hellip;]<\/p>\n","protected":false},"author":1,"featured_media":654,"comment_status":"open","ping_status":"open","sticky":false,"template":"","format":"standard","meta":[],"categories":[3],"tags":[98,104,103],"_links":{"self":[{"href":"http:\/\/servicenterblog.institucional.ws\/index.php?rest_route=\/wp\/v2\/posts\/653"}],"collection":[{"href":"http:\/\/servicenterblog.institucional.ws\/index.php?rest_route=\/wp\/v2\/posts"}],"about":[{"href":"http:\/\/servicenterblog.institucional.ws\/index.php?rest_route=\/wp\/v2\/types\/post"}],"author":[{"embeddable":true,"href":"http:\/\/servicenterblog.institucional.ws\/index.php?rest_route=\/wp\/v2\/users\/1"}],"replies":[{"embeddable":true,"href":"http:\/\/servicenterblog.institucional.ws\/index.php?rest_route=%2Fwp%2Fv2%2Fcomments&post=653"}],"version-history":[{"count":1,"href":"http:\/\/servicenterblog.institucional.ws\/index.php?rest_route=\/wp\/v2\/posts\/653\/revisions"}],"predecessor-version":[{"id":655,"href":"http:\/\/servicenterblog.institucional.ws\/index.php?rest_route=\/wp\/v2\/posts\/653\/revisions\/655"}],"wp:featuredmedia":[{"embeddable":true,"href":"http:\/\/servicenterblog.institucional.ws\/index.php?rest_route=\/wp\/v2\/media\/654"}],"wp:attachment":[{"href":"http:\/\/servicenterblog.institucional.ws\/index.php?rest_route=%2Fwp%2Fv2%2Fmedia&parent=653"}],"wp:term":[{"taxonomy":"category","embeddable":true,"href":"http:\/\/servicenterblog.institucional.ws\/index.php?rest_route=%2Fwp%2Fv2%2Fcategories&post=653"},{"taxonomy":"post_tag","embeddable":true,"href":"http:\/\/servicenterblog.institucional.ws\/index.php?rest_route=%2Fwp%2Fv2%2Ftags&post=653"}],"curies":[{"name":"wp","href":"https:\/\/api.w.org\/{rel}","templated":true}]}}