{"id":633,"date":"2019-10-10T14:17:32","date_gmt":"2019-10-10T17:17:32","guid":{"rendered":"http:\/\/servicentermedic1.hospedagemdesites.ws\/blog\/?p=633"},"modified":"2019-10-10T14:17:32","modified_gmt":"2019-10-10T17:17:32","slug":"dia-da-saude-mental-brasil-lidera-rankings-de-depressao-e-ansiedade","status":"publish","type":"post","link":"http:\/\/servicenterblog.institucional.ws\/?p=633","title":{"rendered":"Dia da Sa\u00fade Mental: Brasil lidera rankings de depress\u00e3o e ansiedade"},"content":{"rendered":"<h4 class=\"subtitle\"><em>Nas Am\u00e9ricas, pa\u00eds \u00e9 o segundo com maior preval\u00eancia de indiv\u00edduos deprimidos; psiquiatra afirma que preconceito dificulta busca por tratamento<\/p>\n<p><\/em><\/h4>\n<p>O Brasil tem n\u00fameros alarmantes de indiv\u00edduos com depress\u00e3o e transtornos de ansiedade, o que, nesta quinta-feira (10), Dia Mundial da Sa\u00fade Mental, acende um alerta, principalmente se for considerado que os casos de suic\u00eddio t\u00eam subido no pa\u00eds.<br \/>\nDados da OMS (Organiza\u00e7\u00e3o Mundial da Sa\u00fade) mostram que 5,8% dos brasileiros (cerca de 12 milh\u00f5es de pessoas) sofrem de depress\u00e3o. \u00c9 a maior taxa da Am\u00e9rica Latina e a segunda maior das Am\u00e9ricas, atr\u00e1s apenas dos Estados Unidos.<br \/>\nEstima-se que entre 20% e 25% da popula\u00e7\u00e3o teve, tem ou ter\u00e1 depress\u00e3o, sendo essa a doen\u00e7a psiqui\u00e1trica com maior preval\u00eancia no Brasil.<br \/>\nEm seguida, aparece a ansiedade, que afeta 9,3% dos brasileiros (cerca de 19,4 milh\u00f5es), e faz com que o Brasil ocupe o primeiro lugar da lista de pa\u00edses mais ansiosos do mundo.<br \/>\nOs transtornos ansiosos incluem fobia, transtorno obsessivo-compulsivo, estresse p\u00f3s-traum\u00e1tico e ataque de p\u00e2nico.<br \/>\nO suic\u00eddio \u00e9 a terceira principal causa externa de mortes no Brasil (atr\u00e1s de acidentes e agress\u00f5es), com 12,5 mil casos em 2017, segundo o Minist\u00e9rio da Sa\u00fade. Em rela\u00e7\u00e3o ao ano anterior, o aumento foi de 16,8%.<\/p>\n<p>Menosprezar doen\u00e7as psiqui\u00e1tricas e, consequentemente, o tratamento contribui para o aumento de casos de suic\u00eddio, observa o m\u00e9dico psiquiatra Ant\u00f4nio Geraldo da Silva, presidente da Apal (Associa\u00e7\u00e3o Psiqui\u00e1trica da Am\u00e9rica Latina) e diretor da Associa\u00e7\u00e3o Brasileira de Psiquiatria.<\/p>\n<p>&#8220;Depress\u00e3o \u00e9 uma doen\u00e7a como qualquer outra, como diabetes, hipertens\u00e3o, pneumonia&#8230; portanto, pode acometer qualquer pessoa em qualquer idade.&#8221; Silva afirma que, apesar dos avan\u00e7os da medicina e das terapias para tratar doen\u00e7as psiqui\u00e1tricas, &#8220;ainda existe muito preconceito&#8221;. &#8220;Ningu\u00e9m fala para uma pessoa com c\u00e2ncer deixar a doen\u00e7a de lado, mas h\u00e1 quem fale isso para quem sofre de depress\u00e3o, o que \u00e9 um erro&#8221;, completa.<\/p>\n<p>O psiquiatra explica existem componentes gen\u00e9ticos ligados ao desenvolvimento de doen\u00e7as psiqui\u00e1tricas, mas que tamb\u00e9m os fatores estressantes est\u00e3o mais presentes na sociedade de hoje. &#8220;Est\u00e1 se diagnosticando mais, e n\u00f3s temos mais fatores que est\u00e3o desencadeando mais quadros psiqui\u00e1tricos naqueles que t\u00eam tend\u00eancia gen\u00e9tica.&#8221;<\/p>\n<p>Por outro lado, acrescenta, os tratamentos evolu\u00edram consideravelmente nas \u00faltimas d\u00e9cadas.&#8221;Hoje, a gente tem n\u00e3o s\u00f3 medicamentos, mas psicoterapias que t\u00eam uma melhor resposta do que h\u00e1 50 anos atr\u00e1s. [&#8230;] Quando faz uma interven\u00e7\u00e3o precoce, h\u00e1 chance de tratar e nunca mais ter [a doen\u00e7a] na vida&#8221;, conclui Silva.<\/p>\n<h4 class=\"subtitle\"><em>Fonte: R7 Sa\u00fade &#8211; setembro\/2019<\/em><\/h4>\n","protected":false},"excerpt":{"rendered":"<p>Nas Am\u00e9ricas, pa\u00eds \u00e9 o segundo com maior preval\u00eancia de indiv\u00edduos deprimidos; psiquiatra afirma que preconceito dificulta busca por tratamento O Brasil tem n\u00fameros alarmantes de indiv\u00edduos com depress\u00e3o e transtornos de ansiedade, o que, nesta quinta-feira (10), Dia Mundial da Sa\u00fade Mental, acende um alerta, principalmente se for considerado que os casos de suic\u00eddio [&hellip;]<\/p>\n","protected":false},"author":1,"featured_media":634,"comment_status":"open","ping_status":"open","sticky":false,"template":"","format":"standard","meta":[],"categories":[3],"tags":[92,91,96,95],"_links":{"self":[{"href":"http:\/\/servicenterblog.institucional.ws\/index.php?rest_route=\/wp\/v2\/posts\/633"}],"collection":[{"href":"http:\/\/servicenterblog.institucional.ws\/index.php?rest_route=\/wp\/v2\/posts"}],"about":[{"href":"http:\/\/servicenterblog.institucional.ws\/index.php?rest_route=\/wp\/v2\/types\/post"}],"author":[{"embeddable":true,"href":"http:\/\/servicenterblog.institucional.ws\/index.php?rest_route=\/wp\/v2\/users\/1"}],"replies":[{"embeddable":true,"href":"http:\/\/servicenterblog.institucional.ws\/index.php?rest_route=%2Fwp%2Fv2%2Fcomments&post=633"}],"version-history":[{"count":1,"href":"http:\/\/servicenterblog.institucional.ws\/index.php?rest_route=\/wp\/v2\/posts\/633\/revisions"}],"predecessor-version":[{"id":635,"href":"http:\/\/servicenterblog.institucional.ws\/index.php?rest_route=\/wp\/v2\/posts\/633\/revisions\/635"}],"wp:featuredmedia":[{"embeddable":true,"href":"http:\/\/servicenterblog.institucional.ws\/index.php?rest_route=\/wp\/v2\/media\/634"}],"wp:attachment":[{"href":"http:\/\/servicenterblog.institucional.ws\/index.php?rest_route=%2Fwp%2Fv2%2Fmedia&parent=633"}],"wp:term":[{"taxonomy":"category","embeddable":true,"href":"http:\/\/servicenterblog.institucional.ws\/index.php?rest_route=%2Fwp%2Fv2%2Fcategories&post=633"},{"taxonomy":"post_tag","embeddable":true,"href":"http:\/\/servicenterblog.institucional.ws\/index.php?rest_route=%2Fwp%2Fv2%2Ftags&post=633"}],"curies":[{"name":"wp","href":"https:\/\/api.w.org\/{rel}","templated":true}]}}