{"id":630,"date":"2019-10-09T20:15:03","date_gmt":"2019-10-09T23:15:03","guid":{"rendered":"http:\/\/servicentermedic1.hospedagemdesites.ws\/blog\/?p=630"},"modified":"2019-10-09T20:15:03","modified_gmt":"2019-10-09T23:15:03","slug":"poluicao-do-ar-associada-a-transtorno-bipolar-e-depressao","status":"publish","type":"post","link":"http:\/\/servicenterblog.institucional.ws\/?p=630","title":{"rendered":"Polui\u00e7\u00e3o do ar associada a transtorno bipolar e depress\u00e3o"},"content":{"rendered":"<p>A polui\u00e7\u00e3o do ar tem um enorme impacto em nossa sa\u00fade. A Organiza\u00e7\u00e3o Mundial da Sa\u00fade a associa com doen\u00e7as mortais como c\u00e2ncer de pulm\u00e3o e derrame, e uma\u00a0<a href=\"https:\/\/doi.org\/10.1371\/journal.pbio.3000353\">nova pesquisa<\/a>\u00a0sugere que regi\u00f5es polu\u00eddas t\u00eam mais casos de doen\u00e7as neurol\u00f3gicas como depress\u00e3o e transtorno bipolar.<\/p>\n<p>Nos Estados Unidos, cientistas encontraram cidades com a pior qualidade do ar, indicada pela Ag\u00eancia de Prote\u00e7\u00e3o Ambiental, que tiveram um aumento de 27 por cento em transtornos bipolares e 6 por cento em depress\u00e3o, quando comparadas com a m\u00e9dia nacional.<\/p>\n<p>O geneticista da Universidade de Chicago e autor do estudo, Andrey Rzhetsky, tem o cuidado de observar que a pesquisa n\u00e3o prova definitivamente que a\u00a0<a href=\"https:\/\/www.nationalgeographic.com\/environment\/global-warming\/pollution\/\">polui\u00e7\u00e3o do ar<\/a>\u00a0causa doen\u00e7as mentais, mas diz que isso mostra onde algu\u00e9m pode estar mais em risco.<\/p>\n<p>Estudos similares em\u00a0<a href=\"https:\/\/www.sciencedirect.com\/science\/article\/pii\/S016517811830800X#!\">Londres<\/a>, na \u00a0<a href=\"https:\/\/www.nature.com\/articles\/s41467-019-10196-y\">China<\/a>, e na \u00a0<a href=\"https:\/\/www.ncbi.nlm.nih.gov\/pmc\/articles\/PMC5891065\/\">Coreia do Sul<\/a>\u00a0 encontraram uma liga\u00e7\u00e3o parecida entre lugares polu\u00eddos e sa\u00fade mental prec\u00e1ria.<\/p>\n<p>Rzhetsky diz que seu estudo mostra que, nas cidades nos Estados Unidos onde a polui\u00e7\u00e3o cresce, transtornos neurol\u00f3gicos cobram seu pre\u00e7o.<\/p>\n<h3><strong>Mapeando a polui\u00e7\u00e3o<\/strong><\/h3>\n<p>Os pesquisadores observaram dados dos Estados Unidos e da Dinamarca para estabelecer a conex\u00e3o.<\/p>\n<p>Nos Estados Unidos, eles primeiro analisaram 11 anos de dados de seguros de sa\u00fade de 151 milh\u00f5es de pessoas que registraram casos de quatro doen\u00e7as psiqui\u00e1tricas: transtorno bipolar, depress\u00e3o grave, transtorno de personalidade e esquizofrenia. Tamb\u00e9m analisaram casos de epilepsia e de doen\u00e7a de Parkinson.<\/p>\n<p>Depois, examinaram dados da Ag\u00eancia de Prote\u00e7\u00e3o Ambiental sobre ar, \u00e1gua e qualidade do solo por cidade e viram onde os pedidos de seguro sa\u00fade e taxas de polui\u00e7\u00e3o intensa se sobrepunham. Polui\u00e7\u00e3o do ar e transtorno bipolar apareceram como a sobreposi\u00e7\u00e3o mais forte.<\/p>\n<p>Para reproduzir as descobertas dos Estados Unidos, os pesquisadores colaboraram com cientistas dinamarqueses para estudar o efeito da polui\u00e7\u00e3o na Dinamarca. Diferente dos americanos, os dinamarqueses n\u00e3o examinaram dados regionais, mas o quanto um indiv\u00edduo \u00e9 exposto \u00e0 polui\u00e7\u00e3o do ar durante a inf\u00e2ncia. Semelhante aos dados americanos, a exposi\u00e7\u00e3o \u00e0 polui\u00e7\u00e3o do ar foi associada com as taxas mais altas de transtorno bipolar e depress\u00e3o.<\/p>\n<p>\u201cEssas descobertas acrescentam \u00e0s evid\u00eancias atuais de estudos pr\u00e9vios de uma poss\u00edvel liga\u00e7\u00e3o entre a polui\u00e7\u00e3o do ar e doen\u00e7as psiqui\u00e1tricas,\u201d diz Ioannis Bakolis, epidemiologista da King\u2019s College de Londres que n\u00e3o fez parte do estudo.<\/p>\n<p>No entanto, ele diz que a base do estudo\u00a0 dados em regionais tem muitas vari\u00e1veis para afirmar conclusivamente que a polui\u00e7\u00e3o do ar possa estar causando transtorno bipolar e depress\u00e3o.<\/p>\n<h3><strong>Efeitos no corpo humano<\/strong><\/h3>\n<p>Muito do que os cientistas sabem sobre como a polui\u00e7\u00e3o do ar afeta o c\u00e9rebro \u00e9 de estudos feitos com cachorros e roedores.\u00a0 Um estudo feito em 2002 analisou o efeito que a polui\u00e7\u00e3o relacionada ao tr\u00e1fego tem em c\u00e3es selvagens. Foram observadas les\u00f5es pulmonares, nasais e cerebrais.<\/p>\n<p>\u201cO que acontece no c\u00e9rebro \u00e9 algo parecido com uma inflama\u00e7\u00e3o,\u201d diz Rzhetsky. \u201cIsso resulta em sintomas que se parecem com os de depress\u00e3o [em c\u00e3es].\u201d<\/p>\n<p>Em uma pesquisa publicada ano passado, cientistas em Beijing descobriram que inalar part\u00edculas de suspens\u00e3o \u2018rouba\u2019 as habilidades das pessoas, levando a baixas pontua\u00e7\u00f5es em testes verbais e de matem\u00e1tica.<\/p>\n<p>O autor do estudo, Xin Zhang,\u00a0<a href=\"https:\/\/www.nationalgeographic.com\/environment\/2018\/09\/news-air-quality-brain-cognitive-function\/\">especulou na \u00e9poca\u00a0<\/a>\u00a0que a polui\u00e7\u00e3o estaria danificando a massa branca do c\u00e9rebro.<\/p>\n<h3><strong>C\u00e9rebro na natureza<\/strong><\/h3>\n<p>Na Inglaterra, cientistas atualmente est\u00e3o monitorando\u00a0<a href=\"https:\/\/www.eurekalert.org\/pub_releases\/2019-03\/kcl-wls031919.php\">como a qualidade do ar da cidade pode estar afetando 250 crian\u00e7as<\/a>. Elas usar\u00e3o mochilas com monitores de ar feitos pela Dyson que percebem quando e onde eles encontram maior polui\u00e7\u00e3o.<\/p>\n<p>Funcion\u00e1rios municipais dizem que essa informa\u00e7\u00e3o ajudar\u00e1 a melhorar a sa\u00fade p\u00fablica.<\/p>\n<p>Rzhetsky tamb\u00e9m espera que fatores de riscos ambientais tamb\u00e9m sejam seriamente observados por profissionais da sa\u00fade mental que tratam doen\u00e7as neurol\u00f3gicas.<\/p>\n<p>Usar um meio ambiente limpo para tratar esses transtornos seria o \u201csanto graal\u201d, ele diz.<\/p>\n<p>Enquanto cientistas ainda tentam estabelecer uma liga\u00e7\u00e3o certa entre polui\u00e7\u00e3o e problemas de sa\u00fade mental,\u00a0<a href=\"https:\/\/www.nationalgeographic.com\/magazine\/2016\/01\/call-to-wild\/\">o benef\u00edcio psicol\u00f3gico de estar natureza\u00a0<\/a>\u00a0j\u00e1 foi firmemente estabelecido: quando passamos tempo na natureza \u2013 seja em \u00e1reas selvagens ou em um parque da cidade \u2013 n\u00f3s fazemos um\u00a0favor aos nossos sobrecarregados c\u00e9rebros.<\/p>\n<p>Fonte: National Geographic Brasil &#8211; Agosto\/2019<\/p>\n","protected":false},"excerpt":{"rendered":"<p>A polui\u00e7\u00e3o do ar tem um enorme impacto em nossa sa\u00fade. A Organiza\u00e7\u00e3o Mundial da Sa\u00fade a associa com doen\u00e7as mortais como c\u00e2ncer de pulm\u00e3o e derrame, e uma\u00a0nova pesquisa\u00a0sugere que regi\u00f5es polu\u00eddas t\u00eam mais casos de doen\u00e7as neurol\u00f3gicas como depress\u00e3o e transtorno bipolar. Nos Estados Unidos, cientistas encontraram cidades com a pior qualidade do [&hellip;]<\/p>\n","protected":false},"author":1,"featured_media":631,"comment_status":"open","ping_status":"open","sticky":false,"template":"","format":"standard","meta":[],"categories":[3],"tags":[92,90,91,89,94,93],"_links":{"self":[{"href":"http:\/\/servicenterblog.institucional.ws\/index.php?rest_route=\/wp\/v2\/posts\/630"}],"collection":[{"href":"http:\/\/servicenterblog.institucional.ws\/index.php?rest_route=\/wp\/v2\/posts"}],"about":[{"href":"http:\/\/servicenterblog.institucional.ws\/index.php?rest_route=\/wp\/v2\/types\/post"}],"author":[{"embeddable":true,"href":"http:\/\/servicenterblog.institucional.ws\/index.php?rest_route=\/wp\/v2\/users\/1"}],"replies":[{"embeddable":true,"href":"http:\/\/servicenterblog.institucional.ws\/index.php?rest_route=%2Fwp%2Fv2%2Fcomments&post=630"}],"version-history":[{"count":1,"href":"http:\/\/servicenterblog.institucional.ws\/index.php?rest_route=\/wp\/v2\/posts\/630\/revisions"}],"predecessor-version":[{"id":632,"href":"http:\/\/servicenterblog.institucional.ws\/index.php?rest_route=\/wp\/v2\/posts\/630\/revisions\/632"}],"wp:featuredmedia":[{"embeddable":true,"href":"http:\/\/servicenterblog.institucional.ws\/index.php?rest_route=\/wp\/v2\/media\/631"}],"wp:attachment":[{"href":"http:\/\/servicenterblog.institucional.ws\/index.php?rest_route=%2Fwp%2Fv2%2Fmedia&parent=630"}],"wp:term":[{"taxonomy":"category","embeddable":true,"href":"http:\/\/servicenterblog.institucional.ws\/index.php?rest_route=%2Fwp%2Fv2%2Fcategories&post=630"},{"taxonomy":"post_tag","embeddable":true,"href":"http:\/\/servicenterblog.institucional.ws\/index.php?rest_route=%2Fwp%2Fv2%2Ftags&post=630"}],"curies":[{"name":"wp","href":"https:\/\/api.w.org\/{rel}","templated":true}]}}