{"id":618,"date":"2019-09-13T18:04:44","date_gmt":"2019-09-13T21:04:44","guid":{"rendered":"http:\/\/servicentermedic1.hospedagemdesites.ws\/blog\/?p=618"},"modified":"2019-09-13T18:04:44","modified_gmt":"2019-09-13T21:04:44","slug":"cerebro-pode-ser-treinado-para-curar-doencas-revela-estudo-2","status":"publish","type":"post","link":"http:\/\/servicenterblog.institucional.ws\/?p=618","title":{"rendered":"C\u00e9rebro pode ser treinado para curar doen\u00e7as, revela estudo"},"content":{"rendered":"<h4 class=\"article-subtitle\"><em>Cientistas brasileiros acabam de apresentar uma t\u00e9cnica de treinamento cerebral capaz de modificar as conex\u00f5es neuronais em tempo recorde<br \/>\n<\/em><\/h4>\n<p>O c\u00e9rebro pode ser treinado para curar as doen\u00e7as que o acometem. Cientistas brasileiros acabam de apresentar uma t\u00e9cnica de treinamento cerebral capaz de modificar as conex\u00f5es neuronais em tempo recorde. O trabalho, publicado na Neuroimage, abre o caminho para novos tratamentos para o\u00a0<strong>acidente vascular cerebral (AVC)<\/strong>, a<strong>\u00a0doen\u00e7a de Parkinson<\/strong>\u00a0e at\u00e9 a\u00a0<strong>depress\u00e3o<\/strong>.<\/p>\n<p>O c\u00e9rebro se adapta a todo momento \u2013 um fen\u00f4meno conhecido como neuroplasticidade. Essas mudan\u00e7as na forma como funciona e conecta suas diferentes \u00e1reas s\u00e3o as bases do aprendizado e da mem\u00f3ria.<\/p>\n<p>Entender melhor essas intera\u00e7\u00f5es permite o avan\u00e7o na compreens\u00e3o do comportamento humano, das emo\u00e7\u00f5es e tamb\u00e9m das doen\u00e7as que acometem o c\u00e9rebro. \u201cTudo o que a gente \u00e9, faz, sente, todo o nosso comportamento \u00e9 reflexo da maneira como o nosso c\u00e9rebro funciona\u201d, explica o neurocientista Theo Marins, um dos autores do estudo.<\/p>\n<p>Algumas doen\u00e7as, segundo o especialista, alteram esse funcionamento. E o c\u00e9rebro passa a funcionar de maneira doente. \u201cEnsinar\u201d o c\u00e9rebro a funcionar de maneira correta pode melhorar os sintomas de v\u00e1rias doen\u00e7as.<\/p>\n<div class=\"ad-content\"><\/div>\n<p>Uma das ferramentas que vem sendo utilizadas para compreender melhor essas din\u00e2micas \u00e9 o neurofeedback. Assim \u00e9 chamado o treinamento do c\u00e9rebro para modificar determinadas conex\u00f5es. O estudo dos neurocientistas do Instituto IDOR de Ensino e Pesquisa e da UFRJ mostrou que o treinamento \u00e9 capaz de induzir essas modifica\u00e7\u00f5es em menos de uma hora.<\/p>\n<p>Para fazer o trabalho, os cientistas contaram com 36 volunt\u00e1rios que se submeteram a exames de resson\u00e2ncia magn\u00e9tica. A atividade neuronal captada no exame \u00e9 transformada em imagens apresentadas em computadores de acordo com a intensidade. Os volunt\u00e1rios acompanhavam as imagens em tempo real, aprendendo a controlar a pr\u00f3pria atividade cerebral.<\/p>\n<p>Enquanto 19 participantes receberam o treinamento real, outros 17 foram instru\u00eddos com falsa informa\u00e7\u00e3o \u2013 o que funcionou como uma esp\u00e9cie de placebo. Antes e depois do treino, os pesquisadores registraram as imagens cerebrais que permitiam medir a comunica\u00e7\u00e3o (a conectividade funcional) e as conex\u00f5es (a conectividade estrutural) entre as \u00e1reas cerebrais. O objetivo era observar como as redes neurais eram afetadas pelo neurofeedback.<\/p>\n<h3><strong>Antes e depois<\/strong><\/h3>\n<p>Ao comparar a arquitetura cerebral antes e depois do treinamento, os cientistas constataram que o corpo caloso (a principal ponte de comunica\u00e7\u00e3o entre os hemisf\u00e9rios esquerdo e direito) apresentou maior robustez estrutural. Al\u00e9m disso, a comunica\u00e7\u00e3o funcional entre as \u00e1reas tamb\u00e9m aumentou. Para os pesquisadores, \u00e9 como se o todo o sistema tivesse se fortalecido.<\/p>\n<p>\u201cSab\u00edamos que o c\u00e9rebro tem uma capacidade fant\u00e1stica de modifica\u00e7\u00e3o. Mas n\u00e3o t\u00ednhamos tanta certeza de que era poss\u00edvel observar isso t\u00e3o rapidamente\u201d, conta Marins.<\/p>\n<p>Desta forma, o treinamento cerebral se revelou uma ferramenta poderosa para induzir a neuroplasticidade. Agora, os pesquisadores esperam utiliz\u00e1-lo para promover as mudan\u00e7as necess\u00e1rias para recupera\u00e7\u00e3o da fun\u00e7\u00e3o motora em pacientes que sofreram um AVC, que foram diagnosticados com Parkinson e mesmo com depress\u00e3o.<\/p>\n<p>\u201cO pr\u00f3ximo passo ser\u00e1 descobrir se pacientes que sofrem de desordens neurol\u00f3gicas tamb\u00e9m podem se beneficiar do neurofeedback, se ele \u00e9 capaz de diminuir os sintomas dessas doen\u00e7as\u201d, disse a m\u00e9dica radiologista Fernanda Tovar Moll, presidente do IDOR. \u201cAinda falta muito para chegarmos a protocolos espec\u00edficos. Quanto mais entendermos os mecanismos, mais terapias poderemos desenvolver.\u201d<\/p>\n<p>Fonte: Revista Exame\/2019<\/p>\n<h4 class=\"article-subtitle\"><em>\u00a0<\/em><\/h4>\n","protected":false},"excerpt":{"rendered":"<p>Cientistas brasileiros acabam de apresentar uma t\u00e9cnica de treinamento cerebral capaz de modificar as conex\u00f5es neuronais em tempo recorde O c\u00e9rebro pode ser treinado para curar as doen\u00e7as que o acometem. Cientistas brasileiros acabam de apresentar uma t\u00e9cnica de treinamento cerebral capaz de modificar as conex\u00f5es neuronais em tempo recorde. O trabalho, publicado na Neuroimage, [&hellip;]<\/p>\n","protected":false},"author":1,"featured_media":619,"comment_status":"open","ping_status":"open","sticky":false,"template":"","format":"standard","meta":[],"categories":[3],"tags":[],"_links":{"self":[{"href":"http:\/\/servicenterblog.institucional.ws\/index.php?rest_route=\/wp\/v2\/posts\/618"}],"collection":[{"href":"http:\/\/servicenterblog.institucional.ws\/index.php?rest_route=\/wp\/v2\/posts"}],"about":[{"href":"http:\/\/servicenterblog.institucional.ws\/index.php?rest_route=\/wp\/v2\/types\/post"}],"author":[{"embeddable":true,"href":"http:\/\/servicenterblog.institucional.ws\/index.php?rest_route=\/wp\/v2\/users\/1"}],"replies":[{"embeddable":true,"href":"http:\/\/servicenterblog.institucional.ws\/index.php?rest_route=%2Fwp%2Fv2%2Fcomments&post=618"}],"version-history":[{"count":1,"href":"http:\/\/servicenterblog.institucional.ws\/index.php?rest_route=\/wp\/v2\/posts\/618\/revisions"}],"predecessor-version":[{"id":620,"href":"http:\/\/servicenterblog.institucional.ws\/index.php?rest_route=\/wp\/v2\/posts\/618\/revisions\/620"}],"wp:featuredmedia":[{"embeddable":true,"href":"http:\/\/servicenterblog.institucional.ws\/index.php?rest_route=\/wp\/v2\/media\/619"}],"wp:attachment":[{"href":"http:\/\/servicenterblog.institucional.ws\/index.php?rest_route=%2Fwp%2Fv2%2Fmedia&parent=618"}],"wp:term":[{"taxonomy":"category","embeddable":true,"href":"http:\/\/servicenterblog.institucional.ws\/index.php?rest_route=%2Fwp%2Fv2%2Fcategories&post=618"},{"taxonomy":"post_tag","embeddable":true,"href":"http:\/\/servicenterblog.institucional.ws\/index.php?rest_route=%2Fwp%2Fv2%2Ftags&post=618"}],"curies":[{"name":"wp","href":"https:\/\/api.w.org\/{rel}","templated":true}]}}