{"id":614,"date":"2019-09-04T18:47:27","date_gmt":"2019-09-04T21:47:27","guid":{"rendered":"http:\/\/servicentermedic1.hospedagemdesites.ws\/blog\/?p=614"},"modified":"2019-09-04T18:47:27","modified_gmt":"2019-09-04T21:47:27","slug":"614","status":"publish","type":"post","link":"http:\/\/servicenterblog.institucional.ws\/?p=614","title":{"rendered":""},"content":{"rendered":"<div class=\"content-wrapper\">\n<div class=\"gdlr-content\">\n<div class=\"main-content-container container gdlr-item-start-content\">\n<div class=\"gdlr-item gdlr-main-content\">\n<p>Nove em cada dez mortes por suic\u00eddio podem ser evitadas. O dado, da Organiza\u00e7\u00e3o Mundial da Sa\u00fade (OMS), indica que a preven\u00e7\u00e3o \u00e9 fundamental para reverter essa situa\u00e7\u00e3o, garantindo ajuda e aten\u00e7\u00e3o adequadas. A primeira medida preventiva \u00e9 a educa\u00e7\u00e3o. \u00c9 preciso perder o medo de se falar sobre o assunto. O caminho \u00e9 quebrar tabus e compartilhar informa\u00e7\u00f5es. Esclarecer, conscientizar, estimular o di\u00e1logo e abrir espa\u00e7o para campanhas contribuem para tirar o assunto da invisibilidade e, assim, mudar essa realidade.<\/p>\n<p>Hoje, 32 brasileiros se suicidam diariamente. No mundo, ocorre uma morte a cada 40 segundos. Aproximadamente 1 milh\u00e3o de pessoas se matam a cada ano. Sabe-se que os n\u00fameros s\u00e3o muito maiores, pois a subnotifica\u00e7\u00e3o \u00e9 reconhecida. Al\u00e9m disso, os especialistas estimam que o total de tentativas supere o de suic\u00eddios em pelo menos dez vezes.<\/p>\n<p>Mas como buscar ajuda se muitas vezes a pessoa sequer sabe que pode receber apoio e que o que ela sente naquele momento \u00e9 mais comum do que se divulga? Ao mesmo tempo, como \u00e9 poss\u00edvel oferecer ajuda a um amigo ou familiar se tamb\u00e9m n\u00e3o sabemos identificar os sinais e muito menos temos familiaridade com a abordagem mais adequada?<\/p>\n<p>\u00c9 fato que o suic\u00eddio \u00e9 um fen\u00f4meno complexo, de m\u00faltiplas determina\u00e7\u00f5es, mas saber reconhecer os sinais de alerta pode ser o primeiro e mais importante passo. Isolamento, mudan\u00e7as marcantes de h\u00e1bitos, perda de interesse por atividades de que gostava, descuido com apar\u00eancia, piora do desempenho na escola ou no trabalho, altera\u00e7\u00f5es no sono e no apetite, frases como \u201cpreferia estar morto\u201d ou \u201cquero desaparecer\u201d podem indicar necessidade de ajuda.<\/p>\n<p>O suic\u00eddio \u00e9 um ato de comunica\u00e7\u00e3o. Quem se mata, na realidade tenta se livrar da dor, do sofrimento, que de t\u00e3o imenso, parece insuport\u00e1vel.<\/p>\n<p>QUERO CONVERSAR<\/p>\n<p>Mesmo que voc\u00ea n\u00e3o tem certeza de que precisa de nossa ajuda, n\u00e3o tenha receios em entrar em contato com a gente. Um de nossos volunt\u00e1rios estar\u00e1 \u00e0 sua disposi\u00e7\u00e3o.<\/p>\n<div class=\"clear\">\u00a0setembroamarelo@cvv.org.br<\/div>\n<\/div>\n<\/div>\n<\/div>\n<\/div>\n<footer class=\"footer-wrapper\">\n<div class=\"footer-container container\">\n<div id=\"footer-widget-1\" class=\"footer-column three columns\">\n<div id=\"text-5\" class=\"widget widget_text gdlr-item gdlr-widget\">\n<div class=\"clear\">\n<div class=\"clear\">\u00a0http:\/\/cvv.org.br<\/div>\n<div class=\"clear\"><\/div>\n<div class=\"gdlr-space\">\u00a0Fonte: setembroamarelo.org.br<\/div>\n<\/div>\n<\/div>\n<\/div>\n<div id=\"footer-widget-2\" class=\"footer-column three columns\"><\/div>\n<\/div>\n<\/footer>\n","protected":false},"excerpt":{"rendered":"<p>Nove em cada dez mortes por suic\u00eddio podem ser evitadas. O dado, da Organiza\u00e7\u00e3o Mundial da Sa\u00fade (OMS), indica que a preven\u00e7\u00e3o \u00e9 fundamental para reverter essa situa\u00e7\u00e3o, garantindo ajuda e aten\u00e7\u00e3o adequadas. A primeira medida preventiva \u00e9 a educa\u00e7\u00e3o. \u00c9 preciso perder o medo de se falar sobre o assunto. O caminho \u00e9 quebrar [&hellip;]<\/p>\n","protected":false},"author":1,"featured_media":615,"comment_status":"open","ping_status":"open","sticky":false,"template":"","format":"standard","meta":[],"categories":[3],"tags":[],"_links":{"self":[{"href":"http:\/\/servicenterblog.institucional.ws\/index.php?rest_route=\/wp\/v2\/posts\/614"}],"collection":[{"href":"http:\/\/servicenterblog.institucional.ws\/index.php?rest_route=\/wp\/v2\/posts"}],"about":[{"href":"http:\/\/servicenterblog.institucional.ws\/index.php?rest_route=\/wp\/v2\/types\/post"}],"author":[{"embeddable":true,"href":"http:\/\/servicenterblog.institucional.ws\/index.php?rest_route=\/wp\/v2\/users\/1"}],"replies":[{"embeddable":true,"href":"http:\/\/servicenterblog.institucional.ws\/index.php?rest_route=%2Fwp%2Fv2%2Fcomments&post=614"}],"version-history":[{"count":1,"href":"http:\/\/servicenterblog.institucional.ws\/index.php?rest_route=\/wp\/v2\/posts\/614\/revisions"}],"predecessor-version":[{"id":616,"href":"http:\/\/servicenterblog.institucional.ws\/index.php?rest_route=\/wp\/v2\/posts\/614\/revisions\/616"}],"wp:featuredmedia":[{"embeddable":true,"href":"http:\/\/servicenterblog.institucional.ws\/index.php?rest_route=\/wp\/v2\/media\/615"}],"wp:attachment":[{"href":"http:\/\/servicenterblog.institucional.ws\/index.php?rest_route=%2Fwp%2Fv2%2Fmedia&parent=614"}],"wp:term":[{"taxonomy":"category","embeddable":true,"href":"http:\/\/servicenterblog.institucional.ws\/index.php?rest_route=%2Fwp%2Fv2%2Fcategories&post=614"},{"taxonomy":"post_tag","embeddable":true,"href":"http:\/\/servicenterblog.institucional.ws\/index.php?rest_route=%2Fwp%2Fv2%2Ftags&post=614"}],"curies":[{"name":"wp","href":"https:\/\/api.w.org\/{rel}","templated":true}]}}