{"id":61,"date":"2017-10-18T10:22:59","date_gmt":"2017-10-18T12:22:59","guid":{"rendered":"http:\/\/servicentermedic1.hospedagemdesites.ws\/blog\/?p=61"},"modified":"2017-10-18T10:22:59","modified_gmt":"2017-10-18T12:22:59","slug":"outubro-rosa-todos-juntos-contra-o-cancer-de-mama","status":"publish","type":"post","link":"http:\/\/servicenterblog.institucional.ws\/?p=61","title":{"rendered":"Outubro Rosa &#8211; Todos juntos contra o c\u00e2ncer de mama"},"content":{"rendered":"<p><img loading=\"lazy\" class=\"alignnone size-medium wp-image-62\" src=\"http:\/\/servicentermedic1.hospedagemdesites.ws\/blog\/wp-content\/uploads\/2017\/10\/frases-outubro-rosa-1-300x225.jpg\" alt=\"\" width=\"300\" height=\"225\" srcset=\"http:\/\/servicenterblog.institucional.ws\/wp-content\/uploads\/2017\/10\/frases-outubro-rosa-1-300x225.jpg 300w, http:\/\/servicenterblog.institucional.ws\/wp-content\/uploads\/2017\/10\/frases-outubro-rosa-1-768x576.jpg 768w, http:\/\/servicenterblog.institucional.ws\/wp-content\/uploads\/2017\/10\/frases-outubro-rosa-1.jpg 1024w\" sizes=\"(max-width: 300px) 100vw, 300px\" \/><\/p>\n<p>Cada ano vem aumentando a ades\u00e3o ao movimento mundial\u00a0<b>&#8220;Outubro Rosa&#8221;<\/b>, que visa chamar aten\u00e7\u00e3o, diretamente, para a realidade atual do c\u00e2ncer de mama e a import\u00e2ncia do diagn\u00f3stico precoce.<\/p>\n<p><img loading=\"lazy\" class=\"alignnone size-medium wp-image-63\" src=\"http:\/\/servicentermedic1.hospedagemdesites.ws\/blog\/wp-content\/uploads\/2017\/10\/autoexame-300x265.jpg\" alt=\"\" width=\"300\" height=\"265\" srcset=\"http:\/\/servicenterblog.institucional.ws\/wp-content\/uploads\/2017\/10\/autoexame-300x265.jpg 300w, http:\/\/servicenterblog.institucional.ws\/wp-content\/uploads\/2017\/10\/autoexame.jpg 737w\" sizes=\"(max-width: 300px) 100vw, 300px\" \/><\/p>\n<p>Mais informa\u00e7\u00f5es:\u00a0\u00a0<b>contato@outubrorosa.org.br ou\u00a0http:\/\/www.outubrorosa.org.br\/<\/b><\/p>\n","protected":false},"excerpt":{"rendered":"<p>Cada ano vem aumentando a ades\u00e3o ao movimento mundial\u00a0&#8220;Outubro Rosa&#8221;, que visa chamar aten\u00e7\u00e3o, diretamente, para a realidade atual do c\u00e2ncer de mama e a import\u00e2ncia do diagn\u00f3stico precoce. Mais informa\u00e7\u00f5es:\u00a0\u00a0contato@outubrorosa.org.br ou\u00a0http:\/\/www.outubrorosa.org.br\/<\/p>\n","protected":false},"author":1,"featured_media":62,"comment_status":"open","ping_status":"open","sticky":false,"template":"","format":"standard","meta":[],"categories":[3],"tags":[25,27,24,26],"_links":{"self":[{"href":"http:\/\/servicenterblog.institucional.ws\/index.php?rest_route=\/wp\/v2\/posts\/61"}],"collection":[{"href":"http:\/\/servicenterblog.institucional.ws\/index.php?rest_route=\/wp\/v2\/posts"}],"about":[{"href":"http:\/\/servicenterblog.institucional.ws\/index.php?rest_route=\/wp\/v2\/types\/post"}],"author":[{"embeddable":true,"href":"http:\/\/servicenterblog.institucional.ws\/index.php?rest_route=\/wp\/v2\/users\/1"}],"replies":[{"embeddable":true,"href":"http:\/\/servicenterblog.institucional.ws\/index.php?rest_route=%2Fwp%2Fv2%2Fcomments&post=61"}],"version-history":[{"count":1,"href":"http:\/\/servicenterblog.institucional.ws\/index.php?rest_route=\/wp\/v2\/posts\/61\/revisions"}],"predecessor-version":[{"id":64,"href":"http:\/\/servicenterblog.institucional.ws\/index.php?rest_route=\/wp\/v2\/posts\/61\/revisions\/64"}],"wp:featuredmedia":[{"embeddable":true,"href":"http:\/\/servicenterblog.institucional.ws\/index.php?rest_route=\/wp\/v2\/media\/62"}],"wp:attachment":[{"href":"http:\/\/servicenterblog.institucional.ws\/index.php?rest_route=%2Fwp%2Fv2%2Fmedia&parent=61"}],"wp:term":[{"taxonomy":"category","embeddable":true,"href":"http:\/\/servicenterblog.institucional.ws\/index.php?rest_route=%2Fwp%2Fv2%2Fcategories&post=61"},{"taxonomy":"post_tag","embeddable":true,"href":"http:\/\/servicenterblog.institucional.ws\/index.php?rest_route=%2Fwp%2Fv2%2Ftags&post=61"}],"curies":[{"name":"wp","href":"https:\/\/api.w.org\/{rel}","templated":true}]}}