{"id":608,"date":"2019-08-29T13:36:39","date_gmt":"2019-08-29T16:36:39","guid":{"rendered":"http:\/\/servicentermedic1.hospedagemdesites.ws\/blog\/?p=608"},"modified":"2019-08-29T13:36:39","modified_gmt":"2019-08-29T16:36:39","slug":"primeira-morte-por-sarampo-em-sao-paulo-acende-alerta-para-a-importancia-da-vacinacao","status":"publish","type":"post","link":"http:\/\/servicenterblog.institucional.ws\/?p=608","title":{"rendered":"Primeira morte por Sarampo em S\u00e3o Paulo acende alerta para a import\u00e2ncia da vacina\u00e7\u00e3o"},"content":{"rendered":"<p>A primeira morte por Sarampo em SP, ap\u00f3s 22 anos, acende o alerta para a import\u00e2ncia de se vacinar contra a doen\u00e7a. De acordo com o balan\u00e7o da Secretaria da Sa\u00fade divulgado nesta quarta-feira, o estado tem 2.457 casos, sendo 66% na capital paulista, o que equivale a 1.637 pessoas contaminadas pela doen\u00e7a.<\/p>\n<p>O sarampo \u00e9 uma doen\u00e7a altamente contagiosa que pode evoluir para complica\u00e7\u00f5es e levar \u00e0 morte.<br \/>\nA \u00fanica forma de se prevenir contra o sarampo \u00e9 tomando as vacinas corretamente.<\/p>\n<p>Vacina\u00e7\u00e3o<\/p>\n<p>A Prefeitura de S\u00e3o Paulo decidiu\u00a0<a href=\"https:\/\/g1.globo.com\/sp\/sao-paulo\/noticia\/2019\/08\/16\/sao-paulo-prorroga-campanha-de-vacinacao-contra-sarampo-ate-31-de-agosto.ghtml\"><strong>prorrogar a campanha de vacina\u00e7\u00e3o contra sarampo<\/strong><\/a>\u00a0para jovens de 15 a 29 anos e beb\u00eas de 6 meses a um ano de idade at\u00e9 o dia 31 de agosto. A recomenda\u00e7\u00e3o \u00e9 de que todos que fazem parte do p\u00fablico-alvo da campanha se imunizem, independentemente de j\u00e1 terem tomado as duas doses da vacina anteriormente.<\/p>\n<p>Desde o in\u00edcio da campanha, a vacina est\u00e1 sendo oferecida nas Unidades B\u00e1sicas de Sa\u00fade e em postos volantes montados em \u00e1reas de grande circula\u00e7\u00e3o, como esta\u00e7\u00f5es de trens, metr\u00f4 e terminais de \u00f4nibus, al\u00e9m de creches, escolas e universidades.<br \/>\nA imuniza\u00e7\u00e3o deve seguir o seguinte esquema:<\/p>\n<ul>\n<li>Indiv\u00edduos de 12 meses a 29 anos de idade: 2 doses de tr\u00edplice viral com intervalo m\u00ednimo de 30 dias entre elas;<\/li>\n<li>Indiv\u00edduos de 30 a 49 anos de idade n\u00e3o vacinados: 1 dose de tr\u00edplice viral;<\/li>\n<li>Profissionais de sa\u00fade n\u00e3o vacinados: 2 doses com a vacina tr\u00edplice viral independente da idade, com intervalo m\u00ednimo de 30 dias entre elas.<\/li>\n<\/ul>\n<p>Ainda \u00e9 indicada a vacina\u00e7\u00e3o de crian\u00e7as de 6 meses a menores de 1 ano que v\u00e3o se deslocar para munic\u00edpios que apresentam surto ativo de sarampo. A imuniza\u00e7\u00e3o deve ser feita pelo menos 15 dias antes da viagem.<\/p>\n<p>O sarampo \u00e9 uma doen\u00e7a extremamente contagiosa causada por um v\u00edrus do g\u00eanero Morbillivirus, da fam\u00edlia Paramyxoviridae. A transmiss\u00e3o pode ocorrer por meio da fala, tosse e\/ou espirro. O quadro de infec\u00e7\u00e3o pode ser grave, com complica\u00e7\u00f5es principalmente em crian\u00e7as desnutridas ou com sistema imunol\u00f3gico debilitado.<\/p>\n<p><strong>Casos em SP<\/strong><\/p>\n<p>O n\u00famero de casos de sarampo em S\u00e3o Paulo em 2019 j\u00e1 \u00e9 o maior registrado em duas d\u00e9cadas, segundo dados da secretaria. Durante muito tempo, apenas casos pontuais e importados de outros locais foram registrados no estado.<\/p>\n<p>Desde a d\u00e9cada de 90, os registros s\u00f3 ultrapassaram a casa do milhar em 1997, quando um surto da doen\u00e7a provocou 23,9 mil casos.<\/p>\n<p>Fonte: G1 \u2013 agosto 2019<\/p>\n<p>&nbsp;<\/p>\n","protected":false},"excerpt":{"rendered":"<p>A primeira morte por Sarampo em SP, ap\u00f3s 22 anos, acende o alerta para a import\u00e2ncia de se vacinar contra a doen\u00e7a. De acordo com o balan\u00e7o da Secretaria da Sa\u00fade divulgado nesta quarta-feira, o estado tem 2.457 casos, sendo 66% na capital paulista, o que equivale a 1.637 pessoas contaminadas pela doen\u00e7a. O sarampo [&hellip;]<\/p>\n","protected":false},"author":1,"featured_media":609,"comment_status":"open","ping_status":"open","sticky":false,"template":"","format":"standard","meta":[],"categories":[3],"tags":[],"_links":{"self":[{"href":"http:\/\/servicenterblog.institucional.ws\/index.php?rest_route=\/wp\/v2\/posts\/608"}],"collection":[{"href":"http:\/\/servicenterblog.institucional.ws\/index.php?rest_route=\/wp\/v2\/posts"}],"about":[{"href":"http:\/\/servicenterblog.institucional.ws\/index.php?rest_route=\/wp\/v2\/types\/post"}],"author":[{"embeddable":true,"href":"http:\/\/servicenterblog.institucional.ws\/index.php?rest_route=\/wp\/v2\/users\/1"}],"replies":[{"embeddable":true,"href":"http:\/\/servicenterblog.institucional.ws\/index.php?rest_route=%2Fwp%2Fv2%2Fcomments&post=608"}],"version-history":[{"count":1,"href":"http:\/\/servicenterblog.institucional.ws\/index.php?rest_route=\/wp\/v2\/posts\/608\/revisions"}],"predecessor-version":[{"id":610,"href":"http:\/\/servicenterblog.institucional.ws\/index.php?rest_route=\/wp\/v2\/posts\/608\/revisions\/610"}],"wp:featuredmedia":[{"embeddable":true,"href":"http:\/\/servicenterblog.institucional.ws\/index.php?rest_route=\/wp\/v2\/media\/609"}],"wp:attachment":[{"href":"http:\/\/servicenterblog.institucional.ws\/index.php?rest_route=%2Fwp%2Fv2%2Fmedia&parent=608"}],"wp:term":[{"taxonomy":"category","embeddable":true,"href":"http:\/\/servicenterblog.institucional.ws\/index.php?rest_route=%2Fwp%2Fv2%2Fcategories&post=608"},{"taxonomy":"post_tag","embeddable":true,"href":"http:\/\/servicenterblog.institucional.ws\/index.php?rest_route=%2Fwp%2Fv2%2Ftags&post=608"}],"curies":[{"name":"wp","href":"https:\/\/api.w.org\/{rel}","templated":true}]}}