{"id":590,"date":"2019-08-09T10:21:42","date_gmt":"2019-08-09T13:21:42","guid":{"rendered":"http:\/\/servicentermedic1.hospedagemdesites.ws\/blog\/?p=590"},"modified":"2019-08-09T10:21:42","modified_gmt":"2019-08-09T13:21:42","slug":"campanha-agosto-dourado-incentiva-amamentacao-no-brasil","status":"publish","type":"post","link":"http:\/\/servicenterblog.institucional.ws\/?p=590","title":{"rendered":"Campanha Agosto Dourado incentiva amamenta\u00e7\u00e3o no Brasil"},"content":{"rendered":"<p>A Organiza\u00e7\u00e3o Mundial da Sa\u00fade (OMS) acredita que o aleitamento materno \u00e9 a maneira ideal para fornecer \u00e0s crian\u00e7as os nutrientes que necessitam para um desenvolvimento saud\u00e1vel. Por isso, \u00e9 considerado um dos melhores investimentos para salvar vidas e melhorar a sa\u00fade e o desenvolvimento social e econ\u00f4mico de indiv\u00edduos e na\u00e7\u00f5es.<\/p>\n<p>Al\u00e9m dos benef\u00edcios org\u00e2nicos, como a transmiss\u00e3o de anticorpos da m\u00e3e para o beb\u00ea, a amamenta\u00e7\u00e3o pode evitar problemas fonoaudiol\u00f3gicos, de respira\u00e7\u00e3o, audi\u00e7\u00e3o, degluti\u00e7\u00e3o e psicomotoras.<\/p>\n<p>&#8220;A sustenta\u00e7\u00e3o da cabe\u00e7a, que a crian\u00e7a acaba fazendo naturalmente na hora de mamar, \u00e9 o que vai ajudar a promover o equil\u00edbrio e sustenta\u00e7\u00e3o para sentar, engatinhar e andar. Al\u00e9m disso, os v\u00ednculos estabelecidos com a m\u00e3e durante essa fase de aleitamento as deixam mais autoconfiantes para se desenvolverem no per\u00edodo escolar&#8221;, afirma a fonoaudi\u00f3loga Ana L\u00facia Duran, da cl\u00ednica Zambotti e Duran.<\/p>\n<p>Na quest\u00e3o auditiva, as mamadas estimulam o canal do ouvido e, assim, ajudam a evitar as infec\u00e7\u00f5es desta regi\u00e3o que tamb\u00e9m \u00e9 favorecida pela degluti\u00e7\u00e3o. &#8220;Todo o esfor\u00e7o para sugar o leite ajuda a posicionar ainda a arcada dent\u00e1ria, a mastiga\u00e7\u00e3o e consequentemente a degluti\u00e7\u00e3o tamb\u00e9m se tornam mais f\u00e1ceis&#8221;, completa a especialista.<\/p>\n<p>Amamentar \u00e9 um ato de amor sem limites!<\/p>\n<p>Fonte: R7<\/p>\n","protected":false},"excerpt":{"rendered":"<p>A Organiza\u00e7\u00e3o Mundial da Sa\u00fade (OMS) acredita que o aleitamento materno \u00e9 a maneira ideal para fornecer \u00e0s crian\u00e7as os nutrientes que necessitam para um desenvolvimento saud\u00e1vel. Por isso, \u00e9 considerado um dos melhores investimentos para salvar vidas e melhorar a sa\u00fade e o desenvolvimento social e econ\u00f4mico de indiv\u00edduos e na\u00e7\u00f5es. Al\u00e9m dos benef\u00edcios [&hellip;]<\/p>\n","protected":false},"author":1,"featured_media":591,"comment_status":"open","ping_status":"open","sticky":false,"template":"","format":"standard","meta":[],"categories":[3],"tags":[],"_links":{"self":[{"href":"http:\/\/servicenterblog.institucional.ws\/index.php?rest_route=\/wp\/v2\/posts\/590"}],"collection":[{"href":"http:\/\/servicenterblog.institucional.ws\/index.php?rest_route=\/wp\/v2\/posts"}],"about":[{"href":"http:\/\/servicenterblog.institucional.ws\/index.php?rest_route=\/wp\/v2\/types\/post"}],"author":[{"embeddable":true,"href":"http:\/\/servicenterblog.institucional.ws\/index.php?rest_route=\/wp\/v2\/users\/1"}],"replies":[{"embeddable":true,"href":"http:\/\/servicenterblog.institucional.ws\/index.php?rest_route=%2Fwp%2Fv2%2Fcomments&post=590"}],"version-history":[{"count":1,"href":"http:\/\/servicenterblog.institucional.ws\/index.php?rest_route=\/wp\/v2\/posts\/590\/revisions"}],"predecessor-version":[{"id":592,"href":"http:\/\/servicenterblog.institucional.ws\/index.php?rest_route=\/wp\/v2\/posts\/590\/revisions\/592"}],"wp:featuredmedia":[{"embeddable":true,"href":"http:\/\/servicenterblog.institucional.ws\/index.php?rest_route=\/wp\/v2\/media\/591"}],"wp:attachment":[{"href":"http:\/\/servicenterblog.institucional.ws\/index.php?rest_route=%2Fwp%2Fv2%2Fmedia&parent=590"}],"wp:term":[{"taxonomy":"category","embeddable":true,"href":"http:\/\/servicenterblog.institucional.ws\/index.php?rest_route=%2Fwp%2Fv2%2Fcategories&post=590"},{"taxonomy":"post_tag","embeddable":true,"href":"http:\/\/servicenterblog.institucional.ws\/index.php?rest_route=%2Fwp%2Fv2%2Ftags&post=590"}],"curies":[{"name":"wp","href":"https:\/\/api.w.org\/{rel}","templated":true}]}}