{"id":587,"date":"2019-08-01T20:44:09","date_gmt":"2019-08-01T23:44:09","guid":{"rendered":"http:\/\/servicentermedic1.hospedagemdesites.ws\/blog\/?p=587"},"modified":"2019-08-01T20:44:09","modified_gmt":"2019-08-01T23:44:09","slug":"campanha-pretende-incentivar-amamentacao-no-brasil","status":"publish","type":"post","link":"http:\/\/servicenterblog.institucional.ws\/?p=587","title":{"rendered":"Campanha pretende incentivar amamenta\u00e7\u00e3o no Brasil"},"content":{"rendered":"<p>O ministro da Sa\u00fade, Luiz Henrique Mandetta, lan\u00e7ou nesta quarta-feira (31), em Bras\u00edlia, a campanha anual de incentivo \u00e0 amamenta\u00e7\u00e3o. A a\u00e7\u00e3o marca o in\u00edcio da Semana Mundial de Amamenta\u00e7\u00e3o 2019 (SMAM), que ocorre na primeira semana de agosto, em mais de 170 pa\u00edses. Neste ano, o destaque \u00e9 para a import\u00e2ncia do amparo de toda a rede de apoio (fam\u00edlia, amigos, profissionais de sa\u00fade, empres\u00e1rios) aos pais, em especial \u00e0s mulheres que est\u00e3o amamentando. Na ocasi\u00e3o, o ministro tamb\u00e9m anunciar\u00e1 a habilita\u00e7\u00e3o de 39 unidades hospitalares como Hospital Amigo da Crian\u00e7a, para qualificar ainda mais a aten\u00e7\u00e3o \u00e0 sa\u00fade da gestante e do beb\u00ea no pa\u00eds.<\/p>\n<p>A a\u00e7\u00e3o surgiu em 2010, com apoio da Sociedade Brasileira de Pediatria, com o objetivo de apoiar a mulher que retorna ao trabalho ap\u00f3s o nascimento do seu filho e deseja continuar amamentando o filho. As Salas de Apoio \u00e0 Amamenta\u00e7\u00e3o s\u00e3o locais simples e de baixo custo para as empresas, onde a mulher pode retirar o leite durante a jornada de trabalho e armazen\u00e1-lo corretamente para que ao final do expediente possa lev\u00e1-lo para casa e oferece-lo ao beb\u00ea.<\/p>\n<p>O aleitamento materno \u00e9 a melhor fonte de nutri\u00e7\u00e3o infantil, sendo capaz de reduzir em 13% a mortalidade por causas evit\u00e1veis em crian\u00e7as menores de cinco anos. Protege a crian\u00e7a de doen\u00e7as como diarreia, infec\u00e7\u00f5es respirat\u00f3rias e alergias. Al\u00e9m disso, reduz o risco de a crian\u00e7a desenvolver hipertens\u00e3o, colesterol alto, diabetes, sobrepeso e obesidade na vida adulta.<\/p>\n<p>O Minist\u00e9rio da Sa\u00fade recomenda que as crian\u00e7as sejam amamentadas at\u00e9 os dois anos ou mais e de forma exclusiva at\u00e9 o 6\u00ba m\u00eas de vida.\u00a0 Segundo a Organiza\u00e7\u00e3o Mundial da Sa\u00fade (OMS) e Unicef, cerca de seis milh\u00f5es de crian\u00e7as s\u00e3o salvas a cada ano com o aumento das taxas de amamenta\u00e7\u00e3o exclusiva at\u00e9 o 6\u00ba m\u00eas de vida.<\/p>\n<p>Fonte Minist\u00e9rio da Sa\u00fade<\/p>\n","protected":false},"excerpt":{"rendered":"<p>O ministro da Sa\u00fade, Luiz Henrique Mandetta, lan\u00e7ou nesta quarta-feira (31), em Bras\u00edlia, a campanha anual de incentivo \u00e0 amamenta\u00e7\u00e3o. A a\u00e7\u00e3o marca o in\u00edcio da Semana Mundial de Amamenta\u00e7\u00e3o 2019 (SMAM), que ocorre na primeira semana de agosto, em mais de 170 pa\u00edses. Neste ano, o destaque \u00e9 para a import\u00e2ncia do amparo de [&hellip;]<\/p>\n","protected":false},"author":1,"featured_media":588,"comment_status":"open","ping_status":"open","sticky":false,"template":"","format":"standard","meta":[],"categories":[2,3],"tags":[80],"_links":{"self":[{"href":"http:\/\/servicenterblog.institucional.ws\/index.php?rest_route=\/wp\/v2\/posts\/587"}],"collection":[{"href":"http:\/\/servicenterblog.institucional.ws\/index.php?rest_route=\/wp\/v2\/posts"}],"about":[{"href":"http:\/\/servicenterblog.institucional.ws\/index.php?rest_route=\/wp\/v2\/types\/post"}],"author":[{"embeddable":true,"href":"http:\/\/servicenterblog.institucional.ws\/index.php?rest_route=\/wp\/v2\/users\/1"}],"replies":[{"embeddable":true,"href":"http:\/\/servicenterblog.institucional.ws\/index.php?rest_route=%2Fwp%2Fv2%2Fcomments&post=587"}],"version-history":[{"count":1,"href":"http:\/\/servicenterblog.institucional.ws\/index.php?rest_route=\/wp\/v2\/posts\/587\/revisions"}],"predecessor-version":[{"id":589,"href":"http:\/\/servicenterblog.institucional.ws\/index.php?rest_route=\/wp\/v2\/posts\/587\/revisions\/589"}],"wp:featuredmedia":[{"embeddable":true,"href":"http:\/\/servicenterblog.institucional.ws\/index.php?rest_route=\/wp\/v2\/media\/588"}],"wp:attachment":[{"href":"http:\/\/servicenterblog.institucional.ws\/index.php?rest_route=%2Fwp%2Fv2%2Fmedia&parent=587"}],"wp:term":[{"taxonomy":"category","embeddable":true,"href":"http:\/\/servicenterblog.institucional.ws\/index.php?rest_route=%2Fwp%2Fv2%2Fcategories&post=587"},{"taxonomy":"post_tag","embeddable":true,"href":"http:\/\/servicenterblog.institucional.ws\/index.php?rest_route=%2Fwp%2Fv2%2Ftags&post=587"}],"curies":[{"name":"wp","href":"https:\/\/api.w.org\/{rel}","templated":true}]}}