{"id":579,"date":"2019-07-15T20:49:38","date_gmt":"2019-07-15T23:49:38","guid":{"rendered":"http:\/\/servicentermedic1.hospedagemdesites.ws\/blog\/?p=579"},"modified":"2019-07-15T20:49:38","modified_gmt":"2019-07-15T23:49:38","slug":"os-10-alimentos-que-melhoram-a-memoria","status":"publish","type":"post","link":"http:\/\/servicenterblog.institucional.ws\/?p=579","title":{"rendered":"Os 10 alimentos que melhoram a mem\u00f3ria"},"content":{"rendered":"<h4 class=\"article-subtitle\"><em>Alguns alimentos ajudam a turbinar o racioc\u00ednio, ganhar foco e preservar as lembran\u00e7as. Saiba quais s\u00e3o eles e monte a dieta que alimenta sua mem\u00f3ria<br \/>\n<\/em><\/h4>\n<p>Se uma\u00a0<a href=\"https:\/\/saude.abril.com.br\/tudo-sobre\/alimentacao-saudavel\/\">alimenta\u00e7\u00e3o saud\u00e1vel<\/a>\u00a0faz bem para o corpo, que dir\u00e1 para o\u00a0<a href=\"https:\/\/saude.abril.com.br\/tudo-sobre\/cerebro\/\" target=\"_blank\" rel=\"noopener\">c\u00e9rebro<\/a>. Estudos comprovam que alguns ingredientes t\u00eam mesmo uma afinidade especial com a massa cinzenta. Conhe\u00e7a agora os principais alimentos que turbinam a\u00a0<strong><a href=\"https:\/\/saude.abril.com.br\/tudo-sobre\/memoria\/\" target=\"_blank\" rel=\"noopener\">mem\u00f3ria<\/a>\u00a0<\/strong>e renove o card\u00e1pio para\u00a0melhorar suas habilidades cognitivas:<\/p>\n<h3>1. Espinafre, br\u00f3colis e companhia<\/h3>\n<p>Guarde esta: as hortali\u00e7as de colora\u00e7\u00e3o verde-escura concentram um mix de subst\u00e2ncias parceiras do sistema nervoso, da\u00ed porque n\u00e3o podem faltar no card\u00e1pio ao longo de toda a vida. \u00c9 s\u00f3 escolher sua preferida e caprichar na receita.<\/p>\n<p>Mas vale ter em mente que o espinafre merece destaque.\u00a0<a href=\"https:\/\/saude.abril.com.br\/alimentacao\/o-nutriente-que-mantem-o-cerebro-jovem\/\" target=\"_blank\" rel=\"noopener\">Ele fornece bastante lute\u00edna,<\/a>\u00a0que faz parte de uma fam\u00edlia de pigmentos conhecida como carotenoides. Esse componente contribui (e muito!) para a sa\u00fade cerebral.<\/p>\n<p>Em estudo com 60 pessoas, realizado na\u00a0<a href=\"https:\/\/www.uillinois.edu\/\" target=\"_blank\" rel=\"noopener\">Universidade de Illinois<\/a>, nos Estados Unidos, os maiores consumidores de lute\u00edna exibiam mem\u00f3ria e racioc\u00ednio mais afiados. Os cientistas apostam suas fichas na alta capacidade\u00a0<a href=\"https:\/\/saude.abril.com.br\/tudo-sobre\/dietas-antioxidantes\/\" target=\"_blank\" rel=\"noopener\">antioxidante<\/a>\u00a0do composto. Combater o excesso de radicais livres \u00e9 uma estrat\u00e9gia primordial para a cabe\u00e7a, j\u00e1 que o estresse oxidativo abre as portas para danos aos neur\u00f4nios e \u00e0s perdas cognitivas.<\/p>\n<div class=\"ad-content\"><\/div>\n<p>E as benesses dos verdinhos n\u00e3o param por a\u00ed. Al\u00e9m do afamado espinafre, a couve, a r\u00facula e os br\u00f3colis oferecem \u00e1cido f\u00f3lico, vitamina que resguarda a massa cinzenta e ajuda a reduzir o risco de dem\u00eancias. Ela tamb\u00e9m aparece em v\u00e1rios estudos por atuar em prol do DNA das c\u00e9lulas cerebrais.<\/p>\n<p>A nutricionista Evie Mandelbaum, especialista em gerontologia de S\u00e3o Paulo, afirma que nunca \u00e9 tarde para incluir esses ingredientes na rotina. \u201cMas quem tem uma hist\u00f3ria de alimenta\u00e7\u00e3o saud\u00e1vel e\u00a0<a href=\"https:\/\/saude.abril.com.br\/tudo-sobre\/exercicios-fisicos\/\" target=\"_blank\" rel=\"noopener\">exerc\u00edcios f\u00edsicos<\/a>\u00a0j\u00e1 conta com uma poupan\u00e7a para um\u00a0<a href=\"https:\/\/saude.abril.com.br\/tudo-sobre\/envelhecimento\/\" target=\"_blank\" rel=\"noopener\">envelhecimento<\/a>\u00a0bem-sucedido\u201d, enfatiza.<\/p>\n<p>Os\u00a0<a href=\"https:\/\/saude.abril.com.br\/tudo-sobre\/vegetais-e-legumes\/\" target=\"_blank\" rel=\"noopener\">vegetais<\/a>\u00a0ficam \u00f3timos em\u00a0<a href=\"https:\/\/saude.abril.com.br\/tudo-sobre\/suco\/\" target=\"_blank\" rel=\"noopener\">sucos<\/a>,\u00a0<a href=\"https:\/\/saude.abril.com.br\/tudo-sobre\/pratos-leves-saladas\/\" target=\"_blank\" rel=\"noopener\">saladas<\/a>, refogados e cozidos no vapor. Mas n\u00e3o deixe tempo demais no fogo. O calor excessivo pode reduzir o teor de compostos bacanas.<\/p>\n<h3>2. Abacate<\/h3>\n<p>\u201cAbacateiro ser\u00e1s meu parceiro solit\u00e1rio nesse itiner\u00e1rio da leveza pelo ar.\u201d Seja nos versos de Gilberto Gil, seja nas receitas doces ou salgadas, o fato \u00e9 que o abacate deveria fazer parte do dia a dia. Apesar das calorias, a polpa cremosa \u00e9 um concentrado de subst\u00e2ncias que, entre in\u00fameras fun\u00e7\u00f5es,\u00a0<a href=\"https:\/\/saude.abril.com.br\/alimentacao\/uma-gordura-que-faz-bem-para-o-cerebro\/\" target=\"_blank\" rel=\"noopener\">blindam a massa cinzenta.<\/a><\/p>\n<p>\u201cO fruto \u00e9 rico em vitaminas B6, B12, C e E, al\u00e9m de sel\u00eanio, lute\u00edna, colina e outros compostos fundamentais para os neur\u00f4nios\u201d, elenca o nutr\u00f3logo e cientista de alimentos Edson Credidio, que pesquisou o fruto na\u00a0<a href=\"http:\/\/www.unicamp.br\/unicamp\/\" target=\"_blank\" rel=\"noopener\">Universidade Estadual de Campinas (Unicamp)<\/a>, no interior paulista.<\/p>\n<p>A deliciosa consist\u00eancia denuncia seu alto teor de\u00a0<a href=\"https:\/\/saude.abril.com.br\/tudo-sobre\/gordura\/\" target=\"_blank\" rel=\"noopener\">gordura<\/a>, que, diga-se, \u00e9 das boas. Trata-se da monoinsaturada, que protege as art\u00e9rias, garantindo \u00f3timo fluxo sangu\u00edneo inclusive para o c\u00e9rebro. Um estudo americano aponta uma liga\u00e7\u00e3o desse tipo gorduroso com a melhor funcionalidade de uma \u00e1rea na cuca que tem papel crucial na concentra\u00e7\u00e3o e no aprendizado.<\/p>\n<p>A conclus\u00e3o \u00e9 que o nutriente aperfei\u00e7oa as conex\u00f5es entre os neur\u00f4nios presentes na chamada rede de aten\u00e7\u00e3o dorsal do c\u00e9rebro. S\u00f3 n\u00e3o rola exagerar.<\/p>\n<h3>Onde voc\u00ea tamb\u00e9m encontra gorduras boas<\/h3>\n<ul>\n<li>Azeite de oliva<\/li>\n<li>Am\u00eandoa<\/li>\n<li>Amendoim<\/li>\n<li>Castanha-do-par\u00e1<\/li>\n<li>Gergelim<\/li>\n<li>\u00d3leo de canola<br \/>\n<h3>3. Suco de uva<\/h3>\n<p>Encha seu copo com suco de uva roxa integral e fa\u00e7a um brinde: vida longa aos polifen\u00f3is! S\u00e3o esses os compostos respons\u00e1veis pela fama da bebida. Em Porto Alegre, um experimento realizado com 35 idosas comprovou que o consumo di\u00e1rio de 400 mililitros melhora a fun\u00e7\u00e3o cognitiva.<\/p>\n<p>\u201cOs polifen\u00f3is penetram a barreira hematoencef\u00e1lica, que protege o c\u00e9rebro, e inibem danos ligados ao excesso de radicais livres\u201d, conta a biom\u00e9dica Caroline Dani, do\u00a0<a href=\"http:\/\/ipametodista.edu.br\/\" target=\"_blank\" rel=\"noopener\">Centro Universit\u00e1rio Metodista IPA<\/a>\u00a0e uma das autoras da pesquisa.<\/p>\n<p>N\u00e3o bastasse, eles promovem um aumento nos n\u00edveis de BDNF, prote\u00edna que estimula novas conex\u00f5es entre as redes de neur\u00f4nios, bem como a renova\u00e7\u00e3o dessas c\u00e9lulas.<\/p>\n<p>Apesar de a fruta em si conter as aclamadas subst\u00e2ncias, a bebida concentra maior quantidade, pois nela h\u00e1 polpa, casca e semente. E n\u00e3o se esque\u00e7a: tem que ser suco 100% integral, combinado?<\/p>\n<h3>4.\u00a0<a href=\"https:\/\/saude.abril.com.br\/tudo-sobre\/azeite\/\" target=\"_blank\" rel=\"noopener\">Azeite<\/a>\u00a0de oliva<\/h3>\n<p>Memorize este nome: oleocantal. A nutricionista Vanderli Marchiori, presidente da\u00a0<a href=\"https:\/\/apfit.org.br\/\" target=\"_blank\" rel=\"noopener\">Associa\u00e7\u00e3o Paulista de Fitoterapia<\/a>, relata que j\u00e1 h\u00e1 evid\u00eancias de que a subst\u00e2ncia reduz o risco de\u00a0<a href=\"https:\/\/saude.abril.com.br\/tudo-sobre\/alzheimer\/\" target=\"_blank\" rel=\"noopener\">Alzheimer<\/a>.<\/p>\n<p>Mas nem s\u00f3 de oleocantal se faz o azeite de oliva. Ele concentra\u00a0<a href=\"https:\/\/saude.abril.com.br\/alimentacao\/o-que-e-gordura-insaturada-e-onde-encontrar-nos-alimentos\/\">gordura monoinsaturada<\/a>\u00a0e uma por\u00e7\u00e3o de antioxidantes. N\u00e3o \u00e0 toa ter recebido a alcunha de defensor da mem\u00f3ria.<\/p>\n<p>Quem corrobora essa tese \u00e9 uma equipe da\u00a0<a href=\"https:\/\/www.temple.edu\/\" target=\"_blank\" rel=\"noopener\">Universidade Temple<\/a>, nos Estados Unidos, que demonstrou, em animais, que o leg\u00edtimo \u00f3leo de azeitona impede a prolifera\u00e7\u00e3o das placas beta-amiloides. Essas estruturas est\u00e3o associadas \u00e0 destrui\u00e7\u00e3o dos neur\u00f4nios e \u00e0 interrup\u00e7\u00e3o da comunica\u00e7\u00e3o entre eles (as sinapses), desencadeando a doen\u00e7a que provoca o esquecimento. Vanderli sugere ao menos uma colher de sopa di\u00e1ria do tipo extravirgem.<\/p>\n<h3>5.\u00a0<a href=\"https:\/\/saude.abril.com.br\/tudo-sobre\/chas\/\" target=\"_blank\" rel=\"noopener\">Ch\u00e1<\/a><\/h3>\n<p>\u201cRecordo (creio) suas m\u00e3os delicadas de tran\u00e7ador. Recordo pr\u00f3ximo dessas m\u00e3os um mate\u2026\u201d O trecho vem do conto Funes, o Memorioso, e \u2013 vai saber? \u2013 revela um dos segredos do personagem criado pelo argentino Jorge Luis Borges (1899-1986). Funes tinha uma mem\u00f3ria sobrenatural, lembrava-se de tudo, nos m\u00ednimos detalhes\u2026 Seria por causa do ch\u00e1? Fic\u00e7\u00f5es \u00e0 parte, n\u00e3o \u00e9 de hoje que ele est\u00e1 entre os ingredientes com a\u00e7\u00e3o neuroprotetora \u2013 especialmente o tipo verde.<\/p>\n<p>A bebida, de sabor levemente adstringente, \u00e9 feita com a erva\u00a0<em>Camellia sinensis<\/em>, esp\u00e9cie asi\u00e1tica que guarda a epigalocatequina galato, ou EGCG. \u201c\u00c9 um potente antioxidante. E o ch\u00e1-verde cont\u00e9m ainda cafe\u00edna e L-teanina, entre outros compostos\u201d, destaca a biogeront\u00f3loga Ivana Cruz, professora da\u00a0<a href=\"https:\/\/www.ufsm.br\/\" target=\"_blank\" rel=\"noopener\">Universidade Federal de Santa Maria (UFSM)<\/a>.<\/p>\n<p>H\u00e1 comprova\u00e7\u00e3o de que essa rica mistura ajuda a barrar agress\u00f5es ao hipocampo, uma das principais regi\u00f5es cerebrais associadas \u00e0 memoriza\u00e7\u00e3o e ao aprendizado. Um trabalho japon\u00eas, da\u00a0<a href=\"https:\/\/www.shizuoka.ac.jp\/english\/\" target=\"_blank\" rel=\"noopener\">Universidade de Shizuoka<\/a>, indicou que o consumo cotidiano de ch\u00e1-verde foi eficaz no combate ao decl\u00ednio cognitivo em idosos.<\/p>\n<p>Outras pesquisas sugerem que as subst\u00e2ncias da erva ajudam a evitar a deposi\u00e7\u00e3o das placas ligadas ao Alzheimer e at\u00e9 colaboram com a forma\u00e7\u00e3o de novos neur\u00f4nios. Os benef\u00edcios, ali\u00e1s, viriam at\u00e9 por vias indiretas. \u201cUma revis\u00e3o de estudos mostra impacto na\u00a0<a href=\"https:\/\/saude.abril.com.br\/tudo-sobre\/ansiedade\/\" target=\"_blank\" rel=\"noopener\">ansiedade<\/a>, o que tamb\u00e9m melhora a cogni\u00e7\u00e3o\u201d, conta a professora Ivana.<\/p>\n<h3>Qual ch\u00e1 \u00e9 melhor?<\/h3>\n<p>Camomila, hortel\u00e3 e erva-cidreira s\u00e3o infus\u00f5es que favorecem a digest\u00e3o e o\u00a0<a href=\"https:\/\/saude.abril.com.br\/tudo-sobre\/beneficios-do-sono\/\" target=\"_blank\" rel=\"noopener\">sono<\/a>, mas n\u00e3o t\u00eam rela\u00e7\u00e3o com a mem\u00f3ria.<\/p>\n<p>E, ainda que os ch\u00e1s branco, vermelho, mate e outros \u00e0 base de\u00a0<em>Camellia sinensis<\/em>\u00a0ofertem as subst\u00e2ncias do verde, todos est\u00e3o longe de exibir a mesma quantidade da badalada bebida.<\/p>\n<h3>6.\u00a0<a href=\"https:\/\/saude.abril.com.br\/tudo-sobre\/peixes-e-frutos-do-mar\/\" target=\"_blank\" rel=\"noopener\">Peixe<\/a><\/h3>\n<p>Anote e cole na porta da geladeira: salm\u00e3o, atum, sardinha, arenque e cavalinha devem aparecer pelo menos duas vezes por semana no card\u00e1pio. Essa \u00e9 a sugest\u00e3o da nutricionista Lara Natacci, da\u00a0<a href=\"http:\/\/www.dietnet.com.br\/\" target=\"_blank\" rel=\"noopener\">cl\u00ednica Dietnet<\/a>, na capital paulista.<\/p>\n<p>Se antigamente se falava dos pescados como fontes ex\u00edmias de f\u00f3sforo, um nutriente caro ao c\u00e9rebro, hoje o que se enaltecem s\u00e3o os teores de\u00a0<a href=\"https:\/\/saude.abril.com.br\/tudo-sobre\/omega-3\/\" target=\"_blank\" rel=\"noopener\">\u00f4mega-3<\/a>. Essa gordura do time das poli-insaturadas \u00e9 reverenciada por diversos motivos. E um deles tem a ver com a cuca. \u201cO \u00f4mega-3 atua na conex\u00e3o entre os neur\u00f4nios, facilitando a plasticidade sin\u00e1ptica\u201d, afirma Lara.<\/p>\n<p>Em resumo: a conversa entre essas c\u00e9lulas flui tranquilamente. A gordura auxilia ainda na produ\u00e7\u00e3o de neurotransmissores e tem a\u00e7\u00e3o anti-inflamat\u00f3ria, deixando o caminho livre para c\u00e9lulas do c\u00e9rebro se regenerarem.<\/p>\n<p>Inclusive n\u00e3o faltam pesquisas que colocam os \u00e1cidos graxos poli-insaturados como soldados de primeira linha na luta contra o pr\u00f3prio Alzheimer.<\/p>\n<h3>Qual a melhor maneira de preparar o peixe<\/h3>\n<p>A dica \u00e9 aproveitar a\u00a0<a href=\"https:\/\/saude.abril.com.br\/tudo-sobre\/pele\/\" target=\"_blank\" rel=\"noopener\">pele<\/a>, onde h\u00e1 altas doses de \u00f4mega-3. J\u00e1 o modo de preparo vai do gosto do fregu\u00eas. Mas n\u00e3o \u00e9 para comer fritura toda hora ou grelhar at\u00e9 passar do ponto. Isso forma aminas heteroc\u00edclicas, mol\u00e9culas perigosas para as c\u00e9lulas nervosas.<\/p>\n<h3>7. Nozes, castanhas e afins<\/h3>\n<p>Elas esbanjam sel\u00eanio. \u201cE h\u00e1 uma forte rela\u00e7\u00e3o entre a defici\u00eancia desse nutriente e o surgimento de problemas cognitivos durante o envelhecimento\u201d, diz H\u00e9rcules Rezende, nutricionista e neurocientista da\u00a0<a href=\"https:\/\/ufrj.br\/\" target=\"_blank\" rel=\"noopener\">Universidade Federal do Rio de Janeiro<\/a>.<\/p>\n<p>Vitamina E e gorduras boas completam a receita neuroprotetora das\u00a0<a href=\"https:\/\/saude.abril.com.br\/tudo-sobre\/oleaginosas\/\" target=\"_blank\" rel=\"noopener\">oleaginosas<\/a>. Estudos revelam que o consumo desses alimentos interfere nas ondas cerebrais envolvidas com a reten\u00e7\u00e3o de informa\u00e7\u00f5es e o aprendizado.<\/p>\n<p>E que tal apostar nas brasileir\u00edssimas castanha-do-par\u00e1, de caju e da menos conhecida baru? Claro: nozes, am\u00eandoas e pistaches s\u00e3o outras \u00f3timas op\u00e7\u00f5es para n\u00e3o cair na mesmice. Lara Natacci indica meia x\u00edcara ou um punhado por dia.<\/p>\n<h3>8. Chocolate amargo<\/h3>\n<p>Bombons e tabletes s\u00e3o sin\u00f4nimo de felicidade, e a ci\u00eancia j\u00e1 mostra que o bem-estar emocional \u00e9 um guardi\u00e3o do c\u00e9rebro. Mas \u00e9 preciso esclarecer que os atributos do\u00a0<a href=\"https:\/\/saude.abril.com.br\/tudo-sobre\/chocolate\/\" target=\"_blank\" rel=\"noopener\">chocolate<\/a>\u00a0s\u00e3o, na verdade, origin\u00e1rios de sua principal mat\u00e9ria-prima, o cacau. \u00c9 a composi\u00e7\u00e3o do fruto que est\u00e1 por tr\u00e1s de efeitos antioxidantes e promotores da boa circula\u00e7\u00e3o sangu\u00ednea.<\/p>\n<p>\u201cSubst\u00e2ncias como teobromina, cafe\u00edna, teofilina e alcaloides pur\u00ednicos podem atuar como estimulantes no sistema nervoso\u201d, conta H\u00e9rcules Rezende. E uma revis\u00e3o italiana recente, publicada no peri\u00f3dico\u00a0<em><a href=\"https:\/\/www.frontiersin.org\/journals\/nutrition\" target=\"_blank\" rel=\"noopener\">Frontiers in Nutrition<\/a><\/em>, comprova tal habilidade.<\/p>\n<p>A pesquisa cita efeitos positivos sobre a mem\u00f3ria de trabalho, cogni\u00e7\u00e3o, aten\u00e7\u00e3o e, de quebra, na redu\u00e7\u00e3o do risco de\u00a0<a href=\"https:\/\/saude.abril.com.br\/tudo-sobre\/doencas-cardiacas\/\" target=\"_blank\" rel=\"noopener\">problemas card\u00edacos<\/a>. \u201cA quantidade adequada de chocolate n\u00e3o est\u00e1 bem estabelecida, mas alguns estudos falam em 30 ou 40 gramas do tipo amargo por dia\u201d, relata a nutr\u00f3loga Andreia Pereira, do\u00a0<a href=\"https:\/\/www.einstein.br\/Pages\/Home.aspx\" target=\"_blank\" rel=\"noopener\">Hospital Israelita Albert Einstein<\/a>, em S\u00e3o Paulo. A m\u00e9dica faz quest\u00e3o de frisar que abusos culminam no aumento do peso.<\/p>\n<h3>Invista no cacau<\/h3>\n<p>Como os benef\u00edcios do chocolate v\u00eam dos flavonoides do cacau, quanto maior a concentra\u00e7\u00e3o do fruto na barra, melhor. O tipo meio amargo apresenta at\u00e9 60%, j\u00e1 os amargos de verdade devem ter a partir de 70%.<\/p>\n<p>\u201cUma dica \u00e9 comer o de 70% e um pedacinho do ao leite para que o sabor mais doce predomine\u201d, orienta Vanderli.<\/p>\n<h3>9.\u00a0<a href=\"https:\/\/saude.abril.com.br\/tudo-sobre\/ovo\/\" target=\"_blank\" rel=\"noopener\">Ovo<\/a><\/h3>\n<p>Voc\u00ea deve se recordar que ele figura entre os alimentos mais injusti\u00e7ados de todos os tempos \u2013 sua culpa era carregar muito\u00a0<a href=\"https:\/\/saude.abril.com.br\/tudo-sobre\/colesterol\/\" target=\"_blank\" rel=\"noopener\">colesterol<\/a>. Agora, assistimos ao seu livramento, j\u00e1 que estudos o safaram da pecha de vil\u00e3o das doen\u00e7as cardiovasculares.<\/p>\n<p>Que sorte (tamb\u00e9m!) para a nossa cabe\u00e7a. Excelente fonte de\u00a0<a href=\"https:\/\/saude.abril.com.br\/tudo-sobre\/dietas-a-base-de-proteinas\/\" target=\"_blank\" rel=\"noopener\">prote\u00ednas<\/a>, com destaque para a albumina, o alimento possui preciosidades como a lute\u00edna, aquele pigmento que pertence ao grupo dos carotenoides.<\/p>\n<p>E, conforme contamos l\u00e1 em cima, sobram evid\u00eancias de seu papel contra o decl\u00ednio cognitivo. A gema do ovo tamb\u00e9m est\u00e1 repleta de colina, uma das vitaminas do complexo B \u2013 cada vez mais famosa por auxiliar na consolida\u00e7\u00e3o da mem\u00f3ria. \u201cTrata-se de um nutriente essencial para a forma\u00e7\u00e3o do neurotransmissor acetilcolina, importante regulador do aprendizado no c\u00f3rtex cerebral\u201d, explica o professor H\u00e9rcules.<\/p>\n<p>Em testes com animais, j\u00e1 se viu que a defici\u00eancia de colina pode afetar o funcionamento interno de c\u00e9lulas no c\u00e9rebro. E esse desarranjo repercute negativamente na cogni\u00e7\u00e3o.<\/p>\n<p>Para quem est\u00e1 com exames em ordem e n\u00e3o tem nenhuma restri\u00e7\u00e3o m\u00e9dica, d\u00e1 para colocar a gema no card\u00e1pio diariamente. Desde o caf\u00e9 da manh\u00e3, na omelete, passando pelo almo\u00e7o ou jantar e nos lanches, o ovo entra em uma por\u00e7\u00e3o de receitas.<\/p>\n<p>E fique tranquilo: os teores de colina se mant\u00eam mesmo quando o alimento passa pelo fogo. Portanto, abuse da criatividade na cozinha.<\/p>\n<h3>Conhe\u00e7a outras fontes de colina<\/h3>\n<ul>\n<li><a href=\"https:\/\/saude.abril.com.br\/tudo-sobre\/figado\/\" target=\"_blank\" rel=\"noopener\">F\u00edgado<\/a>\u00a0bovino<\/li>\n<li>G\u00e9rmen de trigo<\/li>\n<li>Gr\u00e3os de soja<\/li>\n<li>Carne de porco<\/li>\n<li>Abacate<\/li>\n<\/ul>\n<h3>10.\u00a0<a href=\"https:\/\/saude.abril.com.br\/tudo-sobre\/cafe\/\" target=\"_blank\" rel=\"noopener\">Caf\u00e9<\/a><\/h3>\n<p>Apesar de a bebida carregar dezenas de compostos, caso dos fen\u00f3licos (que, veja, turbinam a bioqu\u00edmica cerebral), a cafe\u00edna ainda \u00e9 a estrela. Pesquisas revelam um elo entre a subst\u00e2ncia e a diminui\u00e7\u00e3o dos n\u00edveis das famigeradas placas beta-amiloides. \u201cIsso explicaria seu efeito protetor contra as dem\u00eancias\u201d, diz Ivana Cruz.<\/p>\n<p>Mas o exagero nos goles n\u00e3o \u00e9 bacana. Cafezinhos al\u00e9m da conta est\u00e3o por tr\u00e1s de\u00a0<a href=\"https:\/\/saude.abril.com.br\/tudo-sobre\/disturbios-do-sono\/\" target=\"_blank\" rel=\"noopener\">ins\u00f4nia<\/a>, taquicardia e nervosismo, especialmente para os mais sens\u00edveis. O ideal \u00e9 saborear, no m\u00e1ximo, cinco x\u00edcaras ao dia.<\/p>\n<p>A professora da UFSM ressalta que os alimentos devem surgir \u00e0 mesa, sim, devido a suas propriedades ben\u00e9ficas, mas tamb\u00e9m pelo prazer que propiciam. Ali\u00e1s, a festejada cafe\u00edna d\u00e1 as caras em outras op\u00e7\u00f5es.<\/p>\n<p>\u201cAqui no Sul, os ga\u00fachos tomam o chimarr\u00e3o para despertar. J\u00e1 no Amazonas, as bebidas com o p\u00f3 de guaran\u00e1 s\u00e3o bem populares\u201d, nota. Sem sacrif\u00edcios, a cabe\u00e7a responde ainda melhor.<\/p>\n<p>Fonte: Sa\u00fade\/ Abril<\/li>\n<\/ul>\n<h4 class=\"article-subtitle\"><em>\u00a0<\/em><\/h4>\n","protected":false},"excerpt":{"rendered":"<p>Alguns alimentos ajudam a turbinar o racioc\u00ednio, ganhar foco e preservar as lembran\u00e7as. Saiba quais s\u00e3o eles e monte a dieta que alimenta sua mem\u00f3ria Se uma\u00a0alimenta\u00e7\u00e3o saud\u00e1vel\u00a0faz bem para o corpo, que dir\u00e1 para o\u00a0c\u00e9rebro. Estudos comprovam que alguns ingredientes t\u00eam mesmo uma afinidade especial com a massa cinzenta. Conhe\u00e7a agora os principais alimentos [&hellip;]<\/p>\n","protected":false},"author":1,"featured_media":580,"comment_status":"open","ping_status":"open","sticky":false,"template":"","format":"standard","meta":[],"categories":[6,3],"tags":[],"_links":{"self":[{"href":"http:\/\/servicenterblog.institucional.ws\/index.php?rest_route=\/wp\/v2\/posts\/579"}],"collection":[{"href":"http:\/\/servicenterblog.institucional.ws\/index.php?rest_route=\/wp\/v2\/posts"}],"about":[{"href":"http:\/\/servicenterblog.institucional.ws\/index.php?rest_route=\/wp\/v2\/types\/post"}],"author":[{"embeddable":true,"href":"http:\/\/servicenterblog.institucional.ws\/index.php?rest_route=\/wp\/v2\/users\/1"}],"replies":[{"embeddable":true,"href":"http:\/\/servicenterblog.institucional.ws\/index.php?rest_route=%2Fwp%2Fv2%2Fcomments&post=579"}],"version-history":[{"count":1,"href":"http:\/\/servicenterblog.institucional.ws\/index.php?rest_route=\/wp\/v2\/posts\/579\/revisions"}],"predecessor-version":[{"id":581,"href":"http:\/\/servicenterblog.institucional.ws\/index.php?rest_route=\/wp\/v2\/posts\/579\/revisions\/581"}],"wp:featuredmedia":[{"embeddable":true,"href":"http:\/\/servicenterblog.institucional.ws\/index.php?rest_route=\/wp\/v2\/media\/580"}],"wp:attachment":[{"href":"http:\/\/servicenterblog.institucional.ws\/index.php?rest_route=%2Fwp%2Fv2%2Fmedia&parent=579"}],"wp:term":[{"taxonomy":"category","embeddable":true,"href":"http:\/\/servicenterblog.institucional.ws\/index.php?rest_route=%2Fwp%2Fv2%2Fcategories&post=579"},{"taxonomy":"post_tag","embeddable":true,"href":"http:\/\/servicenterblog.institucional.ws\/index.php?rest_route=%2Fwp%2Fv2%2Ftags&post=579"}],"curies":[{"name":"wp","href":"https:\/\/api.w.org\/{rel}","templated":true}]}}