{"id":547,"date":"2019-05-23T16:45:14","date_gmt":"2019-05-23T19:45:14","guid":{"rendered":"http:\/\/servicentermedic1.hospedagemdesites.ws\/blog\/?p=547"},"modified":"2019-05-23T16:45:14","modified_gmt":"2019-05-23T19:45:14","slug":"a-duas-semanas-do-fim-da-campanha-apenas-63-receberam-vacina-contra-gripe","status":"publish","type":"post","link":"http:\/\/servicenterblog.institucional.ws\/?p=547","title":{"rendered":"A duas semanas do fim da campanha, apenas 63% receberam vacina contra gripe"},"content":{"rendered":"<h4 class=\"content-head__subtitle\"><em>Ainda falta vacinar quase 22 milh\u00f5es de pessoas e a vacina est\u00e1 dispon\u00edvel at\u00e9 31 de maio<\/p>\n<p><\/em><\/h4>\n<div class=\"mc-column content-text active-extra-styles \" data-block-type=\"unstyled\" data-block-weight=\"35\" data-block-id=\"2\">\n<p class=\"content-text__container \" data-track-category=\"Link no Texto\" data-track-links=\"\">Faltam duas semanas para o encerramento da campanha nacional de vacina\u00e7\u00e3o contra a gripe e somente 63,4% do p\u00fablico-alvo recebeu a imuniza\u00e7\u00e3o, totalizando 37,7 milh\u00f5es de pessoas, informou o Minist\u00e9rio da Sa\u00fade nesta ter\u00e7a-feira (21).<\/p>\n<\/div>\n<div class=\"wall protected-content\">\n<div class=\"mc-column content-text active-extra-styles \" data-block-type=\"unstyled\" data-block-weight=\"18\" data-block-id=\"3\">\n<p class=\"content-text__container \" data-track-category=\"Link no Texto\" data-track-links=\"\">A campanha vai at\u00e9 31 de maio em todo o pa\u00eds e envolve 41,8 mil postos de vacina\u00e7\u00e3o.<\/p>\n<\/div>\n<div class=\"mc-column content-text active-extra-styles\" data-block-type=\"raw\" data-block-weight=\"43\" data-block-id=\"4\">\n<blockquote class=\"content-blockquote theme-border-color-primary-before\"><p>&#8220;Para diminuir a circula\u00e7\u00e3o do v\u00edrus no pa\u00eds \u00e9 preciso que todas as pessoas que fazem parte do p\u00fablico priorit\u00e1rio da campanha se vacinem. A vacina \u00e9 a forma mais eficaz de evitar a doen\u00e7a\u201d, afirma o ministro da Sa\u00fade, Luiz Henrique Mandetta.<\/p><\/blockquote>\n<\/div>\n<div class=\"mc-column content-text active-extra-styles \" data-block-type=\"unstyled\" data-block-weight=\"38\" data-block-id=\"5\">\n<p class=\"content-text__container \" data-track-category=\"Link no Texto\" data-track-links=\"\">A vacina protege contra os tipos mais graves do v\u00edrus (H1N1; H3N2 e influenza B) e os subtipos mais comuns no Hemisf\u00e9rio Sul. Al\u00e9m disso, a vacina ajuda a evitar infec\u00e7\u00f5es virais e bacterianas decorrentes da gripe.<\/p>\n<\/div>\n<div class=\"mc-column content-text active-extra-styles \" data-block-type=\"unstyled\" data-block-weight=\"23\" data-block-id=\"6\">\n<p class=\"content-text__container \" data-track-category=\"Link no Texto\" data-track-links=\"\">At\u00e9 11 de maio, foram registrados 807 casos de S\u00edndrome Respirat\u00f3ria Aguda Grave (SRAG) por influenza em todo o pa\u00eds, com 144 mortes.<\/p>\n<article>\n<div class=\"wall protected-content\">\n<div class=\"mc-column content-text active-extra-styles \" data-block-type=\"unstyled\" data-block-weight=\"36\" data-block-id=\"8\">\n<p class=\"content-text__container \" data-track-category=\"Link no Texto\" data-track-links=\"\">A vacina n\u00e3o \u00e9 capaz de causar a gripe, pois inclui s\u00f3 peda\u00e7os do v\u00edrus. A \u00fanica contra-indica\u00e7\u00e3o \u00e9 para pessoas al\u00e9rgicas a algum componente da vacina, como a clara de ovos, usada na fabrica\u00e7\u00e3o.<\/p>\n<\/div>\n<div class=\"mc-column content-text active-extra-styles\" data-block-type=\"raw\" data-block-weight=\"5\" data-block-id=\"10\">\n<div class=\"content-intertitle\">\n<h2>Quem deve tomar a vacina?<\/h2>\n<\/div>\n<\/div>\n<div class=\"mc-column content-text active-extra-styles \" data-block-type=\"unstyled\" data-block-weight=\"17\" data-block-id=\"11\">\n<p class=\"content-text__container \" data-track-category=\"Link no Texto\" data-track-links=\"\">Conforme orienta\u00e7\u00e3o da Organiza\u00e7\u00e3o Mundial da Sa\u00fade (OMS), as vacinas oferecidas gratuitamente pelo governo s\u00e3o destinadas a:<\/p>\n<\/div>\n<div class=\"mc-column content-text active-extra-styles\" data-block-type=\"raw\" data-block-weight=\"56\" data-block-id=\"12\">\n<ul class=\"content-unordered-list\">\n<li>Crian\u00e7as de 6 meses a 5 anos de idade;<\/li>\n<li>Gestantes;<\/li>\n<li>Pu\u00e9rperas, isto \u00e9, m\u00e3es que deram \u00e0 luz h\u00e1 menos de 45 dias;<\/li>\n<li>Idosos;<\/li>\n<li>Profissionais de sa\u00fade, professores da rede p\u00fablica ou privada, portadores de doen\u00e7as cr\u00f4nicas, povos ind\u00edgenas e pessoas privadas de liberdade;<\/li>\n<li>Portadores de doen\u00e7as cr\u00f4nicas (HIV, por exemplo) que fazem acompanhamento pelo SUS.<\/li>\n<\/ul>\n<\/div>\n<div class=\"mc-column content-text active-extra-styles \" data-block-type=\"unstyled\" data-block-weight=\"30\" data-block-id=\"13\">\n<p class=\"content-text__container \" data-track-category=\"Link no Texto\" data-track-links=\"\">Por\u00e9m, qualquer pessoa pode tomar a vacina. Quem n\u00e3o faz parte dessas categorias pode adquirir a vacina contra a gripe na rede privada por cerca de R$ 100 a 150.<\/p>\n<\/div>\n<div class=\"mc-column content-text active-extra-styles\" data-block-type=\"raw\" data-block-weight=\"4\" data-block-id=\"14\">\n<div class=\"content-intertitle\">\n<h2>Quem j\u00e1 se vacinou<\/h2>\n<\/div>\n<\/div>\n<div class=\"mc-column content-text active-extra-styles \" data-block-type=\"unstyled\" data-block-weight=\"43\" data-block-id=\"15\">\n<p class=\"content-text__container \" data-track-category=\"Link no Texto\" data-track-links=\"\">O grupo das pu\u00e9rperas \u00e9 o que registra maior cobertura vacinal em todo o pa\u00eds, de 81,9%, ou 288,6 mil doses aplicadas. A cobertura dos idosos chega a 72,2%. Em seguida, v\u00eam funcion\u00e1rios do sistema prisional (71,3%), ind\u00edgenas (70,7%) e professores (65,7%).<\/p>\n<\/div>\n<div class=\"mc-column content-text active-extra-styles \" data-block-type=\"unstyled\" data-block-weight=\"34\" data-block-id=\"16\">\n<p class=\"content-text__container \" data-track-category=\"Link no Texto\" data-track-links=\"\">Os grupos que menos se vacinaram foram os profissionais das for\u00e7as de seguran\u00e7a e salvamento (24%), popula\u00e7\u00e3o privada de liberdade (32,2%), pessoas com comorbidades (54%), trabalhadores de sa\u00fade (60,9%), crian\u00e7as (61,5%) e gestantes (63,2%).<\/p>\n<\/div>\n<div class=\"mc-column content-text active-extra-styles\" data-block-type=\"raw\" data-block-weight=\"4\" data-block-id=\"17\">\n<div class=\"content-intertitle\">\n<h2>Estados com maior cobertura<\/h2>\n<\/div>\n<\/div>\n<div class=\"mc-column content-text active-extra-styles\" data-block-type=\"raw\" data-block-weight=\"19\" data-block-id=\"18\">\n<ul class=\"content-unordered-list\">\n<li>Amazonas &#8211; 93,6%<\/li>\n<li>Amap\u00e1 &#8211; 85,5%<\/li>\n<li>Esp\u00edrito Santo &#8211; 75,3%<\/li>\n<li>Alagoas &#8211; 73,4%<\/li>\n<li>Rond\u00f4nia &#8211; 72,6%<\/li>\n<li>Pernambuco &#8211; 72,2%<\/li>\n<\/ul>\n<\/div>\n<div class=\"mc-column content-text active-extra-styles\" data-block-type=\"raw\" data-block-weight=\"4\" data-block-id=\"19\">\n<div class=\"content-intertitle\">\n<h2>Estados com menor cobertura<\/h2>\n<\/div>\n<\/div>\n<div data-track-category=\"multicontent\" data-track-action=\"ultimo chunk conteudo\" data-track-noninteraction=\"false\" data-track-scroll=\"view\">\n<div class=\"mc-column content-text active-extra-styles\" data-block-type=\"raw\" data-block-weight=\"18\" data-block-id=\"20\">\n<ul class=\"content-unordered-list\">\n<li>Rio de Janeiro &#8211; 45,8%<\/li>\n<li>Acre &#8211; 49,7%<\/li>\n<li>S\u00e3o Paulo &#8211; 57,0%<\/li>\n<li>Roraima &#8211; 57,4%<\/li>\n<li>Par\u00e1 &#8211; 59,2%<\/li>\n<\/ul>\n<\/div>\n<\/div>\n<\/div>\n<\/article>\n<div class=\"mc-column entities\">\nFonte: G1\/maio 2019<\/div>\n<\/div>\n<\/div>\n<h4 class=\"content-head__subtitle\"><em>\u00a0<\/em><\/h4>\n","protected":false},"excerpt":{"rendered":"<p>Ainda falta vacinar quase 22 milh\u00f5es de pessoas e a vacina est\u00e1 dispon\u00edvel at\u00e9 31 de maio Faltam duas semanas para o encerramento da campanha nacional de vacina\u00e7\u00e3o contra a gripe e somente 63,4% do p\u00fablico-alvo recebeu a imuniza\u00e7\u00e3o, totalizando 37,7 milh\u00f5es de pessoas, informou o Minist\u00e9rio da Sa\u00fade nesta ter\u00e7a-feira (21). A campanha vai [&hellip;]<\/p>\n","protected":false},"author":1,"featured_media":548,"comment_status":"open","ping_status":"open","sticky":false,"template":"","format":"standard","meta":[],"categories":[3],"tags":[],"_links":{"self":[{"href":"http:\/\/servicenterblog.institucional.ws\/index.php?rest_route=\/wp\/v2\/posts\/547"}],"collection":[{"href":"http:\/\/servicenterblog.institucional.ws\/index.php?rest_route=\/wp\/v2\/posts"}],"about":[{"href":"http:\/\/servicenterblog.institucional.ws\/index.php?rest_route=\/wp\/v2\/types\/post"}],"author":[{"embeddable":true,"href":"http:\/\/servicenterblog.institucional.ws\/index.php?rest_route=\/wp\/v2\/users\/1"}],"replies":[{"embeddable":true,"href":"http:\/\/servicenterblog.institucional.ws\/index.php?rest_route=%2Fwp%2Fv2%2Fcomments&post=547"}],"version-history":[{"count":1,"href":"http:\/\/servicenterblog.institucional.ws\/index.php?rest_route=\/wp\/v2\/posts\/547\/revisions"}],"predecessor-version":[{"id":549,"href":"http:\/\/servicenterblog.institucional.ws\/index.php?rest_route=\/wp\/v2\/posts\/547\/revisions\/549"}],"wp:featuredmedia":[{"embeddable":true,"href":"http:\/\/servicenterblog.institucional.ws\/index.php?rest_route=\/wp\/v2\/media\/548"}],"wp:attachment":[{"href":"http:\/\/servicenterblog.institucional.ws\/index.php?rest_route=%2Fwp%2Fv2%2Fmedia&parent=547"}],"wp:term":[{"taxonomy":"category","embeddable":true,"href":"http:\/\/servicenterblog.institucional.ws\/index.php?rest_route=%2Fwp%2Fv2%2Fcategories&post=547"},{"taxonomy":"post_tag","embeddable":true,"href":"http:\/\/servicenterblog.institucional.ws\/index.php?rest_route=%2Fwp%2Fv2%2Ftags&post=547"}],"curies":[{"name":"wp","href":"https:\/\/api.w.org\/{rel}","templated":true}]}}