{"id":523,"date":"2019-04-17T16:03:11","date_gmt":"2019-04-17T19:03:11","guid":{"rendered":"http:\/\/servicentermedic1.hospedagemdesites.ws\/blog\/?p=523"},"modified":"2019-04-17T16:04:37","modified_gmt":"2019-04-17T19:04:37","slug":"523","status":"publish","type":"post","link":"http:\/\/servicenterblog.institucional.ws\/?p=523","title":{"rendered":"17 de abril &#8211; Dia Internacional da Hemofilia"},"content":{"rendered":"<p>A hemofilia \u00e9 uma doen\u00e7a gen\u00e9tica causada pela aus\u00eancia dos fatores VIII ou IX da coagula\u00e7\u00e3o, que provoca um sangramento por mais tempo nos portadores da doen\u00e7a. De acordo com o Minist\u00e9rio da Sa\u00fade, o Brasil tem cerca de 12 mil pessoas que sofrem com a doen\u00e7a. As pessoas portadoras de hemofilia costumam apresentar, al\u00e9m das dificuldades de coagula\u00e7\u00e3o em ferimentos, sangramentos internos, principalmente nas articula\u00e7\u00f5es e m\u00fasculos. Se n\u00e3o tratadas, as hemorragias podem causar deformidades nas articula\u00e7\u00f5es e defici\u00eancias f\u00edsicas.<\/p>\n<p>Existem dois tipos de hemofilia, tipo A ou B. O que diferencia um do outro \u00e9 o fator de coagula\u00e7\u00e3o que a pessoa deixa de produzir naturalmente. Considerada rara, a hemofilia afeta geralmente homens. Os sintomas mais comuns s\u00e3o sangramentos musculares e nas articula\u00e7\u00f5es e hematomas.<\/p>\n<p>O diagn\u00f3stico \u00e9 feito atrav\u00e9s de um exame laboratorial que verifica a dosagem do fator de coagula\u00e7\u00e3o no sangue. A doen\u00e7a pode ser classificada em hemofilia A ou B dependendo da aus\u00eancia dos fatores apresentados no exame. O Hemoce disponibiliza o exame para investigar a hemofilia.<\/p>\n<p>O dia 17 de abril foi escolhido para celebrar o \u201cDia Nacional da Hemofilia\u201d, pois foi quando nasceu Frank Schnabel, hemof\u00edlico e fundador da Federa\u00e7\u00e3o Mundial de Hemofilia. Schnabel atuou pela melhoria da qualidade de vida dos hemof\u00edlicos. A data pretende chamar a aten\u00e7\u00e3o e ampliar a discuss\u00e3o sobre assuntos relacionados \u00e0 doen\u00e7a e para ressaltar a import\u00e2ncia de se investir constantemente na melhoria do tratamento dessas pessoas.<\/p>\n<p>Fonte Minist\u00e9rio da Sa\u00fade<\/p>\n","protected":false},"excerpt":{"rendered":"<p>A hemofilia \u00e9 uma doen\u00e7a gen\u00e9tica causada pela aus\u00eancia dos fatores VIII ou IX da coagula\u00e7\u00e3o, que provoca um sangramento por mais tempo nos portadores da doen\u00e7a. De acordo com o Minist\u00e9rio da Sa\u00fade, o Brasil tem cerca de 12 mil pessoas que sofrem com a doen\u00e7a. As pessoas portadoras de hemofilia costumam apresentar, al\u00e9m [&hellip;]<\/p>\n","protected":false},"author":1,"featured_media":527,"comment_status":"open","ping_status":"open","sticky":false,"template":"","format":"standard","meta":[],"categories":[2],"tags":[],"_links":{"self":[{"href":"http:\/\/servicenterblog.institucional.ws\/index.php?rest_route=\/wp\/v2\/posts\/523"}],"collection":[{"href":"http:\/\/servicenterblog.institucional.ws\/index.php?rest_route=\/wp\/v2\/posts"}],"about":[{"href":"http:\/\/servicenterblog.institucional.ws\/index.php?rest_route=\/wp\/v2\/types\/post"}],"author":[{"embeddable":true,"href":"http:\/\/servicenterblog.institucional.ws\/index.php?rest_route=\/wp\/v2\/users\/1"}],"replies":[{"embeddable":true,"href":"http:\/\/servicenterblog.institucional.ws\/index.php?rest_route=%2Fwp%2Fv2%2Fcomments&post=523"}],"version-history":[{"count":2,"href":"http:\/\/servicenterblog.institucional.ws\/index.php?rest_route=\/wp\/v2\/posts\/523\/revisions"}],"predecessor-version":[{"id":526,"href":"http:\/\/servicenterblog.institucional.ws\/index.php?rest_route=\/wp\/v2\/posts\/523\/revisions\/526"}],"wp:featuredmedia":[{"embeddable":true,"href":"http:\/\/servicenterblog.institucional.ws\/index.php?rest_route=\/wp\/v2\/media\/527"}],"wp:attachment":[{"href":"http:\/\/servicenterblog.institucional.ws\/index.php?rest_route=%2Fwp%2Fv2%2Fmedia&parent=523"}],"wp:term":[{"taxonomy":"category","embeddable":true,"href":"http:\/\/servicenterblog.institucional.ws\/index.php?rest_route=%2Fwp%2Fv2%2Fcategories&post=523"},{"taxonomy":"post_tag","embeddable":true,"href":"http:\/\/servicenterblog.institucional.ws\/index.php?rest_route=%2Fwp%2Fv2%2Ftags&post=523"}],"curies":[{"name":"wp","href":"https:\/\/api.w.org\/{rel}","templated":true}]}}