{"id":518,"date":"2019-04-16T14:56:32","date_gmt":"2019-04-16T17:56:32","guid":{"rendered":"http:\/\/servicentermedic1.hospedagemdesites.ws\/blog\/?p=518"},"modified":"2019-04-16T14:56:32","modified_gmt":"2019-04-16T17:56:32","slug":"depressao-em-idosos-fique-atento-aos-sinais","status":"publish","type":"post","link":"http:\/\/servicenterblog.institucional.ws\/?p=518","title":{"rendered":"Depress\u00e3o em idosos: fique atento aos sinais"},"content":{"rendered":"<p><em>Para muitas pessoas, os 60 anos marcam um ponto de transi\u00e7\u00e3o na vida, seja positiva ou negativamente<\/p>\n<p><\/em>Na maioria dos casos, o perfil dos novos 60+ revela pessoas que encaram a idade com mais disposi\u00e7\u00e3o, sendo que 73,2% sente que s\u00e3o mais jovens do que a idade real. No entanto, h\u00e1 uma pequena parcela que sofre com \u2018o peso da idade\u2019, acaba se isolando devido a problemas f\u00edsicos ou emocionais e \u00e9 grupo de risco para o desenvolvimento de depress\u00e3o.<em><br \/>\n<\/em><\/p>\n<p>De fato, \u00e9 menos comum encontrar pessoas com mais de 60 anos com diagn\u00f3stico do transtorno depressivo maior. A preval\u00eancia \u00e9 de 3% a 6%. Mas, quando se observa os sintomas de depress\u00e3o, a taxa aumenta entre 15% e 33%. \u201cA idade em si n\u00e3o \u00e9 um fator de risco para a incid\u00eancia da depress\u00e3o cl\u00ednica, sendo menos frequente em idosos do que em popula\u00e7\u00f5es mais jovens. Entretanto, a identifica\u00e7\u00e3o de sintomas isolados ou associados da s\u00edndrome depressiva s\u00e3o encontrados em alta frequ\u00eancia entre idosos\u201d, afirma a psic\u00f3loga Samila Batistoni, mestre em gerontologia.<\/p>\n<p>Nessa etapa da vida, a depress\u00e3o est\u00e1 mais associada a respostas som\u00e1ticas do que \u00e0 tristeza. A pesquisa O Brasil 60+, que tra\u00e7ou o perfil dos novos idosos (que rejeitam essa nomenclatura), mostra que 13% deles s\u00e3o resistentes quanto \u00e0 chegada dessa idade. Entre eles, prevalecem os indiferentes, e a jun\u00e7\u00e3o de ambos forma um grupo que seria de risco para o desenvolvimento de depress\u00e3o em idosos. \u201c\u00c9 poss\u00edvel que esse perfil coincida, em grande parte, com aqueles que manifestam insatisfa\u00e7\u00e3o, baixa esperan\u00e7a, dores e fadiga nos question\u00e1rios de sintomatologia depressiva. \u00c9 poss\u00edvel que j\u00e1 possuam baixas expectativas futuras e inexist\u00eancia ou inefic\u00e1cia de recursos para enfrentar os eventos da vida\u201d, diz Samila. A especialista cita que os estudos em psicologia do envelhecimento apontam a manuten\u00e7\u00e3o de um potencial adaptativo, presente principalmente nas fases iniciais da velhice. Nesses casos, a pessoa pode usar recursos de resili\u00eancia desenvolvidos ao longo da vida. \u201cPor exemplo: outras metas ou prop\u00f3sitos de vida, outros pap\u00e9is ou fun\u00e7\u00f5es sociais a serem desempenhados e que compensam outras mudan\u00e7as ou perdas, maior foco no presente e estrat\u00e9gias de maximiza\u00e7\u00e3o do bem-estar\u201d, enumera.<br \/>\nA psic\u00f3loga faz uma distin\u00e7\u00e3o entre a depress\u00e3o que ocorre pela primeira vez ap\u00f3s os 60 anos e aquela que \u00e9 a manifesta\u00e7\u00e3o de quadros iniciados em fases anteriores da vida. \u201cQuando a depress\u00e3o \u00e9 iniciada anteriormente, o que \u00e9 recorrente, est\u00e1 associada ao reconhecimento da condi\u00e7\u00e3o pelo pr\u00f3prio idoso, com sintomas de tristeza e anedonia [perda de satisfa\u00e7\u00e3o, prazer]. A que se manifesta pela primeira vez na velhice tende a estar muito associada a altera\u00e7\u00f5es cerebrais ou cerebrovasculares ou mesmo metab\u00f3licas. H\u00e1 maior manifesta\u00e7\u00e3o de irritabilidade e refer\u00eancia a dores e inc\u00f4modos sem especifica\u00e7\u00e3o\u201d, explica. Em ambos os casos, o tratamento para depress\u00e3o \u00e9 poss\u00edvel e se d\u00e1 tanto por medicamentos quanto por psicoterapia.<\/p>\n<p>Confira, a seguir, trechos da entrevista sobre depress\u00e3o em idosos com a psic\u00f3loga:<br \/>\nUma vida social ativa ajuda na preserva\u00e7\u00e3o da sa\u00fade mental dos idosos? De que forma?<br \/>\nUma vida social ativa tem sido prescrita por profissionais e leigos como uma receita m\u00e1gica do sucesso na velhice. O fortalecimento das redes de suporte social s\u00e3o fontes importantes de apoio emocional, instrumental e informativo. Entretanto, o conceito de atividade, por si s\u00f3, tem sido classicamente recha\u00e7ado como estrat\u00e9gia para envelhecer bem. Estar ativo a qualquer custo, al\u00e9m de pouco motivador para os idosos, pode exp\u00f4-los a baixo senso de efic\u00e1cia, compara\u00e7\u00f5es sociais negativas, quedas ou estresse.<\/p>\n<p>A pesquisa O Brasil 60+ mostra que 51,4% dos entrevistados n\u00e3o saem com os amigos (sendo a maioria da classe A e mulheres), 42% ficam em casa durante a semana, 20% na rua e 37,6% se dividem entre casa e rua. H\u00e1 um isolamento nessa fase da vida?<br \/>\nConsiderando os idosos em geral, h\u00e1 uma tend\u00eancia \u00e0 diminui\u00e7\u00e3o da participa\u00e7\u00e3o social, principalmente naquelas que envolvem trocas sociais mais amplas,\u00a0 que s\u00e3o geograficamente mais distantes e nas que exigem maior esfor\u00e7o f\u00edsico ou precisam de energia. Estudos nacionais e internacionais apontam tamb\u00e9m um pouco de restri\u00e7\u00e3o em atividades consideradas intermedi\u00e1rias (como ir \u00e0 igreja, festas, eventos) e maior manuten\u00e7\u00e3o de atividades proximais (como fazer e receber visitas em casa e se comunicar por telefone). Neste \u00faltimo caso, a redu\u00e7\u00e3o est\u00e1 ligada \u00e0 presen\u00e7a de depress\u00e3o ou queixas psicol\u00f3gicas de insatisfa\u00e7\u00e3o com a vida.<\/p>\n<p>Fonte: Gazeta do Povo<\/p>\n<p>&nbsp;<\/p>\n","protected":false},"excerpt":{"rendered":"<p>Para muitas pessoas, os 60 anos marcam um ponto de transi\u00e7\u00e3o na vida, seja positiva ou negativamente Na maioria dos casos, o perfil dos novos 60+ revela pessoas que encaram a idade com mais disposi\u00e7\u00e3o, sendo que 73,2% sente que s\u00e3o mais jovens do que a idade real. No entanto, h\u00e1 uma pequena parcela que [&hellip;]<\/p>\n","protected":false},"author":1,"featured_media":521,"comment_status":"open","ping_status":"open","sticky":false,"template":"","format":"standard","meta":[],"categories":[3],"tags":[],"_links":{"self":[{"href":"http:\/\/servicenterblog.institucional.ws\/index.php?rest_route=\/wp\/v2\/posts\/518"}],"collection":[{"href":"http:\/\/servicenterblog.institucional.ws\/index.php?rest_route=\/wp\/v2\/posts"}],"about":[{"href":"http:\/\/servicenterblog.institucional.ws\/index.php?rest_route=\/wp\/v2\/types\/post"}],"author":[{"embeddable":true,"href":"http:\/\/servicenterblog.institucional.ws\/index.php?rest_route=\/wp\/v2\/users\/1"}],"replies":[{"embeddable":true,"href":"http:\/\/servicenterblog.institucional.ws\/index.php?rest_route=%2Fwp%2Fv2%2Fcomments&post=518"}],"version-history":[{"count":1,"href":"http:\/\/servicenterblog.institucional.ws\/index.php?rest_route=\/wp\/v2\/posts\/518\/revisions"}],"predecessor-version":[{"id":522,"href":"http:\/\/servicenterblog.institucional.ws\/index.php?rest_route=\/wp\/v2\/posts\/518\/revisions\/522"}],"wp:featuredmedia":[{"embeddable":true,"href":"http:\/\/servicenterblog.institucional.ws\/index.php?rest_route=\/wp\/v2\/media\/521"}],"wp:attachment":[{"href":"http:\/\/servicenterblog.institucional.ws\/index.php?rest_route=%2Fwp%2Fv2%2Fmedia&parent=518"}],"wp:term":[{"taxonomy":"category","embeddable":true,"href":"http:\/\/servicenterblog.institucional.ws\/index.php?rest_route=%2Fwp%2Fv2%2Fcategories&post=518"},{"taxonomy":"post_tag","embeddable":true,"href":"http:\/\/servicenterblog.institucional.ws\/index.php?rest_route=%2Fwp%2Fv2%2Ftags&post=518"}],"curies":[{"name":"wp","href":"https:\/\/api.w.org\/{rel}","templated":true}]}}