{"id":510,"date":"2019-03-28T14:21:42","date_gmt":"2019-03-28T17:21:42","guid":{"rendered":"http:\/\/servicentermedic1.hospedagemdesites.ws\/blog\/?p=510"},"modified":"2019-03-28T14:21:42","modified_gmt":"2019-03-28T17:21:42","slug":"saiba-mais-sobre-diabetes","status":"publish","type":"post","link":"http:\/\/servicenterblog.institucional.ws\/?p=510","title":{"rendered":"Saiba mais sobre diabetes"},"content":{"rendered":"<p><em>Diabetes \u00e9 uma doen\u00e7a causada pela falta ou m\u00e1 absor\u00e7\u00e3o de insulina, horm\u00f4nio que promove o aproveitamento da glicose como energia para o nosso corpo.<\/em><\/p>\n<p>Diabetes mellitus \u00e9 uma doen\u00e7a do metabolismo da glicose causada pela falta ou m\u00e1 absor\u00e7\u00e3o de insulina, horm\u00f4nio produzido pelo\u00a0<strong><a href=\"https:\/\/drauziovarella.uol.com.br\/corpo-humano\/pancreas\/\" target=\"_blank\" rel=\"noopener\">p\u00e2ncreas<\/a><\/strong>\u00a0e cuja fun\u00e7\u00e3o \u00e9 quebrar as mol\u00e9culas de glicose para transform\u00e1-las em energia, a fim de que seja aproveitada por todas as c\u00e9lulas. A aus\u00eancia total ou parcial desse horm\u00f4nio interfere n\u00e3o s\u00f3 na queima do a\u00e7\u00facar como na sua transforma\u00e7\u00e3o em outras subst\u00e2ncias (prote\u00ednas, m\u00fasculos e gordura).<\/p>\n<p>Na verdade, n\u00e3o se trata de uma doen\u00e7a \u00fanica, mas de um conjunto de doen\u00e7as com uma caracter\u00edstica em comum: aumento da concentra\u00e7\u00e3o de glicose no sangue provocado por duas diferentes situa\u00e7\u00f5es:<\/p>\n<ul>\n<li>Diabetes tipo 1: O p\u00e2ncreas produz pouca ou nenhuma insulina. A instala\u00e7\u00e3o da doen\u00e7a ocorre mais na inf\u00e2ncia e adolesc\u00eancia e \u00e9 insulinodependente, isto \u00e9, exige a aplica\u00e7\u00e3o de inje\u00e7\u00f5es di\u00e1rias de insulina.\n<ul>\n<li>Diabetes tipo 2 \u2013 As c\u00e9lulas s\u00e3o resistentes \u00e0 a\u00e7\u00e3o da insulina. A incid\u00eancia da doen\u00e7a que pode n\u00e3o ser insulinodependente, em geral, acomete as pessoas depois dos 40 anos de idade;<\/li>\n<li>Diabetes gestacional \u2013 Ocorre durante a gravidez e, na maior parte dos casos, \u00e9 provocado pelo aumento excessivo de peso da m\u00e3e;<\/li>\n<li>Diabetes associados a outras patologias como as pancreatites alco\u00f3licas, uso de certos medicamentos etc.<\/li>\n<\/ul>\n<p>&nbsp;<\/p>\n<h4><strong>SINTOMAS<\/strong><\/h4>\n<ul>\n<li>Poli\u00faria \u2013 a pessoa urina demais e, como isso a desidrata, sente muita sede (polidpsia);<\/li>\n<\/ul>\n<ul>\n<li>Aumento do apetite;<\/li>\n<\/ul>\n<ul>\n<li>Altera\u00e7\u00f5es visuais;<\/li>\n<li>Formigamento dos p\u00e9s ou m\u00e3os<\/li>\n<\/ul>\n<ul>\n<li>Impot\u00eancia sexual;<\/li>\n<\/ul>\n<ul>\n<li>Infec\u00e7\u00f5es f\u00fangicas na pele e nas unhas;<\/li>\n<\/ul>\n<ul>\n<li>Feridas, especialmente nos membros inferiores, que demoram a cicatrizar;<\/li>\n<\/ul>\n<ul>\n<li>Neuropatias diab\u00e9ticas provocada pelo comprometimento das termina\u00e7\u00f5es nervosas;<\/li>\n<\/ul>\n<ul>\n<li>Dist\u00farbios card\u00edacos e renais.<\/li>\n<\/ul>\n<p>&nbsp;<\/p>\n<h4><strong>FATORES DE RISCO<\/strong><\/h4>\n<ul>\n<li>Obesidade (inclusive a\u00a0<strong><a href=\"https:\/\/drauziovarella.uol.com.br\/entrevistas-2\/obesidade-infantil-1\/\" target=\"_blank\" rel=\"noopener\">obesidade infantil<\/a><\/strong>);<\/li>\n<li>Hereditariedade;<\/li>\n<li>Falta de atividade f\u00edsica regular;<\/li>\n<li><strong><a href=\"https:\/\/drauziovarella.uol.com.br\/doencas-e-sintomas\/hipertensao-pressao-alta\/\" target=\"_blank\" rel=\"noopener\">Hipertens\u00e3o<\/a><\/strong>;<\/li>\n<li>N\u00edveis altos de colesterol e triglic\u00e9rides;<\/li>\n<li>Medicamentos, como os \u00e0 base de cortisona;<\/li>\n<li>Idade acima dos 40 anos (para o diabetes tipo 2);<\/li>\n<li>Estresse emocional.<\/li>\n<\/ul>\n<h4><strong>TRATAMENTO<\/strong><\/h4>\n<p>O diabetes n\u00e3o pode ser dissociado de outras doen\u00e7as glandulares. Al\u00e9m da obesidade, outros dist\u00farbios metab\u00f3licos (excesso de cortisona, do horm\u00f4nio do crescimento ou maior produ\u00e7\u00e3o de adrenalina pelas\u00a0<strong><a href=\"https:\/\/drauziovarella.uol.com.br\/corpo-humano\/glandula-adrenal-suprarrenal\/\" target=\"_blank\" rel=\"noopener\">adrenais<\/a><\/strong>) podem estar associados ao diabetes.<\/p>\n<p>O tipo 1 \u00e9 tamb\u00e9m chamado de insulinodependente, porque exige o uso de insulina por via injet\u00e1vel para suprir o organismo desse horm\u00f4nio que deixou de ser produzido pelo p\u00e2ncreas. A suspens\u00e3o da medica\u00e7\u00e3o pode provocar a cetoacidose diab\u00e9tica, dist\u00farbio metab\u00f3lico que pode colocar a vida em risco.<\/p>\n<p>O tipo 2 n\u00e3o depende da aplica\u00e7\u00e3o de insulina e pode ser controlado por medicamentos ministrados por via oral. A doen\u00e7a descompensada pode levar ao coma hiperosmolar, uma complica\u00e7\u00e3o grave que pode ser fatal.<\/p>\n<p>Dieta alimentar equilibrada \u00e9 fundamental para o controle do diabetes. A orienta\u00e7\u00e3o de um nutricionista e o acompanhamento de psic\u00f3logos e psiquiatras podem ajudar muito a reduzir o peso e, como consequ\u00eancia, cria a possibilidade de usar doses menores de rem\u00e9dios.<\/p>\n<p>Atividade f\u00edsica \u00e9 de extrema import\u00e2ncia para reduzir o n\u00edvel da glicose nos dois tipos de diabetes.<\/p>\n<h4><strong>RECOMENDA\u00c7\u00d5ES<\/strong><\/h4>\n<ul>\n<li>O tratamento do diabetes exige, al\u00e9m do acompanhamento m\u00e9dico especializado, os cuidados de uma equipe multidisciplinar. Procure seguir as orienta\u00e7\u00f5es desses profissionais;<\/li>\n<li>A dieta alimentar deve ser observada criteriosamente. Procure ajuda para elaborar o card\u00e1pio adequado para seu caso. N\u00e3o \u00e9 necess\u00e1rio que voc\u00ea se prive por toda a vida dos alimentos de que mais gosta. Uma vez ou outra, voc\u00ea poder\u00e1 sabore\u00e1-los desde que o fa\u00e7a com parcim\u00f4nia;<\/li>\n<li>Um programa regular de exerc\u00edcios f\u00edsicos ir\u00e1 ajud\u00e1-lo a controlar o n\u00edvel de a\u00e7\u00facar no sangue. Coloque-os como prioridade em sua rotina de vida;<\/li>\n<li>O fumo provoca estreitamento das art\u00e9rias e veias. Como o diabetes compromete a circula\u00e7\u00e3o nos pequenos vasos sangu\u00edneos (retina e rins) e nos grandes vasos (<strong><a href=\"https:\/\/drauziovarella.uol.com.br\/corpo-humano\/coracao\/\" target=\"_blank\" rel=\"noopener\">cora\u00e7\u00e3o\u00a0<\/a><\/strong>e c\u00e9rebro), fumar pode acelerar o processo e o aparecimento de complica\u00e7\u00f5es;<\/li>\n<li>O controle da press\u00e3o arterial e dos n\u00edveis de colesterol e triglic\u00e9rides deve ser feito com regularidade;<\/li>\n<li>Medicamentos \u00e0 base de cortisona aumentam os n\u00edveis de glicose no sangue. N\u00e3o se automedique;<\/li>\n<li>O diagn\u00f3stico precoce \u00e9 o primeiro passo para o sucesso do tratamento. N\u00e3o minimize seus sintomas. Procure logo um servi\u00e7o de sa\u00fade se est\u00e1 urinando demais e sentindo muita sede e muita fome.<\/li>\n<\/ul>\n<p>Autor:\u00a0Maria Helena Varella Bruna<br \/>\nFonte Site Drauzio Varella<\/li>\n<\/ul>\n","protected":false},"excerpt":{"rendered":"<p>Diabetes \u00e9 uma doen\u00e7a causada pela falta ou m\u00e1 absor\u00e7\u00e3o de insulina, horm\u00f4nio que promove o aproveitamento da glicose como energia para o nosso corpo. Diabetes mellitus \u00e9 uma doen\u00e7a do metabolismo da glicose causada pela falta ou m\u00e1 absor\u00e7\u00e3o de insulina, horm\u00f4nio produzido pelo\u00a0p\u00e2ncreas\u00a0e cuja fun\u00e7\u00e3o \u00e9 quebrar as mol\u00e9culas de glicose para transform\u00e1-las [&hellip;]<\/p>\n","protected":false},"author":1,"featured_media":511,"comment_status":"open","ping_status":"open","sticky":false,"template":"","format":"standard","meta":[],"categories":[3],"tags":[],"_links":{"self":[{"href":"http:\/\/servicenterblog.institucional.ws\/index.php?rest_route=\/wp\/v2\/posts\/510"}],"collection":[{"href":"http:\/\/servicenterblog.institucional.ws\/index.php?rest_route=\/wp\/v2\/posts"}],"about":[{"href":"http:\/\/servicenterblog.institucional.ws\/index.php?rest_route=\/wp\/v2\/types\/post"}],"author":[{"embeddable":true,"href":"http:\/\/servicenterblog.institucional.ws\/index.php?rest_route=\/wp\/v2\/users\/1"}],"replies":[{"embeddable":true,"href":"http:\/\/servicenterblog.institucional.ws\/index.php?rest_route=%2Fwp%2Fv2%2Fcomments&post=510"}],"version-history":[{"count":1,"href":"http:\/\/servicenterblog.institucional.ws\/index.php?rest_route=\/wp\/v2\/posts\/510\/revisions"}],"predecessor-version":[{"id":512,"href":"http:\/\/servicenterblog.institucional.ws\/index.php?rest_route=\/wp\/v2\/posts\/510\/revisions\/512"}],"wp:featuredmedia":[{"embeddable":true,"href":"http:\/\/servicenterblog.institucional.ws\/index.php?rest_route=\/wp\/v2\/media\/511"}],"wp:attachment":[{"href":"http:\/\/servicenterblog.institucional.ws\/index.php?rest_route=%2Fwp%2Fv2%2Fmedia&parent=510"}],"wp:term":[{"taxonomy":"category","embeddable":true,"href":"http:\/\/servicenterblog.institucional.ws\/index.php?rest_route=%2Fwp%2Fv2%2Fcategories&post=510"},{"taxonomy":"post_tag","embeddable":true,"href":"http:\/\/servicenterblog.institucional.ws\/index.php?rest_route=%2Fwp%2Fv2%2Ftags&post=510"}],"curies":[{"name":"wp","href":"https:\/\/api.w.org\/{rel}","templated":true}]}}