{"id":507,"date":"2019-03-24T11:58:19","date_gmt":"2019-03-24T14:58:19","guid":{"rendered":"http:\/\/servicentermedic1.hospedagemdesites.ws\/blog\/?p=507"},"modified":"2019-03-24T11:58:19","modified_gmt":"2019-03-24T14:58:19","slug":"e-a-hora-dia-mundial-de-combate-a-tuberculose-2019-e-semana-nacional-de-mobilizacao-e-luta-contra-a-tuberculose-24-a-3132019","status":"publish","type":"post","link":"http:\/\/servicenterblog.institucional.ws\/?p=507","title":{"rendered":"&#8220;\u00c9 a hora!&#8221; Dia Mundial de Combate \u00e0 Tuberculose 2019 e Semana Nacional de Mobiliza\u00e7\u00e3o e Luta Contra a Tuberculose &#8211; 24 a 31\/3\/2019"},"content":{"rendered":"<p>A tuberculose \u00e9 um desafio para os pa\u00edses. Em 2017, estima-se que 10 milh\u00f5es de pessoas adoeceram por tuberculose e que a doen\u00e7a tenha causado 1,3 milh\u00e3o de \u00f3bitos, o que a mant\u00e9m entre as 10 principais causas de morte no planeta. A incid\u00eancia da doen\u00e7a foi 34,8 casos por 100 mil habitantes. Em 2017, dados apontam 4.534 \u00f3bitos por tuberculose, resultando em um coeficiente de mortalidade de 2,2 \u00f3bitos\/100 mil habitantes.<\/p>\n<p>O Brasil atingiu as Metas dos Objetivos do Mil\u00eanio (ODM) de combate \u00e0 tuberculose, que previa reduzir, at\u00e9 2015, o coeficiente de incid\u00eancia e de mortalidade da doen\u00e7a em 50% quando comparado com os resultados de 1990. Em 2018, foram registrados 72,8 mil casos novos no pa\u00eds.<\/p>\n<p>Apesar de ter avan\u00e7ado, o brasileiro deve ficar sempre alerta, como afirma Denise Arakaki, coordenadora do Programa Nacional de Controle da Tuberculose do Minist\u00e9rio da Sa\u00fade. \u201cCome\u00e7ar o quanto antes o tratamento, que \u00e9 garantido gratuitamente nas unidades p\u00fablicas de sa\u00fade, e mant\u00ea-lo at\u00e9 o final \u00e9 essencial para atingir a cura da doen\u00e7a\u201d, afirma Arakaki.<\/p>\n<p>Para intensificar os esfor\u00e7os no combate \u00e0 doen\u00e7a, o Minist\u00e9rio da Sa\u00fade lan\u00e7ou, em 2017, o Plano Nacional pelo Fim da Tuberculose, que ratifica o compromisso com a OMS de acabar com a tuberculose como um problema de sa\u00fade p\u00fablica. O plano apoia as tr\u00eas esferas de governo na identifica\u00e7\u00e3o de estrat\u00e9gias para reduzir a incid\u00eancia para menos de 10 casos por 100 mil habitantes e as mortes para menos de 1 \u00f3bito por 100 mil habitantes at\u00e9 2035.<\/p>\n<p>O tema do Dia Mundial da TB 2019 &#8211;\u00a0<strong>&#8220;\u00c9 a hora&#8221;<\/strong>, enfatiza a urg\u00eancia de atuar nos compromissos assumidos pelos l\u00edderes globais para:<\/p>\n<p>&#8211; ampliar o acesso \u00e0 preven\u00e7\u00e3o e tratamento;<br \/>\n&#8211; construir responsabilidade;<br \/>\n&#8211; garantir financiamento suficiente e sustent\u00e1vel, incluindo para a pesquisa;<br \/>\n&#8211; promover o fim do estigma e da discrimina\u00e7\u00e3o;<br \/>\n&#8211; promover uma resposta equitativa, baseada em direitos e centrada nas pessoas.<\/p>\n<p><strong>\u00c9 a hora de testar e tratar a infec\u00e7\u00e3o latente por tuberculose; \u00e9 a hora de fortalecer a educa\u00e7\u00e3o e a conscientiza\u00e7\u00e3o sobre a tuberculose; \u00e9 a hora de falar; \u00e9 a hora de acabar com o estigma.<\/strong><\/p>\n<p>A tuberculose \u00e9 uma doen\u00e7a infectocontagiosa que afeta principalmente os pulm\u00f5es, mas tamb\u00e9m pode acometer \u00f3rg\u00e3os como ossos, rins e meninges (membranas que envolvem o c\u00e9rebro). \u00c9 provocada pelo\u00a0<em>Mycobacterium tuberculosis<\/em>\u00a0ou Bacilo de Koch (BK), mas outras esp\u00e9cies de micobact\u00e9rias tamb\u00e9m podem caus\u00e1-la. S\u00e3o elas:\u00a0<em>Mycobacterium bovis, africanum e microti.<\/em><\/p>\n<p>A tuberculose continua sendo uma epidemia em grande parte do mundo, causando a morte de quase um milh\u00e3o e meio de pessoas a cada ano, principalmente em pa\u00edses em desenvolvimento. O Brasil ocupa o 18\u00ba lugar entre os 22 pa\u00edses respons\u00e1veis por 82% do total de casos de tuberculose no mundo. Embora seja uma doen\u00e7a pass\u00edvel de ser prevenida, tratada e curada, ainda mata cerca de 4,4 mil pessoas todos os anos no Brasil.<\/p>\n<p><strong>Sinais e sintomas mais frequentes:<\/strong><\/p>\n<p>&#8211; tosse seca ou com secre\u00e7\u00e3o por mais de tr\u00eas semanas, podendo evoluir para tosse com pus ou sangue;<br \/>\n&#8211; cansa\u00e7o excessivo e prostra\u00e7\u00e3o;<br \/>\n&#8211; febre baixa geralmente no per\u00edodo da tarde;<br \/>\n&#8211; suor noturno;<br \/>\n&#8211; falta de apetite;<br \/>\n&#8211; emagrecimento acentuado;<br \/>\n&#8211; rouquid\u00e3o.<\/p>\n<p>Alguns pacientes, entretanto, n\u00e3o exibem nenhum ind\u00edcio da doen\u00e7a, enquanto outros apresentam sintomas aparentemente simples, que n\u00e3o s\u00e3o percebidos durante alguns meses. Pode ser confundida com uma gripe, por exemplo, e evoluir durante 3 a 4 meses sem que a pessoa infectada saiba, ao mesmo tempo em que transmite a doen\u00e7a para outras pessoas. A transmiss\u00e3o da tuberculose \u00e9 direta, de pessoa a pessoa. O doente expele, ao falar, espirrar ou tossir, pequenas got\u00edculas de saliva que podem ser aspiradas por outro indiv\u00edduo.<\/p>\n<p>Cada paciente com tuberculose pulmonar n\u00e3o tratada pode infectar em m\u00e9dia 10 a 15 pessoas por ano. Alguns fatores contribuem para a dissemina\u00e7\u00e3o da doen\u00e7a, como os relacionados \u00e0 pobreza e \u00e0 m\u00e1 distribui\u00e7\u00e3o de renda, a aids, a desnutri\u00e7\u00e3o, as m\u00e1s condi\u00e7\u00f5es sanit\u00e1rias, o tabagismo, o alcoolismo ou qualquer outro fator que provoque baixa resist\u00eancia do organismo.<\/p>\n<p><strong>Preven\u00e7\u00e3o e tratamento:<\/strong><\/p>\n<p>A vacina BCG \u00e9 obrigat\u00f3ria para menores de um ano e protege as crian\u00e7as contra as formas mais graves da doen\u00e7a. A melhor forma de prevenir a transmiss\u00e3o da doen\u00e7a \u00e9 fazer o diagn\u00f3stico precoce e iniciar o tratamento adequado o mais r\u00e1pido poss\u00edvel. A preven\u00e7\u00e3o inclui evitar aglomera\u00e7\u00f5es, especialmente em ambientes fechados e n\u00e3o utilizar objetos de pessoas contaminadas. O tratamento, \u00e0 base de antibi\u00f3ticos, \u00e9 100% eficaz e deve ser feito por um per\u00edodo m\u00ednimo de 6 meses, diariamente e sem nenhuma interrup\u00e7\u00e3o, terminando apenas quando o m\u00e9dico confirmar a cura total do paciente. Para evitar o abandono do tratamento \u00e9 importante que o paciente seja acompanhado por equipes com m\u00e9dicos, enfermeiros, assistentes sociais e visitadores domiciliares devidamente preparados.<\/p>\n<p>Fonte: Minist\u00e9rio da Sa\u00fade<\/p>\n","protected":false},"excerpt":{"rendered":"<p>A tuberculose \u00e9 um desafio para os pa\u00edses. Em 2017, estima-se que 10 milh\u00f5es de pessoas adoeceram por tuberculose e que a doen\u00e7a tenha causado 1,3 milh\u00e3o de \u00f3bitos, o que a mant\u00e9m entre as 10 principais causas de morte no planeta. A incid\u00eancia da doen\u00e7a foi 34,8 casos por 100 mil habitantes. Em 2017, [&hellip;]<\/p>\n","protected":false},"author":1,"featured_media":508,"comment_status":"open","ping_status":"open","sticky":false,"template":"","format":"standard","meta":[],"categories":[2],"tags":[],"_links":{"self":[{"href":"http:\/\/servicenterblog.institucional.ws\/index.php?rest_route=\/wp\/v2\/posts\/507"}],"collection":[{"href":"http:\/\/servicenterblog.institucional.ws\/index.php?rest_route=\/wp\/v2\/posts"}],"about":[{"href":"http:\/\/servicenterblog.institucional.ws\/index.php?rest_route=\/wp\/v2\/types\/post"}],"author":[{"embeddable":true,"href":"http:\/\/servicenterblog.institucional.ws\/index.php?rest_route=\/wp\/v2\/users\/1"}],"replies":[{"embeddable":true,"href":"http:\/\/servicenterblog.institucional.ws\/index.php?rest_route=%2Fwp%2Fv2%2Fcomments&post=507"}],"version-history":[{"count":1,"href":"http:\/\/servicenterblog.institucional.ws\/index.php?rest_route=\/wp\/v2\/posts\/507\/revisions"}],"predecessor-version":[{"id":509,"href":"http:\/\/servicenterblog.institucional.ws\/index.php?rest_route=\/wp\/v2\/posts\/507\/revisions\/509"}],"wp:featuredmedia":[{"embeddable":true,"href":"http:\/\/servicenterblog.institucional.ws\/index.php?rest_route=\/wp\/v2\/media\/508"}],"wp:attachment":[{"href":"http:\/\/servicenterblog.institucional.ws\/index.php?rest_route=%2Fwp%2Fv2%2Fmedia&parent=507"}],"wp:term":[{"taxonomy":"category","embeddable":true,"href":"http:\/\/servicenterblog.institucional.ws\/index.php?rest_route=%2Fwp%2Fv2%2Fcategories&post=507"},{"taxonomy":"post_tag","embeddable":true,"href":"http:\/\/servicenterblog.institucional.ws\/index.php?rest_route=%2Fwp%2Fv2%2Ftags&post=507"}],"curies":[{"name":"wp","href":"https:\/\/api.w.org\/{rel}","templated":true}]}}