{"id":503,"date":"2019-03-21T14:59:01","date_gmt":"2019-03-21T17:59:01","guid":{"rendered":"http:\/\/servicentermedic1.hospedagemdesites.ws\/blog\/?p=503"},"modified":"2019-03-21T14:59:01","modified_gmt":"2019-03-21T17:59:01","slug":"21-de-marco-dia-internacional-da-sindrome-de-down","status":"publish","type":"post","link":"http:\/\/servicenterblog.institucional.ws\/?p=503","title":{"rendered":"21 de Mar\u00e7o &#8211; Dia Internacional da S\u00edndrome de Down"},"content":{"rendered":"<h3><em>Cuidados especiais com a vis\u00e3o podem melhorar a qualidade de vida<\/p>\n<p><\/em><\/h3>\n<p>Em 2019, o tema &#8220;Ningu\u00e9m fica pra tr\u00e1s&#8221; marca o Dia Internacional da S\u00edndrome de Down, comemorado em 21 de mar\u00e7o. A data tem como objetivo conscientizar sobre a import\u00e2ncia da luta pelos direitos igualit\u00e1rios, bem-estar e a inclus\u00e3o dessas pessoas em todas as esferas da sociedade. A s\u00edndrome de Down, que acomete cerca de 300 mil pessoas no Brasil, de acordo com dados do IBGE, n\u00e3o \u00e9 uma doen\u00e7a, mas uma ocorr\u00eancia gen\u00e9tica determinada pela presen\u00e7a de 47 cromossomos nas c\u00e9lulas de uma pessoa, em vez de 46, como a maior parte da popula\u00e7\u00e3o. Segundo Dr. Guilherme Rocha, m\u00e9dico do Hospital Oftalmol\u00f3gico de Bras\u00edlia (HOB), empresa do grupo Opty, indiv\u00edduos com a s\u00edndrome manifestam tend\u00eancia a apresentar problemas de vis\u00e3o. Entre os mais comuns est\u00e3o as altera\u00e7\u00f5es palpebrais; erros de refra\u00e7\u00e3o (miopia, astigmatismo e\/ou hipermetropia); ceratocone; catarata; canais lacrimais obstru\u00eddos; estrabismo; blefarite; e nistagmo, movimento r\u00e1pido dos olhos. &#8220;Apesar de serem problemas que podem ocorrer em qualquer crian\u00e7a, tendem a acontecer com mais frequ\u00eancia, e \u00e0s vezes de uma forma mais acentuada, nos pacientes com essa condi\u00e7\u00e3o gen\u00e9tica. E cuidar da sa\u00fade ocular \u00e9 fundamental, j\u00e1 que a vis\u00e3o tem influ\u00eancia direta na aprendizagem e desenvolvimento neuropsicomotor de todas as pessoas&#8221;, explica o m\u00e9dico do HOB.<\/p>\n<div id=\"image_2d7fd7825969a3f9a7fd0619b47d1ce9x4ixt3zi\" class=\"expandedElement\">\u00a0Problema que afeta cerca de 20% das crian\u00e7as com s\u00edndrome de Down, o estrabismo &#8211; quando os olhos apontam para dire\u00e7\u00f5es diferentes, de vez em quando ou constantemente &#8211; \u00e9 outra patologia que pode ser diagnosticada e deve ser tratada mais precocemente poss\u00edvel. &#8220;Nesse caso, a vis\u00e3o desviada tende a reduzir com o tempo, se n\u00e3o tratada corretamente&#8221;, afirma o Dr. Guilherme. Aproximadamente 40% das crian\u00e7as com s\u00edndrome de Down em idade pr\u00e9-escolar apresentam hipermetropia, que pode estar associada a um estrabismo convergente; outras 14% s\u00e3o m\u00edopes, ou seja, conseguem ver objetos pr\u00f3ximos, mas t\u00eam problemas para ver \u00e0 dist\u00e2ncia; e 30% t\u00eam astigmatismo, quando a imagem vista \u00e9 distorcida porque fica mais fora de foco em uma dire\u00e7\u00e3o do que na outra. &#8220;Independentemente de terem problemas de refra\u00e7\u00e3o, muitas crian\u00e7as com s\u00edndrome de Down t\u00eam dificuldade em focalizar objetos pr\u00f3ximos e precisam usar \u00f3culos com mais frequ\u00eancia que o restante da popula\u00e7\u00e3o&#8221;, alerta o Dr. Rocha.<\/p>\n<p>Tamb\u00e9m bastante comum em indiv\u00edduos com a s\u00edndrome, o ceratocone, que se manifesta por um astigmatismo elevado ou por uma diminui\u00e7\u00e3o da acuidade visual, afeta entre 10 e 15% dos adultos. A doen\u00e7a pode aparecer na adolesc\u00eancia e \u00e9 extremamente rara em crian\u00e7as. &#8220;Felizmente, a maioria das condi\u00e7\u00f5es s\u00e3o trat\u00e1veis, seja por uso de \u00f3culos, tratamentos m\u00e9dicos espec\u00edficos ou interven\u00e7\u00e3o cir\u00fargica&#8221;, afirma o oftalmologista, que lembra a import\u00e2ncia de realizar o quanto antes exames capazes de identificar problemas que podem acarretar perda da vis\u00e3o, como o Teste do Olhinho, feito nos rec\u00e9m-nascidos. &#8220;Toda crian\u00e7a deve fazer sua primeira consulta oftalmol\u00f3gica durante os tr\u00eas primeiros meses de vida, repetir aos seis, aos 12 meses e anualmente da\u00ed para frente. Assim, \u00e9 poss\u00edvel detectar prematuramente doen\u00e7as como a catarata cong\u00eanita &#8211; quando parte ou todo o cristalino torna-se opaco. Alguns beb\u00eas podem at\u00e9 mesmo perder a vis\u00e3o do olho afetado, se o problema n\u00e3o for identificado cedo. A preven\u00e7\u00e3o \u00e9 sempre a melhor op\u00e7\u00e3o&#8221;, ressalta o Dr. Guilherme Rocha.<\/p>\n<p>Sobre o Opty<br \/>\nO Grupo Opty nasceu em abril de 2016 a partir da uni\u00e3o de m\u00e9dicos oftalmologistas e do fundo de investimento P\u00e1tria, dando origem a um neg\u00f3cio pioneiro no setor oftalmol\u00f3gico do Brasil. O grupo aplica um novo modelo de gest\u00e3o associativa que permite ampliar o poder de negocia\u00e7\u00e3o, o ganho em escala e o acesso \u00e0s tecnologias de alto custo, preservando a aplica\u00e7\u00e3o da oftalmologia humanizada e oferecendo tratamentos e servi\u00e7os de \u00faltima gera\u00e7\u00e3o em diferentes regi\u00f5es do Pa\u00eds. No formato, o m\u00e9dico mant\u00e9m sua participa\u00e7\u00e3o nas decis\u00f5es estrat\u00e9gicas, mantendo o foco no exerc\u00edcio da medicina.<\/p>\n<p>Atualmente, o Grupo Opty \u00e9 o maior grupo de oftalmologia da Am\u00e9rica Latina, agregando oito empresas oftalmol\u00f3gicas, 1400 colaboradores e 400 m\u00e9dicos oftalmologistas. O Instituto de Olhos Freitas (BA), o DayHORC (BA), o Instituto de Olhos Villas (BA), o Hospital Oftalmol\u00f3gico de Bras\u00edlia, o Grupo INOB (DF), o Hospital de Olhos Santa Luzia (AL), o Hospital de Olhos Sadalla Amin Ghanem (SC) e o HCLOE (SP) fazem parte dos associados, resultando em 19 unidades de atendimento.<\/p>\n<p><img src=\"https:\/\/api.dino.com.br\/v2\/news\/tr\/171716?partnerId=1368\" alt=\"\" \/><br \/>\nInforma\u00e7\u00f5es: Website: http:\/\/www.hobr.com.br<br \/>\nFonte: Terra<\/p>\n<div class=\"articleCredit\"><\/div>\n<\/div>\n<h3><em>\u00a0<\/em><\/h3>\n","protected":false},"excerpt":{"rendered":"<p>Cuidados especiais com a vis\u00e3o podem melhorar a qualidade de vida Em 2019, o tema &#8220;Ningu\u00e9m fica pra tr\u00e1s&#8221; marca o Dia Internacional da S\u00edndrome de Down, comemorado em 21 de mar\u00e7o. A data tem como objetivo conscientizar sobre a import\u00e2ncia da luta pelos direitos igualit\u00e1rios, bem-estar e a inclus\u00e3o dessas pessoas em todas as [&hellip;]<\/p>\n","protected":false},"author":1,"featured_media":504,"comment_status":"open","ping_status":"open","sticky":false,"template":"","format":"standard","meta":[],"categories":[2],"tags":[],"_links":{"self":[{"href":"http:\/\/servicenterblog.institucional.ws\/index.php?rest_route=\/wp\/v2\/posts\/503"}],"collection":[{"href":"http:\/\/servicenterblog.institucional.ws\/index.php?rest_route=\/wp\/v2\/posts"}],"about":[{"href":"http:\/\/servicenterblog.institucional.ws\/index.php?rest_route=\/wp\/v2\/types\/post"}],"author":[{"embeddable":true,"href":"http:\/\/servicenterblog.institucional.ws\/index.php?rest_route=\/wp\/v2\/users\/1"}],"replies":[{"embeddable":true,"href":"http:\/\/servicenterblog.institucional.ws\/index.php?rest_route=%2Fwp%2Fv2%2Fcomments&post=503"}],"version-history":[{"count":1,"href":"http:\/\/servicenterblog.institucional.ws\/index.php?rest_route=\/wp\/v2\/posts\/503\/revisions"}],"predecessor-version":[{"id":505,"href":"http:\/\/servicenterblog.institucional.ws\/index.php?rest_route=\/wp\/v2\/posts\/503\/revisions\/505"}],"wp:featuredmedia":[{"embeddable":true,"href":"http:\/\/servicenterblog.institucional.ws\/index.php?rest_route=\/wp\/v2\/media\/504"}],"wp:attachment":[{"href":"http:\/\/servicenterblog.institucional.ws\/index.php?rest_route=%2Fwp%2Fv2%2Fmedia&parent=503"}],"wp:term":[{"taxonomy":"category","embeddable":true,"href":"http:\/\/servicenterblog.institucional.ws\/index.php?rest_route=%2Fwp%2Fv2%2Fcategories&post=503"},{"taxonomy":"post_tag","embeddable":true,"href":"http:\/\/servicenterblog.institucional.ws\/index.php?rest_route=%2Fwp%2Fv2%2Ftags&post=503"}],"curies":[{"name":"wp","href":"https:\/\/api.w.org\/{rel}","templated":true}]}}