{"id":48,"date":"2017-05-26T00:12:10","date_gmt":"2017-05-26T03:12:10","guid":{"rendered":"http:\/\/servicentermedic1.hospedagemdesites.ws\/blog\/?p=48"},"modified":"2017-10-04T00:13:58","modified_gmt":"2017-10-04T03:13:58","slug":"jovens-com-tdah-mostram-conexoes-cerebrais-interrompidas","status":"publish","type":"post","link":"http:\/\/servicenterblog.institucional.ws\/?p=48","title":{"rendered":"Jovens com TDAH mostram conex\u00f5es cerebrais interrompidas"},"content":{"rendered":"<p>No estudo os pesquisadores usaram resson\u00e2ncia magn\u00e9tica funcional para avaliar a fun\u00e7\u00e3o do c\u00e9rebro enquanto este n\u00e3o se concentra em uma tarefa espec\u00edfica. Eles compararam os resultados de uma amostra de 33 crian\u00e7as com TDAH com idade entre 6-16 com 32 controles saud\u00e1veis \u200b\u200bde 8-16 anos e correlacionaram os resultados com os obtidos em testes de fun\u00e7\u00f5es executivas (Wisconsin Card Sorting Test e Stroop Color-Word Test).<\/p>\n<p><img loading=\"lazy\" class=\"alignnone size-medium wp-image-49\" src=\"http:\/\/servicentermedic1.hospedagemdesites.ws\/blog\/wp-content\/uploads\/2017\/10\/4160835158_9c08b34dc2_z-300x225.jpg\" alt=\"\" width=\"300\" height=\"225\" srcset=\"http:\/\/servicenterblog.institucional.ws\/wp-content\/uploads\/2017\/10\/4160835158_9c08b34dc2_z-300x225.jpg 300w, http:\/\/servicenterblog.institucional.ws\/wp-content\/uploads\/2017\/10\/4160835158_9c08b34dc2_z.jpg 640w\" sizes=\"(max-width: 300px) 100vw, 300px\" \/><\/p>\n<p>Os resultados mostraram que os pacientes com TDAH tinham alterado a estrutura e fun\u00e7\u00e3o localizada em \u00e1reas do c\u00e9rebro como o c\u00f3rtex orbitofrontal, que \u00e9 principalmente envolvida no processamento cognitivo de planejamento estrat\u00e9gico, e globo p\u00e1lido, que est\u00e1 envolvido no controle inibit\u00f3rio.<\/p>\n<p>O estudo sugere que altera\u00e7\u00f5es estruturais e funcionais nessas regi\u00f5es do c\u00e9rebro podem causar desaten\u00e7\u00e3o e hiperatividade em pacientes com TDAH, uma vez que os resultados preliminares mostram a associa\u00e7\u00e3o entre os achados e sintomas de imagem. Os pesquisadores tamb\u00e9m encontraram anormalidades nas conex\u00f5es entre redes cerebrais em repouso associados \u00e0 disfun\u00e7\u00e3o executiva.<\/p>\n<p>Para ter acesso ao estudo e se aprofundar nos dados, por favor acesse\u00a0<a href=\"http:\/\/pubs.rsna.org\/doi\/abs\/10.1148\/radiol.14131622\" target=\"_blank\" rel=\"noopener\">este link<\/a><\/p>\n","protected":false},"excerpt":{"rendered":"<p>No estudo os pesquisadores usaram resson\u00e2ncia magn\u00e9tica funcional para avaliar a fun\u00e7\u00e3o do c\u00e9rebro enquanto este n\u00e3o se concentra em uma tarefa espec\u00edfica. Eles compararam os resultados de uma amostra de 33 crian\u00e7as com TDAH com idade entre 6-16 com 32 controles saud\u00e1veis \u200b\u200bde 8-16 anos e correlacionaram os resultados com os obtidos em testes [&hellip;]<\/p>\n","protected":false},"author":1,"featured_media":49,"comment_status":"open","ping_status":"open","sticky":false,"template":"","format":"standard","meta":[],"categories":[3],"tags":[],"_links":{"self":[{"href":"http:\/\/servicenterblog.institucional.ws\/index.php?rest_route=\/wp\/v2\/posts\/48"}],"collection":[{"href":"http:\/\/servicenterblog.institucional.ws\/index.php?rest_route=\/wp\/v2\/posts"}],"about":[{"href":"http:\/\/servicenterblog.institucional.ws\/index.php?rest_route=\/wp\/v2\/types\/post"}],"author":[{"embeddable":true,"href":"http:\/\/servicenterblog.institucional.ws\/index.php?rest_route=\/wp\/v2\/users\/1"}],"replies":[{"embeddable":true,"href":"http:\/\/servicenterblog.institucional.ws\/index.php?rest_route=%2Fwp%2Fv2%2Fcomments&post=48"}],"version-history":[{"count":1,"href":"http:\/\/servicenterblog.institucional.ws\/index.php?rest_route=\/wp\/v2\/posts\/48\/revisions"}],"predecessor-version":[{"id":50,"href":"http:\/\/servicenterblog.institucional.ws\/index.php?rest_route=\/wp\/v2\/posts\/48\/revisions\/50"}],"wp:featuredmedia":[{"embeddable":true,"href":"http:\/\/servicenterblog.institucional.ws\/index.php?rest_route=\/wp\/v2\/media\/49"}],"wp:attachment":[{"href":"http:\/\/servicenterblog.institucional.ws\/index.php?rest_route=%2Fwp%2Fv2%2Fmedia&parent=48"}],"wp:term":[{"taxonomy":"category","embeddable":true,"href":"http:\/\/servicenterblog.institucional.ws\/index.php?rest_route=%2Fwp%2Fv2%2Fcategories&post=48"},{"taxonomy":"post_tag","embeddable":true,"href":"http:\/\/servicenterblog.institucional.ws\/index.php?rest_route=%2Fwp%2Fv2%2Ftags&post=48"}],"curies":[{"name":"wp","href":"https:\/\/api.w.org\/{rel}","templated":true}]}}