{"id":463,"date":"2019-01-20T19:36:04","date_gmt":"2019-01-20T21:36:04","guid":{"rendered":"http:\/\/servicentermedic1.hospedagemdesites.ws\/blog\/?p=463"},"modified":"2019-01-20T19:36:04","modified_gmt":"2019-01-20T21:36:04","slug":"voce-sabe-o-que-faz-o-farmaceutico","status":"publish","type":"post","link":"http:\/\/servicenterblog.institucional.ws\/?p=463","title":{"rendered":"Voc\u00ea sabe o que faz o farmac\u00eautico?"},"content":{"rendered":"<h5>Dia 20 de janeiro \u00e9 comemorado o Dia do Farmac\u00eautico, data n\u00e3o-oficial, mas que compactua com a funda\u00e7\u00e3o da Associa\u00e7\u00e3o Brasileira de Farmac\u00eauticos (ABF), no ano de 1916, no Rio de Janeiro. Muitas pessoas confundem o profissional da farm\u00e1cia como dono de drogaria ou atendente deste tipo de com\u00e9rcio. O farmac\u00eautico, na verdade, desenvolve papel important\u00edssimo na sociedade sempre em busca da cura e a melhoria da qualidade de vida da popula\u00e7\u00e3o. H\u00e1 registros muito antigos do exerc\u00edcio da profiss\u00e3o, de mais de 2 mil anos e, com os avan\u00e7os da ci\u00eancia e tecnologia, as pr\u00e1ticas do passado foram evoluindo e tomaram consist\u00eancia.<\/h5>\n<p>A profiss\u00e3o de farmac\u00eautico pode ser dividida em duas grandes \u00e1reas: a parte de an\u00e1lise cl\u00ednica, para atuar em laborat\u00f3rios de an\u00e1lise, exames bioqu\u00edmicos, hematologia e microbiologia; o outro grande grupo fica respons\u00e1vel pela parte de medicamentos, por meio da produ\u00e7\u00e3o, fabrica\u00e7\u00e3o, manipula\u00e7\u00e3o, e no acompanhamento nas drogarias. A parte de medicamentos (f\u00e1rmacos) \u00e9 a parte central do curr\u00edculo de um farmac\u00eautico, que \u00e9 definido como \u00e2mbito privativo e exclusivo do profissional de farm\u00e1cia \u2013 m\u00e9dicos, qu\u00edmicos e biom\u00e9dicos n\u00e3o podem atuar nessa categoria. Existem tamb\u00e9m as chamadas \u00e1reas n\u00e3o-privativas de atua\u00e7\u00e3o do farmac\u00eautico, onde profissionais de outras \u00e1reas tamb\u00e9m atuam, como a ind\u00fastria de alimentos e produtos cosm\u00e9ticos.<\/p>\n<p>Com o avan\u00e7o das pesquisas das ind\u00fastrias farmac\u00eauticas, o mercado para os profissionais parece ser cada vez mais promissor, assim como as in\u00fameras oportunidades de atua\u00e7\u00e3o. Segundo o CFF, foram relacionadas mais de 70 atua\u00e7\u00f5es para o profissional da farm\u00e1cia. Entre elas, podemos citar a pr\u00f3pria ind\u00fastria farmac\u00eautica, a de cosm\u00e9ticos, fiscaliza\u00e7\u00e3o sanit\u00e1ria, hospitais e auditoria em sa\u00fade. O farmac\u00eautico atua tamb\u00e9m nos dias de hoje na produ\u00e7\u00e3o dos, chamados no passado, produtos correlatos. S\u00e3o artigos como munhequeiras, tornozeleiras, seringas e agulha, por exemplo.<\/p>\n<p>Devido ao grande avan\u00e7o dos regulamentos t\u00e9cnicos, em que consta a revis\u00e3o e cria\u00e7\u00e3o de novas normas pela Anvisa (Ag\u00eancia Nacional de Vigil\u00e2ncia Sanit\u00e1ria), os laborat\u00f3rios est\u00e3o contratando cada vez mais profissionais farmac\u00eauticos para trabalhar nos diversos postos de atua\u00e7\u00e3o. H\u00e1 tamb\u00e9m campo na parte de dispensa\u00e7\u00e3o \u2013 quando o farmac\u00eautico orienta os consumidores nas drogarias. Essa \u00e9 a exig\u00eancia da Resolu\u00e7\u00e3o RDC 44\/09, que disp\u00f5e sobre boas pr\u00e1ticas farmac\u00eauticas para o controle sanit\u00e1rio do funcionamento, da dispensa\u00e7\u00e3o e da comercializa\u00e7\u00e3o de produtos e da presta\u00e7\u00e3o de servi\u00e7os farmac\u00eauticos em farm\u00e1cias e drogarias e d\u00e1 outras provid\u00eancias.<\/p>\n<p>\u201cEssa norma vem corroborar cada vez mais a necessidade do farmac\u00eautico dentro de uma drogaria. Existem algumas farm\u00e1cias que ainda funcionam sem a presen\u00e7a do profissional, mas com a norma e fiscaliza\u00e7\u00e3o esse fato tende a se extinguir\u201d, aponta\u00a0<strong>Henrique Tada<\/strong><strong>, farmac\u00eautico e gerente t\u00e9cnico regulat\u00f3rio da\u00a0<\/strong><strong>Alanac (Associa\u00e7\u00e3o dos Laborat\u00f3rios Farmac\u00eauticos Nacionais)<\/strong>.<\/p>\n<p>Fonte: catho.com.br<\/p>\n","protected":false},"excerpt":{"rendered":"<p>Dia 20 de janeiro \u00e9 comemorado o Dia do Farmac\u00eautico, data n\u00e3o-oficial, mas que compactua com a funda\u00e7\u00e3o da Associa\u00e7\u00e3o Brasileira de Farmac\u00eauticos (ABF), no ano de 1916, no Rio de Janeiro. Muitas pessoas confundem o profissional da farm\u00e1cia como dono de drogaria ou atendente deste tipo de com\u00e9rcio. O farmac\u00eautico, na verdade, desenvolve papel [&hellip;]<\/p>\n","protected":false},"author":1,"featured_media":464,"comment_status":"open","ping_status":"open","sticky":false,"template":"","format":"standard","meta":[],"categories":[2],"tags":[],"_links":{"self":[{"href":"http:\/\/servicenterblog.institucional.ws\/index.php?rest_route=\/wp\/v2\/posts\/463"}],"collection":[{"href":"http:\/\/servicenterblog.institucional.ws\/index.php?rest_route=\/wp\/v2\/posts"}],"about":[{"href":"http:\/\/servicenterblog.institucional.ws\/index.php?rest_route=\/wp\/v2\/types\/post"}],"author":[{"embeddable":true,"href":"http:\/\/servicenterblog.institucional.ws\/index.php?rest_route=\/wp\/v2\/users\/1"}],"replies":[{"embeddable":true,"href":"http:\/\/servicenterblog.institucional.ws\/index.php?rest_route=%2Fwp%2Fv2%2Fcomments&post=463"}],"version-history":[{"count":1,"href":"http:\/\/servicenterblog.institucional.ws\/index.php?rest_route=\/wp\/v2\/posts\/463\/revisions"}],"predecessor-version":[{"id":465,"href":"http:\/\/servicenterblog.institucional.ws\/index.php?rest_route=\/wp\/v2\/posts\/463\/revisions\/465"}],"wp:featuredmedia":[{"embeddable":true,"href":"http:\/\/servicenterblog.institucional.ws\/index.php?rest_route=\/wp\/v2\/media\/464"}],"wp:attachment":[{"href":"http:\/\/servicenterblog.institucional.ws\/index.php?rest_route=%2Fwp%2Fv2%2Fmedia&parent=463"}],"wp:term":[{"taxonomy":"category","embeddable":true,"href":"http:\/\/servicenterblog.institucional.ws\/index.php?rest_route=%2Fwp%2Fv2%2Fcategories&post=463"},{"taxonomy":"post_tag","embeddable":true,"href":"http:\/\/servicenterblog.institucional.ws\/index.php?rest_route=%2Fwp%2Fv2%2Ftags&post=463"}],"curies":[{"name":"wp","href":"https:\/\/api.w.org\/{rel}","templated":true}]}}