{"id":457,"date":"2019-01-17T20:52:07","date_gmt":"2019-01-17T22:52:07","guid":{"rendered":"http:\/\/servicentermedic1.hospedagemdesites.ws\/blog\/?p=457"},"modified":"2019-01-17T20:52:07","modified_gmt":"2019-01-17T22:52:07","slug":"conheca-10-das-doencas-de-pele-mais-comuns-no-verao","status":"publish","type":"post","link":"http:\/\/servicenterblog.institucional.ws\/?p=457","title":{"rendered":"Conhe\u00e7a 10 das doen\u00e7as de pele mais comuns no ver\u00e3o"},"content":{"rendered":"<div class=\"noticias-single__description visible-lg\">Algumas podem levar at\u00e9 \u00e0 morte; consci\u00eancia do uso do filtro solar \u00e9 fundamental<\/div>\n<div class=\"noticias-single__content\">\n<div class=\"noticias-single__content__text js-mediator-article\">\n<blockquote>\n<p class=\"bodytext\"><strong>\u201cInsola\u00e7\u00e3o n\u00e3o afeta s\u00f3 a pele. Voc\u00ea pode chegar a perder a consci\u00eancia. Tem casos que s\u00e3o graves e as pessoas precisam at\u00e9 ser hospitalizadas. A queimadura solar pode fazer bolhas na pele mesmo. \u00c9 uma queimadura intensa\u201d,<\/strong>\u00a0alerta a dermatologista Ana Cristina de Oliveira e Sousa.<\/p>\n<\/blockquote>\n<p class=\"bodytext\">Mas o problema n\u00e3o \u00e9 s\u00f3 com a insola\u00e7\u00e3o. A fila de doen\u00e7as de pele cujo n\u00famero de casos aumenta no ver\u00e3o \u00e9 grande: desidrata\u00e7\u00e3o, brotoeja, queimadura solar, melasma, micose, bicho geogr\u00e1fico&#8230; Neste primeiro fim de semana da esta\u00e7\u00e3o mais quente do ano, os especialistas alertam para os cuidados indispens\u00e1veis para evitar esses problemas.<\/p>\n<p class=\"bodytext\">Como a pele \u00e9 o maior \u00f3rg\u00e3o do corpo humano, tamb\u00e9m acaba sendo uma das mais afetadas pela chegada do calor. Pode at\u00e9 parecer que h\u00e1 mais doen\u00e7as de pele no ver\u00e3o do que em outras \u00e9pocas do ano, mas n\u00e3o \u00e9 bem assim. \u201cA pele tem doen\u00e7as sazonais, de acordo com a esta\u00e7\u00e3o do ano. Tem doen\u00e7a que \u00e9 mais comum no inverno, na primavera&#8230; E tem as do ver\u00e3o\u201d, diz Ana Cristina.<\/p>\n<p class=\"bodytext\"><strong>Filtro solar<\/strong><br \/>\nUm dos cuidados \u00e9 evitar o uso de bronzeadores \u2013 especialmente quando n\u00e3o d\u00e1 para saber se onde eles vieram. A dermatologista Vit\u00f3ria R\u00eago, professora da Faculdade de Medicina da Universidade Federal da Bahia (Ufba), explica que o filtro solar \u00e9 indispens\u00e1vel e que o fator de prote\u00e7\u00e3o deve ser acima de 30 para qualquer tipo de pele.<\/p>\n<p class=\"bodytext\">\u201cA gente tem muita pele miscigenada, mas, mesmo assim, a gente recomenda o fator acima de 30. Para crian\u00e7as, d\u00e1 para usar filtros mais infantis, que t\u00eam menos qu\u00edmica e s\u00e3o mais de barreiras. \u00a0\u00c9 importante tamb\u00e9m sempre lembrar de usar chap\u00e9u, \u00f3culos e roupas com prote\u00e7\u00e3o solar, que melhorar a resist\u00eancia da pele ao Sol\u201d.<\/p>\n<p class=\"bodytext\">Por isso mesmo, a orienta\u00e7\u00e3o da Sociedade Brasileira de Dermatologia (SBD) \u00e9 de que o protetor solar seja reaplicado a cada duas horas, se a pessoa estiver exposta ao sol. Isso vale mesmo se o produto for \u00e0 prova d\u2019\u00e1gua. Al\u00e9m disso, mesmo quem fica em ambientes fechados n\u00e3o pode dispensar o filtro solar, de acordo com a presidente da SBD \u2013 regional Bahia, a dermatologista Anete Olivieri.<\/p>\n<blockquote>\n<p class=\"bodytext\"><strong>\u201cO protetor deve ser usado diariamente, pelo menos de manh\u00e3, depois de acordar e lavar o rosto. A pessoa deve repassar por volta de 12h, 13h, mesmo que trabalhe numa loja ou num escrit\u00f3rio, por exemplo\u201d.\u00a0<\/strong><\/p>\n<\/blockquote>\n<p class=\"bodytext\"><strong>C\u00e2ncer de pele<\/strong><br \/>\nE ela faz o alerta: ainda que o c\u00e2ncer de pele n\u00e3o seja imediatamente causado pela exposi\u00e7\u00e3o ao Sol no ver\u00e3o, \u00e9 uma doen\u00e7a que tamb\u00e9m pode ser consequ\u00eancia do excesso ao longo da vida. Segundo a dermatologista, o c\u00e2ncer surge a partir do efeito cumulativo da radia\u00e7\u00e3o ultravioleta.<\/p>\n<p class=\"bodytext\">\u201cEvidentemente que a vitamina D \u00e9 importante, mas voc\u00ea pode combinar as coisas. Ter 40 minutos de Sol, tr\u00eas vezes na semana, j\u00e1 \u00e9 suficiente para ter sua vitamina D em dia. O restante de Sol \u00e9 excesso. Tem que se proteger. Al\u00e9m de c\u00e2ncer, o Sol ainda causa envelhecimento\u201d, explica.<\/p>\n<p class=\"bodytext\"><strong>Nem sempre o Sol \u00e9 o vil\u00e3o: conhe\u00e7a as doen\u00e7as que &#8216;melhoram&#8217; no ver\u00e3o<\/strong><\/p>\n<p class=\"bodytext\">O Sol pode at\u00e9 favorecer o aparecimento de algumas doen\u00e7as, mas ele n\u00e3o \u00e9 o vil\u00e3o para todas. Existem infec\u00e7\u00f5es \u2013 mesmo de pele \u2013 que s\u00e3o beneficiadas pelos raios solares. Esse \u00e9 o caso da psor\u00edase, que ocorre quando c\u00e9lulas da pele se acumulam e formam escamas e manchas secas que causam coceira.<\/p>\n<p class=\"bodytext\">\u00c9 uma doen\u00e7a que pode ter raz\u00f5es emocionais \u2013 ou seja, em alguns pacientes, ela acontece em surtos. \u201cA gente sabe que a psor\u00edase n\u00e3o gosta de sol. A doen\u00e7a melhora com a exposi\u00e7\u00e3o ao sol, a radia\u00e7\u00e3o ultravioleta, inclusive o tratamento \u00e9 com fototerapia\u201d, explica a m\u00e9dica dermatologista Ana Cristina de Oliveira e Sousa. De acordo com ela, nesses casos, o Sol auxilia a pele a se recompor e ainda ajuda na hidrata\u00e7\u00e3o.<\/p>\n<p class=\"bodytext\">O dermatologista Gleison Duarte, explica que a psor\u00edase \u00e9 uma doen\u00e7a cr\u00f4nica relacionada a um dist\u00farbio da imunidade: quando o sistema imune acaba atacando a pr\u00f3pria pele, que fica vermelha, descama e pode arder e sangrar.<\/p>\n<p class=\"bodytext\">&#8220;Ela n\u00e3o \u00e9 diagnosticada. Ela tem alta frequ\u00eancia: 1,3% dos brasileiros s\u00e3o afetados pela psor\u00edase. O problema \u00e9 ter o diagn\u00f3stico, porque o paciente com a doen\u00e7a peregrina, em m\u00e9dia, por quatro m\u00e9dicos para conseguiur o diagn\u00f3stico. Com isso chega a demorar cinco anos para ela ser detectada e, muitas vezes, os tratamentos s\u00e3o incorretos&#8221;.<\/p>\n<p class=\"bodytext\">Na maioria dos casos, a exposi\u00e7\u00e3o ao sol \u00e9 ben\u00e9fica. &#8220;Um repouso no sol forte, entre 10h e 14h, acaba ajudando. N\u00e3o passa de 10 minutos.<br \/>\nQuando o sol \u00e9 mais leve, como as 16h, n\u00f3s recomendamos 15 minutos&#8221;, completa o m\u00e9dico.<\/p>\n<p class=\"bodytext\">Outra doen\u00e7a que n\u00e3o \u00e9 t\u00e3o conhecida, mas que tende a melhorar com a exposi\u00e7\u00e3o ao Sol \u00e9 a pitir\u00edase r\u00f3sea. \u00c9 um problema que parece com uma impingem, quando come\u00e7a como uma les\u00e3o e vai se desenvolvendo. No entanto, ela come\u00e7a a se multiplicar. \u201cParece uma virose e vai se multiplicando nas \u00e1reas cobertas, por isso a exposi\u00e7\u00e3o solar ajuda\u201d,\u00a0explica Ana Cristina.<\/p>\n<p class=\"bodytext\">J\u00e1 a acne pode ter dois caminhos: pode melhorar ou piorar no ver\u00e3o. Se a pessoa souber dosar a quantidade do sol, as espinhas e cravos podem diminuir. \u201cMas se for uma exposi\u00e7\u00e3o solar forte, voc\u00ea engrossa a pele e ajuda a obstruir a pele. At\u00e9 o uso de protetor solar ajuda a obstruir os poros\u201d, diz ela.\u00a0A recomenda\u00e7\u00e3o dela \u00e9 que a exposi\u00e7\u00e3o ao sol acontece logo cedo, nas primeiras horas da manh\u00e3.<\/p>\n<p class=\"bodytext\"><em><strong>Conhe\u00e7a 10 das doen\u00e7as de pele mais comuns no ver\u00e3o (em ordem alfab\u00e9tica)<\/strong><\/em><\/p>\n<p class=\"bodytext\"><strong>1.\u00a0\u00a0 \u00a0Bicho geogr\u00e1fico \u2013<\/strong>\u00a0\u00c9 o nome popular da Larva migrans cut\u00e2nea \u2013 um parasita de pele que provoca produz irrita\u00e7\u00e3o e coceira no local da les\u00e3o. \u00c9 transmitida pelo contato com as fezes contaminadas de cachorros e gatos. Os sintomas ainda incluem incha\u00e7o e sensa\u00e7\u00e3o de movimento debaixo da pele. Em casos graves \u2013 por\u00e9m raros \u2013, h\u00e1 relatos de alergia, tosse e falta de ar.<\/p>\n<p class=\"bodytext\">\u201cOs animais sentam, manipulam a areia com a m\u00e3o e pode inocular esse verme. \u00c9 muito comum quando chove, porque a chuva lava as vezes, mas deixa os ovinhos na areia. Como ele n\u00e3o parasita o homem, ele n\u00e3o consegue ir para o intestino. Fica caminhando por baixo da pele\u201d, explica a dermatologista Ana Cristina de Oliveira e Sousa. Para evitar o bicho geogr\u00e1fico, uma das dicas \u00e9 nunca sentar diretamente da areia \u2013 usar uma toalha, por exemplo.<\/p>\n<p class=\"bodytext\"><strong>2.\u00a0\u00a0 \u00a0Brotoeja \u2013<\/strong>\u00a0\u00c9 como \u00e9 mais conhecida a mili\u00e1ria, uma dermatite inflamat\u00f3ria provocada pela obstru\u00e7\u00e3o de gl\u00e2ndulas sudor\u00edparas. Ou seja, quando a sa\u00edda de suor do corpo \u00e9 impedida. Isso pode ser favorecido por ambientes quentes e \u00famidos, febre alta e at\u00e9 excesso de roupas.<\/p>\n<p class=\"bodytext\">S\u00e3o bolhas de \u00e1gua no tronco, pesco\u00e7o, axilas e nas \u201cdobras\u201d de pele. \u00c9 muito comum em crian\u00e7as e beb\u00eas e os sintomas incluem erup\u00e7\u00f5es, bolhas, manchas vermelhas, coceira e queima\u00e7\u00e3o. \u201cAcontece muito com crian\u00e7as, mas tamb\u00e9m d\u00e1 em adultos, principalmente em pessoas mais idosas. O poro \u00e9 obstru\u00eddo e forma as bolhinhas que co\u00e7am. Bem t\u00edpico do ver\u00e3o\u201d, diz a a presidente da SBD \u2013 regional Bahia, a dermatologista Anete Olivieri.<\/p>\n<p class=\"bodytext\"><strong>3.\u00a0\u00a0 \u00a0Desidrata\u00e7\u00e3o &#8211;\u00a0<\/strong>Ocorre quando o l\u00edquido expelido pelo corpo n\u00e3o \u00e9 reposto. Al\u00e9m da baixa concentra\u00e7\u00e3o de \u00e1gua, h\u00e1 baixo \u00edndice de sais minerais e l\u00edquidos org\u00e2nicos. Os sintomas da desidrata\u00e7\u00e3o leve ou moderada incluem sede exagerada, boca e pele secas, olhos fundos, aus\u00eancia ou pequena produ\u00e7\u00e3o de l\u00e1grimas, diminui\u00e7\u00e3o da sudorese e, nos beb\u00eas, a moleira afundada. Nos quadros graves, pode acontecer at\u00e9 perda de consci\u00eancia, convuls\u00f5es, coma, fal\u00eancia de \u00f3rg\u00e3os e morte.<\/p>\n<p class=\"bodytext\"><strong>4.\u00a0\u00a0Fitofotodermatoses \u2013\u00a0<\/strong>O nome complicado \u00e9, na verdade, de um problema bem conhecido: as queimaduras provocadas por contato com plantas e frutas fotossensibilizantes combinadas \u00e0 exposi\u00e7\u00e3o solar. S\u00e3o les\u00f5es avermelhadas que podem at\u00e9 formar bolhas.<br \/>\n\u201cA gente se preocupa muito com as queimaduras, tanto as do sol como as que s\u00e3o provocadas por alimentos, como o lim\u00e3o, o caju e outras frutas em contato com a pele. Como as pessoas v\u00e3o mais \u00e0 praia, a gente tem muita queixa de queimaduras desse tipo\u201d, afirma a dermatologista Vit\u00f3ria R\u00eago.<br \/>\nOutros alimentos que provocam queimaduras s\u00e3o a tangerina, a lima, a cenoura, o figo, a salsinha, a arruda e a canela.<\/p>\n<p class=\"bodytext\"><strong>5.\u00a0 \u00a0Fur\u00fanculo &#8211;\u00a0<\/strong>O fur\u00fanculo \u00e9 uma foliculite bacteriana, ou seja, uma inflama\u00e7\u00e3o causada por bact\u00e9rias. \u00c9 um tipo de foliculite profunda que parece uma espinha com pus. Depois de atingir esse est\u00e1gio, o caro\u00e7o pode aumentar at\u00e9 formar um abscesso na pele. &#8220;O fur\u00fanculo est\u00e1 assolando. No consult\u00f3rio, \u00e0s vezes, atendo dois, tr\u00eas casos por dia. Tem que ter cuidado com o abcesso porque pode cair na corrente sangu\u00ednea&#8221;, alerta a dermatologista Ana Cristina de Oliveira e Sousa.<\/p>\n<p class=\"bodytext\"><strong>6.\u00a0\u00a0 \u00a0Impetigo &#8211;<\/strong>\u00a0Extremamente contagiosa, \u00e9 uma infec\u00e7\u00e3o bacteriana superficial comum, altamente, que ocorre principalmente no rosto de crian\u00e7as. &#8220;Faz bolhas, pequenas feridas e, se co\u00e7ar, pode disseminar. Por isso, \u00e9 muito importante a higiene do local&#8221;, afirma a m\u00e9dica Ana Cristina.<\/p>\n<p class=\"bodytext\"><strong>7.\u00a0\u00a0 \u00a0Impingem &#8211;<\/strong>\u00a0\u00c9 uma infec\u00e7\u00e3o da pele ou do couro cabeludo provocada por um fungo. &#8220;Ocorre principalmente na virilha, embaixo das mamas por causa do suor. Nessa \u00e9poca, as pessoas suam demais&#8221;, diz a dermatologista Anete Olivieri. Por ser uma doen\u00e7a contagiosa, \u00e9 recomendado, inclusive, evitar compartilhar objetos pessoais com uma pessoa que esteja com a micose.<\/p>\n<p class=\"bodytext\"><strong>8.\u00a0\u00a0 \u00a0Insola\u00e7\u00e3o \u2013\u00a0<\/strong>Nesses casos, a temperatura corporal aumenta rapidamente e o corpo n\u00e3o consegue se resfriar. A pessoa com insola\u00e7\u00e3o pode ter desde dor de cabe\u00e7a, tontura, n\u00e1usea, pele quente e seca at\u00e9 confus\u00e3o, palidez e coma. \u201cInsola\u00e7\u00e3o n\u00e3o afeta s\u00f3 a pele. Voc\u00ea pode chegar a perder a consci\u00eancia. Tem casos que s\u00e3o graves e as pessoas precisam at\u00e9 ser hospitalizadas. A queimadura solar pode fazer bolhas na pele mesmo. \u00c9 uma queimadura intensa\u201d, alerta a dermatologista Ana Cristina de Oliveira e Sousa.<\/p>\n<p class=\"bodytext\"><strong>9.\u00a0\u00a0 \u00a0Melasma \u2013<\/strong>\u00a0S\u00e3o manchas escuras na pele, principalmente na regi\u00e3o do rosto. Ainda que seja mais comum em mulheres, tamb\u00e9m pode ocorrer em homens. Pode ser provocada pela exposi\u00e7\u00e3o ao sol, mas tamb\u00e9m pela gravidez e pelo uso de anticoncepcionais femininos. \u201cA radia\u00e7\u00e3o ultravioleta pigmenta, ent\u00e3o, o pior \u00e9 que n\u00e3o \u00e9 s\u00f3 o Sol, mas toda a luz vis\u00edvel. A maioria das pessoas \u00e9 cr\u00f4nica\u201d, conta a dermatologista Ana Cristina de Oliveira e Sousa.<\/p>\n<p class=\"bodytext\"><strong>10.\u00a0\u00a0 \u00a0Pano Branco \u2013\u00a0<\/strong>O nome popular da pitir\u00edase versicolor \u00e9 muito comum na esta\u00e7\u00e3o mais quente do ano. As manchas brancas na pele s\u00e3o causas por um fungo que consegue invadir a pele, devido a fatores como o calor e a umidade. \u00c9 muito frequente em jovens e adolescentes, que t\u00eam grande atividade de gl\u00e2ndulas seb\u00e1ceas. \u201cAs pessoas suam muito e isso faz com que o fungo se desenvolva\u201d, afirma a dermatologista Anete Olivieri.<\/p>\n<p>Fonte: Correio 24 Horas<\/p>\n<\/div>\n<\/div>\n","protected":false},"excerpt":{"rendered":"<p>Algumas podem levar at\u00e9 \u00e0 morte; consci\u00eancia do uso do filtro solar \u00e9 fundamental \u201cInsola\u00e7\u00e3o n\u00e3o afeta s\u00f3 a pele. Voc\u00ea pode chegar a perder a consci\u00eancia. Tem casos que s\u00e3o graves e as pessoas precisam at\u00e9 ser hospitalizadas. A queimadura solar pode fazer bolhas na pele mesmo. \u00c9 uma queimadura intensa\u201d,\u00a0alerta a dermatologista Ana [&hellip;]<\/p>\n","protected":false},"author":1,"featured_media":458,"comment_status":"open","ping_status":"open","sticky":false,"template":"","format":"standard","meta":[],"categories":[3],"tags":[],"_links":{"self":[{"href":"http:\/\/servicenterblog.institucional.ws\/index.php?rest_route=\/wp\/v2\/posts\/457"}],"collection":[{"href":"http:\/\/servicenterblog.institucional.ws\/index.php?rest_route=\/wp\/v2\/posts"}],"about":[{"href":"http:\/\/servicenterblog.institucional.ws\/index.php?rest_route=\/wp\/v2\/types\/post"}],"author":[{"embeddable":true,"href":"http:\/\/servicenterblog.institucional.ws\/index.php?rest_route=\/wp\/v2\/users\/1"}],"replies":[{"embeddable":true,"href":"http:\/\/servicenterblog.institucional.ws\/index.php?rest_route=%2Fwp%2Fv2%2Fcomments&post=457"}],"version-history":[{"count":1,"href":"http:\/\/servicenterblog.institucional.ws\/index.php?rest_route=\/wp\/v2\/posts\/457\/revisions"}],"predecessor-version":[{"id":459,"href":"http:\/\/servicenterblog.institucional.ws\/index.php?rest_route=\/wp\/v2\/posts\/457\/revisions\/459"}],"wp:featuredmedia":[{"embeddable":true,"href":"http:\/\/servicenterblog.institucional.ws\/index.php?rest_route=\/wp\/v2\/media\/458"}],"wp:attachment":[{"href":"http:\/\/servicenterblog.institucional.ws\/index.php?rest_route=%2Fwp%2Fv2%2Fmedia&parent=457"}],"wp:term":[{"taxonomy":"category","embeddable":true,"href":"http:\/\/servicenterblog.institucional.ws\/index.php?rest_route=%2Fwp%2Fv2%2Fcategories&post=457"},{"taxonomy":"post_tag","embeddable":true,"href":"http:\/\/servicenterblog.institucional.ws\/index.php?rest_route=%2Fwp%2Fv2%2Ftags&post=457"}],"curies":[{"name":"wp","href":"https:\/\/api.w.org\/{rel}","templated":true}]}}