{"id":450,"date":"2019-01-11T17:48:19","date_gmt":"2019-01-11T19:48:19","guid":{"rendered":"http:\/\/servicentermedic1.hospedagemdesites.ws\/blog\/?p=450"},"modified":"2019-01-11T17:48:19","modified_gmt":"2019-01-11T19:48:19","slug":"sus-vai-oferecer-remedio-para-tratar-doenca-rara","status":"publish","type":"post","link":"http:\/\/servicenterblog.institucional.ws\/?p=450","title":{"rendered":"SUS vai oferecer rem\u00e9dio para tratar doen\u00e7a rara"},"content":{"rendered":"<h5><em>O rem\u00e9dio ser\u00e1 utilizado no tratamento da fenilceton\u00faria<br \/>\n<\/em><br \/>\nO Minist\u00e9rio da Sa\u00fade anunciou no in\u00edcio de janeiro a incorpora\u00e7\u00e3o do medicamento dicloridato de sapropterina, utilizado no tratamento da fenilceton\u00faria, ao Sistema \u00danico de Sa\u00fade (SUS). O rem\u00e9dio deve estar dispon\u00edvel na rede p\u00fablica em at\u00e9 180 dias e ser\u00e1 ofertado a mulheres que estejam em per\u00edodo pr\u00e9-concepcional ou em per\u00edodo gestacional e que tenham feito teste de responsividade positivo ao medicamento.<\/h5>\n<h5>De acordo com a pasta, o uso do dicloridato de sapropterina para o tratamento da fenilceton\u00faria \u00e9 feito de forma complementar \u00e0 realiza\u00e7\u00e3o de dieta, com restri\u00e7\u00e3o de alimentos como carne, ovo, trigo e feij\u00e3o, al\u00e9m do uso de f\u00f3rmula metab\u00f3lica rica em amino\u00e1cidos, vitaminas e minerais.<\/h5>\n<h5>\u201cPara incorporar o medicamento ao SUS, foram realizadas discuss\u00f5es com profissionais da sa\u00fade e especialistas que comp\u00f5em a Comiss\u00e3o Nacional de Incorpora\u00e7\u00e3o de Novas Tecnologias ao SUS (Conitec)\u201d, informou o minist\u00e9rio, por meio de nota. \u201cAl\u00e9m disso, tamb\u00e9m foi levado em conta as observa\u00e7\u00f5es e sugest\u00f5es da popula\u00e7\u00e3o, sendo a maioria de pacientes e familiares dos portadores da doen\u00e7a.\u201d<\/h5>\n<h5>A fenilceton\u00faria tem heran\u00e7a gen\u00e9tica e faz com que o indiv\u00edduo nas\u00e7a sem uma importante enzima (fenilalanina-hidroxilase), dificultando o trabalho do organismo na quebra adequada de mol\u00e9culas de amino\u00e1cido presente em prote\u00ednas animais e vegetais (fenilalanina-FAL). Os altos n\u00edveis desse amino\u00e1cido e de subst\u00e2ncias associadas a ele, no corpo, exercem a\u00e7\u00e3o t\u00f3xica em v\u00e1rios \u00f3rg\u00e3os, especialmente no c\u00e9rebro.<\/h5>\n<h5><strong>N\u00fameros<\/strong><\/h5>\n<h5>Dados da Sociedade Brasileira de Pediatria revelam que um em cada 12 mil nascidos vivos \u00e9 diagnosticado com fenilceton\u00faria. A doen\u00e7a \u00e9 identificada logo que a crian\u00e7a nasce, por meio do teste do pezinho. O exame identifica outras cinco doen\u00e7as: hipotireoidismo cong\u00eanito, doen\u00e7a falciforme e outras hemoglobinopatias, fibrose c\u00edstica, hiperplasia adrenal cong\u00eanita e defici\u00eancia de biotinidase.<\/h5>\n<h5 class=\"edicao\"><strong>Edi\u00e7\u00e3o:\u00a0<\/strong><span class=\"txtSaude\">Val\u00e9ria Aguiar<br \/>\nFonte: Ag\u00eancia Brasil<br \/>\nFoto: Marcello Casal Jr.\/Ag\u00eancia Brasil<\/span><\/h5>\n","protected":false},"excerpt":{"rendered":"<p>O rem\u00e9dio ser\u00e1 utilizado no tratamento da fenilceton\u00faria O Minist\u00e9rio da Sa\u00fade anunciou no in\u00edcio de janeiro a incorpora\u00e7\u00e3o do medicamento dicloridato de sapropterina, utilizado no tratamento da fenilceton\u00faria, ao Sistema \u00danico de Sa\u00fade (SUS). O rem\u00e9dio deve estar dispon\u00edvel na rede p\u00fablica em at\u00e9 180 dias e ser\u00e1 ofertado a mulheres que estejam em [&hellip;]<\/p>\n","protected":false},"author":1,"featured_media":451,"comment_status":"open","ping_status":"open","sticky":false,"template":"","format":"standard","meta":[],"categories":[3],"tags":[],"_links":{"self":[{"href":"http:\/\/servicenterblog.institucional.ws\/index.php?rest_route=\/wp\/v2\/posts\/450"}],"collection":[{"href":"http:\/\/servicenterblog.institucional.ws\/index.php?rest_route=\/wp\/v2\/posts"}],"about":[{"href":"http:\/\/servicenterblog.institucional.ws\/index.php?rest_route=\/wp\/v2\/types\/post"}],"author":[{"embeddable":true,"href":"http:\/\/servicenterblog.institucional.ws\/index.php?rest_route=\/wp\/v2\/users\/1"}],"replies":[{"embeddable":true,"href":"http:\/\/servicenterblog.institucional.ws\/index.php?rest_route=%2Fwp%2Fv2%2Fcomments&post=450"}],"version-history":[{"count":1,"href":"http:\/\/servicenterblog.institucional.ws\/index.php?rest_route=\/wp\/v2\/posts\/450\/revisions"}],"predecessor-version":[{"id":452,"href":"http:\/\/servicenterblog.institucional.ws\/index.php?rest_route=\/wp\/v2\/posts\/450\/revisions\/452"}],"wp:featuredmedia":[{"embeddable":true,"href":"http:\/\/servicenterblog.institucional.ws\/index.php?rest_route=\/wp\/v2\/media\/451"}],"wp:attachment":[{"href":"http:\/\/servicenterblog.institucional.ws\/index.php?rest_route=%2Fwp%2Fv2%2Fmedia&parent=450"}],"wp:term":[{"taxonomy":"category","embeddable":true,"href":"http:\/\/servicenterblog.institucional.ws\/index.php?rest_route=%2Fwp%2Fv2%2Fcategories&post=450"},{"taxonomy":"post_tag","embeddable":true,"href":"http:\/\/servicenterblog.institucional.ws\/index.php?rest_route=%2Fwp%2Fv2%2Ftags&post=450"}],"curies":[{"name":"wp","href":"https:\/\/api.w.org\/{rel}","templated":true}]}}