{"id":445,"date":"2019-01-06T18:50:16","date_gmt":"2019-01-06T20:50:16","guid":{"rendered":"http:\/\/servicentermedic1.hospedagemdesites.ws\/blog\/?p=445"},"modified":"2019-01-06T18:57:51","modified_gmt":"2019-01-06T20:57:51","slug":"reajuste-de-planos-de-saude-tera-novo-calculo-em-2019","status":"publish","type":"post","link":"http:\/\/servicenterblog.institucional.ws\/?p=445","title":{"rendered":"Reajuste de planos de sa\u00fade ter\u00e1 novo c\u00e1lculo em 2019"},"content":{"rendered":"<p>A Ag\u00eancia Nacional de Sa\u00fade Suplementar (ANS) anunciou no final de dezembro\/2018 uma nova metodologia de c\u00e1lculo para definir o \u00edndice de reajuste anual de planos de sa\u00fade individuais e familiares. O novo \u00cdndice de Reajuste dos Planos Individuais (IRPI) se baseia na varia\u00e7\u00e3o das despesas m\u00e9dicas das operadoras nos planos individuais e na infla\u00e7\u00e3o geral da economia, refletindo, segundo a ANS, \u201ca realidade\u201d do segmento.<\/p>\n<p>\u201cTraz ainda outros benef\u00edcios, como a redu\u00e7\u00e3o do tempo entre o per\u00edodo de c\u00e1lculo e o per\u00edodo de aplica\u00e7\u00e3o do reajuste e a transfer\u00eancia da efici\u00eancia m\u00e9dia das operadoras para os benefici\u00e1rios, resultando na redu\u00e7\u00e3o do \u00edndice de reajuste\u201d, informou a reguladora.<\/p>\n<p>A proposta foi aprovada pela diretoria colegiada do \u00f3rg\u00e3o em 18 de dezembro e\u00a0<a href=\"http:\/\/www.in.gov.br\/materia\/-\/asset_publisher\/Kujrw0TZC2Mb\/content\/id\/56126019\/do1-2018-12-20-resolucao-normativa-rn-n-441-de-19-de-dezembro-de-2018-56125847\" target=\"_blank\" rel=\"noopener\">publicada na sequ\u00eancia no Di\u00e1rio Oficial da Uni\u00e3o<\/a>. A nova metodologia de c\u00e1lculo passa a vigorar a partir deste ano, sendo que o reajuste anual s\u00f3 pode ser aplicado pelas operadoras a partir da data de anivers\u00e1rio de cada contrato.<\/p>\n<div class=\"clearfix\">\u201cA metodologia \u00e9 fruto de estudos efetuados pelo corpo t\u00e9cnico da ag\u00eancia ao longo dos \u00faltimos oito anos e foi discutida amplamente com o setor e a sociedade, que colaborou atrav\u00e9s de contribui\u00e7\u00f5es feitas em audi\u00eancias p\u00fablicas, reuni\u00f5es e sugest\u00f5es enviadas atrav\u00e9s de formul\u00e1rio eletr\u00f4nico disponibilizado pela ag\u00eancia\u201d, destacou a ANS.<\/div>\n<p>O \u00edndice de reajuste autorizado pela ANS \u00e9 aplic\u00e1vel a planos de sa\u00fade m\u00e9dico-hospitalares contratados ap\u00f3s 1\u00ba de janeiro de 1999 ou adaptados \u00e0 Lei n\u00ba 9.656\/98. Atualmente, 8 milh\u00f5es de benefici\u00e1rios se enquadram nessas condi\u00e7\u00f5es \u2013 cerca de 17% do total de clientes de planos de assist\u00eancia m\u00e9dica no Brasil, segundo dados de outubro.<\/p>\n<h2>Entenda<br \/>\n<img loading=\"lazy\" class=\"alignnone wp-image-446 size-full\" src=\"http:\/\/servicentermedic1.hospedagemdesites.ws\/blog\/wp-content\/uploads\/2019\/01\/reajuste_planos_de_saude.png\" alt=\"\" width=\"754\" height=\"584\" srcset=\"http:\/\/servicenterblog.institucional.ws\/wp-content\/uploads\/2019\/01\/reajuste_planos_de_saude.png 754w, http:\/\/servicenterblog.institucional.ws\/wp-content\/uploads\/2019\/01\/reajuste_planos_de_saude-300x232.png 300w\" sizes=\"(max-width: 754px) 100vw, 754px\" \/><\/h2>\n<p>O novo modelo combina o \u00cdndice de Valor das Despesas Assistenciais (IVDA) com o \u00cdndice de Pre\u00e7os ao Consumidor Amplo (IPCA). O primeiro \u00edndice reflete a varia\u00e7\u00e3o das despesas com atendimento aos benefici\u00e1rios de planos de sa\u00fade, enquanto o segundo incide sobre custos de outra natureza, como despesas administrativas. Na f\u00f3rmula, a IVDA ter\u00e1 peso de 80% e o IPCA, de 20%.<\/p>\n<p>A f\u00f3rmula do IVDA tem tr\u00eas componentes: a Varia\u00e7\u00e3o das Despesas Assistenciais (VDA), a Varia\u00e7\u00e3o da Receita por Faixa Et\u00e1ria (VFE) e o Fator de Ganhos de Efici\u00eancia (FGE).<\/p>\n<div class=\"clearfix\">\n<p>O VFE deduz a parcela da receita das operadoras, que j\u00e1 \u00e9 recomposta pelos reajustes por mudan\u00e7a de faixa et\u00e1ria. J\u00e1 o FGE \u00e9 um \u00edndice de efici\u00eancia apurado a partir da varia\u00e7\u00e3o das despesas assistenciais, transferindo para os consumidores a efici\u00eancia m\u00e9dia do setor e evitando um modelo de repasse autom\u00e1tico da varia\u00e7\u00e3o de custos.<\/p>\n<p>Fonte: Ag\u00eancia Brasil &#8211; Reajuste de planos de sa\u00fade \u2013\u00a0<strong>Divulga\u00e7\u00e3o\/ANS<\/strong><\/p>\n<\/div>\n","protected":false},"excerpt":{"rendered":"<p>A Ag\u00eancia Nacional de Sa\u00fade Suplementar (ANS) anunciou no final de dezembro\/2018 uma nova metodologia de c\u00e1lculo para definir o \u00edndice de reajuste anual de planos de sa\u00fade individuais e familiares. O novo \u00cdndice de Reajuste dos Planos Individuais (IRPI) se baseia na varia\u00e7\u00e3o das despesas m\u00e9dicas das operadoras nos planos individuais e na infla\u00e7\u00e3o [&hellip;]<\/p>\n","protected":false},"author":1,"featured_media":447,"comment_status":"open","ping_status":"open","sticky":false,"template":"","format":"standard","meta":[],"categories":[3],"tags":[],"_links":{"self":[{"href":"http:\/\/servicenterblog.institucional.ws\/index.php?rest_route=\/wp\/v2\/posts\/445"}],"collection":[{"href":"http:\/\/servicenterblog.institucional.ws\/index.php?rest_route=\/wp\/v2\/posts"}],"about":[{"href":"http:\/\/servicenterblog.institucional.ws\/index.php?rest_route=\/wp\/v2\/types\/post"}],"author":[{"embeddable":true,"href":"http:\/\/servicenterblog.institucional.ws\/index.php?rest_route=\/wp\/v2\/users\/1"}],"replies":[{"embeddable":true,"href":"http:\/\/servicenterblog.institucional.ws\/index.php?rest_route=%2Fwp%2Fv2%2Fcomments&post=445"}],"version-history":[{"count":2,"href":"http:\/\/servicenterblog.institucional.ws\/index.php?rest_route=\/wp\/v2\/posts\/445\/revisions"}],"predecessor-version":[{"id":449,"href":"http:\/\/servicenterblog.institucional.ws\/index.php?rest_route=\/wp\/v2\/posts\/445\/revisions\/449"}],"wp:featuredmedia":[{"embeddable":true,"href":"http:\/\/servicenterblog.institucional.ws\/index.php?rest_route=\/wp\/v2\/media\/447"}],"wp:attachment":[{"href":"http:\/\/servicenterblog.institucional.ws\/index.php?rest_route=%2Fwp%2Fv2%2Fmedia&parent=445"}],"wp:term":[{"taxonomy":"category","embeddable":true,"href":"http:\/\/servicenterblog.institucional.ws\/index.php?rest_route=%2Fwp%2Fv2%2Fcategories&post=445"},{"taxonomy":"post_tag","embeddable":true,"href":"http:\/\/servicenterblog.institucional.ws\/index.php?rest_route=%2Fwp%2Fv2%2Ftags&post=445"}],"curies":[{"name":"wp","href":"https:\/\/api.w.org\/{rel}","templated":true}]}}