{"id":439,"date":"2019-01-04T14:43:05","date_gmt":"2019-01-04T16:43:05","guid":{"rendered":"http:\/\/servicentermedic1.hospedagemdesites.ws\/blog\/?p=439"},"modified":"2019-01-04T14:43:05","modified_gmt":"2019-01-04T16:43:05","slug":"janeiro-branco-voce-esta-de-olho-na-sua-saude-mental","status":"publish","type":"post","link":"http:\/\/servicenterblog.institucional.ws\/?p=439","title":{"rendered":"Janeiro Branco: voc\u00ea est\u00e1 de olho na sua sa\u00fade mental?"},"content":{"rendered":"<p>Estar mentalmente saud\u00e1vel, segundo a Organiza\u00e7\u00e3o Mundial da Sa\u00fade (OMS) \u00e9 o estado de bem-estar no qual uma pessoa consegue desempenhar suas habilidades, consegue lidar com as inquietudes da vida, \u00e9 capaz de trabalhar de forma produtiva e contribuir para a sua comunidade. No entanto, as situa\u00e7\u00f5es do cotidiano mostram que cada vez menos estamos conseguindo levar a vida dessa forma: existe um aumento dos casos de viol\u00eancia, uso de drogas, transtornos compulsivos, suic\u00eddio, intoler\u00e2ncias, entre outros.<\/p>\n<p>Para lembrar as pessoas de cuidarem n\u00e3o s\u00f3 da sa\u00fade f\u00edsica, mas tamb\u00e9m da mental, psic\u00f3logos brasileiros criaram a campanha\u00a0<strong>Janeiro Branco<\/strong>, que usa o m\u00eas em que tradicionalmente as pessoas est\u00e3o mais focadas em resolu\u00e7\u00f5es e metas para o ano para instigar nelas um maior cuidado com o seu bem-estar ps\u00edquico.<\/p>\n<p>No Brasil, dados da Pesquisa Nacional de Sa\u00fade e Bem-Estar (NHWS, na sigla em ingl\u00eas) da Kantar Health mostram que 34% dos entrevistados declararam sofrerem de alguma condi\u00e7\u00e3o psiqui\u00e1trica*, ainda que apenas 21% deles tenha sido diagnosticado. A depress\u00e3o, uma grave condi\u00e7\u00e3o m\u00e9dica que diminui a capacidade da pessoa de funcionar normalmente, \u00e9 um dos transtornos ps\u00edquicos muito comuns no mundo, afetando mais de 350 milh\u00f5es de pessoas no mundo todo (dados da OMS) e que acomete 16% da popula\u00e7\u00e3o brasileira &#8211; mais do que a taxa de depress\u00e3o nos EUA (13%), Espanha (9%) e China (quase 6%). O Brasil tamb\u00e9m \u00e9 o pa\u00eds onde as pessoas s\u00e3o diagnosticadas com depress\u00e3o quando s\u00e3o mais jovens, em m\u00e9dia aos 36 anos. A faixa et\u00e1ria entre os 35 e 49 anos concentra a maior taxa de depressivos brasileiros, com maior incid\u00eancia entre as mulheres (68,9%), mesma tend\u00eancia observada em pa\u00edses como Fran\u00e7a, Reino Unido e Espanha.<\/p>\n<h3>Falta de sa\u00fade mental sobrecarrega os sistemas de sa\u00fade<\/h3>\n<p>Al\u00e9m de debilitar a sa\u00fade mental dos pacientes, transtornos mentais como a depress\u00e3o tamb\u00e9m s\u00e3o um importante fator na taxa mundial de mortalidade.<\/p>\n<p>Pacientes que sofrem com depress\u00e3o severa tamb\u00e9m costumam relatar outras queixas m\u00e9dicas, como sofrimento com ins\u00f4nia, ansiedade e dores, e costumam frequentar mais os hospitais e prontos-socorros.<\/p>\n<p>Ainda que o sistema de sa\u00fade brasileiro seja gratuito, grande parte dos\u00a0<a href=\"http:\/\/br.kantar.com\/mercado-e-pol%C3%ADtica\/sa%C3%BAde-e-esporte\/2015\/setembro-diagn%C3%B3stico-de-depress%C3%A3o-%C3%A9-mais-comum-entre-aqueles-que-t%C3%AAm-conv%C3%AAnio\/\">diagn\u00f3sticos de depress\u00e3o acontece entre pacientes que possuem conv\u00eanio m\u00e9dico privado<\/a>. A incid\u00eancia de diagn\u00f3sticos de depress\u00e3o na rede p\u00fablica de sa\u00fade (SUS) \u00e9 baixa, possivelmente devido \u00e0 falta de acesso \u00e0 especialistas. Quem n\u00e3o depende do sistema p\u00fablico de sa\u00fade (SUS) tem uma tend\u00eancia maior de procurar psiquiatras, psic\u00f3logos e terapeutas para tratar a pr\u00f3pria depress\u00e3o.<\/p>\n<p>Existem\u00a0<a href=\"http:\/\/www.evidencias.com.br\/noticias\/dia-mundial-de-prevencao-ao-suicidio-relatorio-da-oms-aponta-que-a-cada-40-segundos-uma-pessoa-comete-suicidio\/\">estudos que tamb\u00e9m associam o suic\u00eddio \u00e0 dist\u00farbios mentais, transtornos de personalidade, isolamento e depress\u00e3o, essa \u00faltima estando associada a 30% dos casos de morte, segundo a OMS.<\/a><\/p>\n<h3>Cuidados com sa\u00fade mental tamb\u00e9m s\u00e3o importantes no tratamento de c\u00e2ncer<\/h3>\n<p>Lidar com um c\u00e2ncer e super\u00e1-lo n\u00e3o \u00e9 tarefa f\u00e1cil, e por isso alguns pacientes costumam precisar de apoio para manter a sa\u00fade mental durante o tratamento. O impacto psicol\u00f3gico das doen\u00e7as varia de caso a caso, mas \u00e9 bastante comum em alguns tipos de c\u00e2ncer, como o de mama. \u201cO impacto psicol\u00f3gico do diagn\u00f3stico de c\u00e2ncer de mama \u00e9 brutal e toda mulher que passa por isso sofrer\u00e1 um processo de luto em algum momento no decorrer do tratamento ou mesmo ap\u00f3s o seu t\u00e9rmino\u201d, afirma a oncologista Bruna Pegoretti, coordenadora do departamento de Medical Intelligence da Evid\u00eancias &#8211; Kantar Health. Segundo Pegoretti, \u00e9 muito frequente que as mulheres &#8220;segurem a peteca&#8221; durante o diagn\u00f3stico e o tratamento, e s\u00f3 depois de estarem fora de perigo que chegam a desenvolver um quadro depressivo.<\/p>\n<p>Al\u00e9m dos pr\u00f3prios pacientes, os cuidadores de pessoas que sofrem com o c\u00e2ncer tamb\u00e9m t\u00eam sua sa\u00fade mental afetada. Como eles costumam percorrer junto com o paciente a longa jornada de tratamentos, eles costumam sofrer com as repercuss\u00f5es do estresse dessa situa\u00e7\u00e3o.\u00a0<a href=\"http:\/\/br.kantar.com\/mercado-e-pol%C3%ADtica\/sa%C3%BAde-e-esporte\/2015\/dezembro-cuidadores-de-pacientes-com-c%C3%A2ncer-sofrem-mais-com-depress%C3%A3o-e-ansiedade\/\">Um\u00a0levantamento da Kantar Health mostrou que dentre os cuidadores de pacientes com c\u00e2ncer, 57,6% apresentavam sinais de ansiedade e 45,5% de depress\u00e3o.<\/a><\/p>\n<h3>Por um ano mentalmente saud\u00e1vel<\/h3>\n<p>Sabe-se que mais de 90% dos pacientes que tentam o suic\u00eddio apresentam um dist\u00farbio psiqui\u00e1trico e que 95% daqueles que cometeram suic\u00eddio t\u00eam um diagn\u00f3stico psiqui\u00e1trico. Por isso, \u00e9 importante que as pessoas que sofrem com algum dist\u00farbio mental (como depress\u00e3o, uso ou abuso de \u00e1lcool e drogas, esquizofrenia ou transtorno bipolar) possam contar com uma aten\u00e7\u00e3o especial dos seus familiares. Segundo Luis Sales, m\u00e9dico analista da Evid\u00eancias \u2013 Kantar Health, quem sofre com esses transtornos mentais deve passar pelo tratamento m\u00e9dico adequado, que pode incluir tratamentos farmacol\u00f3gicos e acompanhamento psicoter\u00e1pico. Al\u00e9m disso, o suporte social e familiar \u00e9 fundamental para a recupera\u00e7\u00e3o do paciente.<\/p>\n<p>Como parte da\u00a0campanha\u00a0<a href=\"http:\/\/janeirobranco.com.br\/conheca-a-campanha-janeiro-branco-seus-objetivos-e-a-sua-importancia\/\">Janeiro Branco<\/a>, os psic\u00f3logos tamb\u00e9m sugerem que as pessoas possam ser mais sinceras e transparentes com os seus desafios psicol\u00f3gicos, buscando ajuda e apoio sempre que necess\u00e1rio. Confira abaixo algumas das medidas que a campanha Janeiro Branco sugere para ajudar as pessoas a buscarem uma sa\u00fade mental e emocional mais plena.<\/p>\n<p><strong>1.\u00a0\u00a0\u00a0\u00a0 Reflita<\/strong>: com o ano novo, ser\u00e1 que voc\u00ea pode ser uma nova pessoa? Aproveite o momento de reflex\u00e3o do ano novo para pensar o que voc\u00ea pode mudar na sua vida para torna-la mais feliz.<\/p>\n<p><strong>2.\u00a0\u00a0\u00a0\u00a0 Aceite os ciclos:<\/strong>\u00a0assim como os anos que se iniciam e acabam, a vida tamb\u00e9m \u00e9 feita de ciclos. Esteja pronto para concluir os ciclos que n\u00e3o te fazem bem e se prepare para os novos que ir\u00e3o come\u00e7ar!<\/p>\n<p><strong>3.\u00a0\u00a0\u00a0\u00a0 Se prepare para agir:\u00a0<\/strong>com o novo ciclo de 12 meses que se inicia agora, o que voc\u00ea pode se preparar para fazer que possa te levar a ter uma vida mais saud\u00e1vel e feliz?<\/p>\n<p><strong>Notas:<\/strong><br \/>\n*condi\u00e7\u00f5es psiqui\u00e1tricas entre a popula\u00e7\u00e3o adulta incluem pacientes que relatam sofrimento com ansiedade, d\u00e9ficit de aten\u00e7\u00e3o ou hiperatividade, bipolaridade, depress\u00e3o, ansiedade generalizada, transtorno obsessivo-compulsivo, fobias, stress p\u00f3s-traum\u00e1tico, esquizofrenia e fobia social.<\/p>\n<p>Fonte: Evid\u00eancias &#8211; credibilidade cient\u00edfica<\/p>\n<p>&nbsp;<\/p>\n","protected":false},"excerpt":{"rendered":"<p>Estar mentalmente saud\u00e1vel, segundo a Organiza\u00e7\u00e3o Mundial da Sa\u00fade (OMS) \u00e9 o estado de bem-estar no qual uma pessoa consegue desempenhar suas habilidades, consegue lidar com as inquietudes da vida, \u00e9 capaz de trabalhar de forma produtiva e contribuir para a sua comunidade. No entanto, as situa\u00e7\u00f5es do cotidiano mostram que cada vez menos estamos [&hellip;]<\/p>\n","protected":false},"author":1,"featured_media":440,"comment_status":"open","ping_status":"open","sticky":false,"template":"","format":"standard","meta":[],"categories":[2],"tags":[],"_links":{"self":[{"href":"http:\/\/servicenterblog.institucional.ws\/index.php?rest_route=\/wp\/v2\/posts\/439"}],"collection":[{"href":"http:\/\/servicenterblog.institucional.ws\/index.php?rest_route=\/wp\/v2\/posts"}],"about":[{"href":"http:\/\/servicenterblog.institucional.ws\/index.php?rest_route=\/wp\/v2\/types\/post"}],"author":[{"embeddable":true,"href":"http:\/\/servicenterblog.institucional.ws\/index.php?rest_route=\/wp\/v2\/users\/1"}],"replies":[{"embeddable":true,"href":"http:\/\/servicenterblog.institucional.ws\/index.php?rest_route=%2Fwp%2Fv2%2Fcomments&post=439"}],"version-history":[{"count":1,"href":"http:\/\/servicenterblog.institucional.ws\/index.php?rest_route=\/wp\/v2\/posts\/439\/revisions"}],"predecessor-version":[{"id":441,"href":"http:\/\/servicenterblog.institucional.ws\/index.php?rest_route=\/wp\/v2\/posts\/439\/revisions\/441"}],"wp:featuredmedia":[{"embeddable":true,"href":"http:\/\/servicenterblog.institucional.ws\/index.php?rest_route=\/wp\/v2\/media\/440"}],"wp:attachment":[{"href":"http:\/\/servicenterblog.institucional.ws\/index.php?rest_route=%2Fwp%2Fv2%2Fmedia&parent=439"}],"wp:term":[{"taxonomy":"category","embeddable":true,"href":"http:\/\/servicenterblog.institucional.ws\/index.php?rest_route=%2Fwp%2Fv2%2Fcategories&post=439"},{"taxonomy":"post_tag","embeddable":true,"href":"http:\/\/servicenterblog.institucional.ws\/index.php?rest_route=%2Fwp%2Fv2%2Ftags&post=439"}],"curies":[{"name":"wp","href":"https:\/\/api.w.org\/{rel}","templated":true}]}}