{"id":413,"date":"2018-12-02T18:41:16","date_gmt":"2018-12-02T20:41:16","guid":{"rendered":"http:\/\/servicentermedic1.hospedagemdesites.ws\/blog\/?p=413"},"modified":"2018-12-02T18:41:16","modified_gmt":"2018-12-02T20:41:16","slug":"dezembrolaranja-mes-de-prevencao-do-cancer-da-pele-chega-ao-5o-ano-em-2018","status":"publish","type":"post","link":"http:\/\/servicenterblog.institucional.ws\/?p=413","title":{"rendered":"#DezembroLaranja, m\u00eas de preven\u00e7\u00e3o do c\u00e2ncer da pele, chega ao 5\u00ba ano em 2018"},"content":{"rendered":"<p>Um pa\u00eds com menos casos de c\u00e2ncer da pele \u00e9 meta alcan\u00e7\u00e1vel, e a Sociedade Brasileira de Dermatologia (SBD) est\u00e1 comprometida em reduzir a incid\u00eancia da doen\u00e7a e sua mortalidade. A conscientiza\u00e7\u00e3o p\u00fablica \u00e9 uma das formas de reduzir o n\u00famero de casos. Para isso, pelo quinto ano consecutivo, a SBD realiza a campanha #DezembroLaranja, iniciativa apoiada pelo Conselho Federal de Medicina (CFM) e pela Associa\u00e7\u00e3o M\u00e9dica Brasileira (AMB), para alertar a popula\u00e7\u00e3o sobre preven\u00e7\u00e3o, diagn\u00f3stico e acesso ao tratamento da doen\u00e7a no Brasil. Neste ano, a campanha d\u00e1 continuidade ao tema \u201cSe exponha, mas n\u00e3o se queime\u201d, cativando o interesse da popula\u00e7\u00e3o ao fazer um trocadilho entre a exposi\u00e7\u00e3o solar e a exposi\u00e7\u00e3o nas redes sociais. As mensagens divulgadas pelos canais de comunica\u00e7\u00e3o da entidade, sobretudo em m\u00eddias importantes como o Facebook e o Instagram, preenchem um espa\u00e7o de utilidade p\u00fablica, com orienta\u00e7\u00f5es gerais sobre esse tipo de tumor mais incidente no pa\u00eds \u2013 no entanto, o de mais baixa mortalidade.<\/p>\n<p>De dezembro deste ano a mar\u00e7o de 2019, ou seja, durante todo o ver\u00e3o, ser\u00e3o promovidas a\u00e7\u00f5es e atividades de informa\u00e7\u00e3o na internet, ruas, praias e parques. As recomenda\u00e7\u00f5es b\u00e1sicas da SBD incluem a ado\u00e7\u00e3o de medidas fotoprotetoras, como evitar os hor\u00e1rios de maior incid\u00eancia solar (das 10h \u00e0s 16h); utilizar chap\u00e9us de abas largas, \u00f3culos de sol com prote\u00e7\u00e3o UV e roupas que cubram boa parte do corpo; procurar locais de sombra, bem como manter uma boa hidrata\u00e7\u00e3o corporal. A sociedade m\u00e9dica tamb\u00e9m orienta para o uso di\u00e1rio de protetor solar com fator de prote\u00e7\u00e3o de no m\u00ednimo 30, que deve ser reaplicado a intervalos de duas a tr\u00eas horas, ou ap\u00f3s longos per\u00edodos de imers\u00e3o na \u00e1gua.<\/p>\n<p><strong>Casos no Brasil<\/strong><br \/>\nDe acordo com o Instituto Nacional do C\u00e2ncer (Inca), 30% de todos os tumores malignos do Brasil correspondem ao c\u00e2ncer da pele. Para o bi\u00eanio 2018\/2019, a estimativa \u00e9 de 165.580 mil novos casos de c\u00e2ncer da pele n\u00e3o melanoma. Um dado novo desse per\u00edodo \u00e9 que, em rela\u00e7\u00e3o \u00e0 \u00faltima estimativa do Inca (2016\/2017), a doen\u00e7a acometer\u00e1 mais homens (85.170 mil) do que mulheres (80.410 mil). Outra not\u00edcia \u00e9 sobre a estimativa de novas ocorr\u00eancias de c\u00e2ncer da pele n\u00e3o melanoma ter diminu\u00eddo em 10 mil casos de um bi\u00eanio para o outro.<\/p>\n<p>\u201cA SBD transformou esse problema de sa\u00fade p\u00fablica na causa da luta contra o c\u00e2ncer da pele. A boa not\u00edcia \u00e9 que tudo indica que as a\u00e7\u00f5es da Sociedade est\u00e3o surtindo efeito. Parece que estamos no caminho certo\u201d, explica o coordenador nacional da Campanha Preven\u00e7\u00e3o ao C\u00e2ncer da Pele da SBD, Dr. Joaquim Mesquita.<\/p>\n<p>Em 2018, a SBD conta com parcerias de \u00f3rg\u00e3os p\u00fablicos, institui\u00e7\u00f5es de sa\u00fade e empresas, para trabalhar em colabora\u00e7\u00e3o e superar desafios a fim de reverter o n\u00famero de casos da doen\u00e7a no pa\u00eds. A sociedade civil tamb\u00e9m est\u00e1 convidada a participar da campanha. Algumas sugest\u00f5es para quem quiser aderir s\u00e3o: divulgar o mutir\u00e3o de atendimento para diagn\u00f3stico e preven\u00e7\u00e3o do c\u00e2ncer da pele que acontece em todo o Brasil no dia 1\u00ba de dezembro; usar la\u00e7os ou fitas laranjas; e publicar as #DezembroLaranja e #ver\u00e3olaranja nas redes sociais.<\/p>\n<p>\u201c\u00c9 o momento de promover a visibilidade do tema e de tentar mais uma vez a promo\u00e7\u00e3o de uma campanha participativa, coletiva e atuante\u201d, afirma o vice-presidente da SBD, Dr. S\u00e9rgio Palma.<\/p>\n<p>Assim como em outros anos, pessoas reconhecidas em suas \u00e1reas de atua\u00e7\u00e3o participar\u00e3o do movimento, vestindo a cor laranja. Monumentos nacionais tamb\u00e9m ser\u00e3o iluminados com a cor s\u00edmbolo da campanha.<\/p>\n<p>\u201cTodas as a\u00e7\u00f5es em torno do #DezembroLaranja integram o compromisso da gest\u00e3o, que \u00e9 oferecer informa\u00e7\u00f5es que possam contribuir para a preven\u00e7\u00e3o do c\u00e2ncer da pele\u201d, real\u00e7a o presidente da SBD, Dr. Jos\u00e9 Ant\u00f4nio Sanches.<\/p>\n<p><img loading=\"lazy\" class=\"alignnone wp-image-414 size-full\" src=\"http:\/\/servicentermedic1.hospedagemdesites.ws\/blog\/wp-content\/uploads\/2018\/12\/0.png\" alt=\"\" width=\"685\" height=\"685\" srcset=\"http:\/\/servicenterblog.institucional.ws\/wp-content\/uploads\/2018\/12\/0.png 685w, http:\/\/servicenterblog.institucional.ws\/wp-content\/uploads\/2018\/12\/0-150x150.png 150w, http:\/\/servicenterblog.institucional.ws\/wp-content\/uploads\/2018\/12\/0-300x300.png 300w\" sizes=\"(max-width: 685px) 100vw, 685px\" \/><\/p>\n<p>Para mais informa\u00e7\u00f5es sobre o #DezembroLaranja, acesse:\u00a0<a href=\"http:\/\/www.dezembrolaranja.com.br\/\" target=\"_blank\" rel=\"noopener\">www.dezembrolaranja.com.br<br \/>\n<\/a><br \/>\nFonte:\u00a0http:\/\/www.sbd.org.br\/dezembroLaranja<\/p>\n","protected":false},"excerpt":{"rendered":"<p>Um pa\u00eds com menos casos de c\u00e2ncer da pele \u00e9 meta alcan\u00e7\u00e1vel, e a Sociedade Brasileira de Dermatologia (SBD) est\u00e1 comprometida em reduzir a incid\u00eancia da doen\u00e7a e sua mortalidade. A conscientiza\u00e7\u00e3o p\u00fablica \u00e9 uma das formas de reduzir o n\u00famero de casos. Para isso, pelo quinto ano consecutivo, a SBD realiza a campanha #DezembroLaranja, [&hellip;]<\/p>\n","protected":false},"author":1,"featured_media":414,"comment_status":"open","ping_status":"open","sticky":false,"template":"","format":"standard","meta":[],"categories":[2],"tags":[],"_links":{"self":[{"href":"http:\/\/servicenterblog.institucional.ws\/index.php?rest_route=\/wp\/v2\/posts\/413"}],"collection":[{"href":"http:\/\/servicenterblog.institucional.ws\/index.php?rest_route=\/wp\/v2\/posts"}],"about":[{"href":"http:\/\/servicenterblog.institucional.ws\/index.php?rest_route=\/wp\/v2\/types\/post"}],"author":[{"embeddable":true,"href":"http:\/\/servicenterblog.institucional.ws\/index.php?rest_route=\/wp\/v2\/users\/1"}],"replies":[{"embeddable":true,"href":"http:\/\/servicenterblog.institucional.ws\/index.php?rest_route=%2Fwp%2Fv2%2Fcomments&post=413"}],"version-history":[{"count":1,"href":"http:\/\/servicenterblog.institucional.ws\/index.php?rest_route=\/wp\/v2\/posts\/413\/revisions"}],"predecessor-version":[{"id":415,"href":"http:\/\/servicenterblog.institucional.ws\/index.php?rest_route=\/wp\/v2\/posts\/413\/revisions\/415"}],"wp:featuredmedia":[{"embeddable":true,"href":"http:\/\/servicenterblog.institucional.ws\/index.php?rest_route=\/wp\/v2\/media\/414"}],"wp:attachment":[{"href":"http:\/\/servicenterblog.institucional.ws\/index.php?rest_route=%2Fwp%2Fv2%2Fmedia&parent=413"}],"wp:term":[{"taxonomy":"category","embeddable":true,"href":"http:\/\/servicenterblog.institucional.ws\/index.php?rest_route=%2Fwp%2Fv2%2Fcategories&post=413"},{"taxonomy":"post_tag","embeddable":true,"href":"http:\/\/servicenterblog.institucional.ws\/index.php?rest_route=%2Fwp%2Fv2%2Ftags&post=413"}],"curies":[{"name":"wp","href":"https:\/\/api.w.org\/{rel}","templated":true}]}}