{"id":396,"date":"2018-11-10T21:25:12","date_gmt":"2018-11-10T23:25:12","guid":{"rendered":"http:\/\/servicentermedic1.hospedagemdesites.ws\/blog\/?p=396"},"modified":"2018-11-10T21:25:12","modified_gmt":"2018-11-10T23:25:12","slug":"dia-nacional-de-prevencao-e-combate-a-surdez-traz-alerta-sobre-cuidados-e-saude-auditiva","status":"publish","type":"post","link":"http:\/\/servicenterblog.institucional.ws\/?p=396","title":{"rendered":"Dia Nacional de Preven\u00e7\u00e3o e Combate \u00e0 Surdez traz alerta sobre cuidados e sa\u00fade auditiva"},"content":{"rendered":"<p>Hoje j\u00e1 se sabe que a perda auditiva \u00e9 uma das defici\u00eancias mais comuns na popula\u00e7\u00e3o brasileira. Segundo dados da Sociedade Brasileira de Otologia, de cada mil crian\u00e7as nascidas no pa\u00eds, tr\u00eas a cinco j\u00e1 nascem com defici\u00eancia auditiva. Segundo a Organiza\u00e7\u00e3o Mundial da Sa\u00fade, mais de 15 milh\u00f5es de brasileiros t\u00eam problemas auditivos. Cerca de 20% da popula\u00e7\u00e3o sofre com problemas de zumbido. No Brasil, isso significa algo em torno de 30 milh\u00f5es de pessoas. Entre as principais causas que contribuem para o aumento deste n\u00famero est\u00e1 o volume alto dos mp3 players. De acordo com dados da OMS, pelo menos 5% foram causados pelo mau uso destes aparelhos. Por isso, a Sociedade Brasileira de Otologia aproveita a data e promove a Campanha Nacional da Sa\u00fade Auditiva, a fim de informar e conscientizar sobre os riscos que o som alto dos mp3 players pode trazer \u00e0 audi\u00e7\u00e3o. De acordo com especialistas da SBO, o limite m\u00e1ximo permitido de exposi\u00e7\u00e3o a sons, inclusive pela legisla\u00e7\u00e3o brasileira, \u00e9 de 85 decib\u00e9is.<\/p>\n<p>A defici\u00eancia auditiva pode se desenvolver de diversas maneiras. Quando gen\u00e9tica, \u00e9 poss\u00edvel ser detectada nos primeiros dias de vida e ser tratada com sucesso. Por isso o Teste da Orelhinha, um exame r\u00e1pido e indolor \u00e9 t\u00e3o importante.<\/p>\n<p>Na terceira idade, devido ao envelhecimento natural dos \u00f3rg\u00e3os, o problema aparece com certa frequ\u00eancia. O problema \u00e9 mais percept\u00edvel ap\u00f3s os 65 anos. E j\u00e1 foi comprovado que a perda auditiva no idoso \u00e9 um dos mais importantes fatores de desagrega\u00e7\u00e3o social. De todas as priva\u00e7\u00f5es sensoriais, a perda auditiva \u00e9 a que produz efeito mais devastador no processo de comunica\u00e7\u00e3o do idoso. Mas conviver com a perda auditiva vem ficando mais f\u00e1cil para esse grupo, que atrav\u00e9s de tratamentos e uso de aparelhos auditivos recuperam a qualidade de vida.<\/p>\n<p>Fonte: Minist\u00e9rio da Sa\u00fade\/novembro 2018<\/p>\n","protected":false},"excerpt":{"rendered":"<p>Hoje j\u00e1 se sabe que a perda auditiva \u00e9 uma das defici\u00eancias mais comuns na popula\u00e7\u00e3o brasileira. Segundo dados da Sociedade Brasileira de Otologia, de cada mil crian\u00e7as nascidas no pa\u00eds, tr\u00eas a cinco j\u00e1 nascem com defici\u00eancia auditiva. Segundo a Organiza\u00e7\u00e3o Mundial da Sa\u00fade, mais de 15 milh\u00f5es de brasileiros t\u00eam problemas auditivos. Cerca [&hellip;]<\/p>\n","protected":false},"author":1,"featured_media":397,"comment_status":"open","ping_status":"open","sticky":false,"template":"","format":"standard","meta":[],"categories":[2],"tags":[],"_links":{"self":[{"href":"http:\/\/servicenterblog.institucional.ws\/index.php?rest_route=\/wp\/v2\/posts\/396"}],"collection":[{"href":"http:\/\/servicenterblog.institucional.ws\/index.php?rest_route=\/wp\/v2\/posts"}],"about":[{"href":"http:\/\/servicenterblog.institucional.ws\/index.php?rest_route=\/wp\/v2\/types\/post"}],"author":[{"embeddable":true,"href":"http:\/\/servicenterblog.institucional.ws\/index.php?rest_route=\/wp\/v2\/users\/1"}],"replies":[{"embeddable":true,"href":"http:\/\/servicenterblog.institucional.ws\/index.php?rest_route=%2Fwp%2Fv2%2Fcomments&post=396"}],"version-history":[{"count":1,"href":"http:\/\/servicenterblog.institucional.ws\/index.php?rest_route=\/wp\/v2\/posts\/396\/revisions"}],"predecessor-version":[{"id":398,"href":"http:\/\/servicenterblog.institucional.ws\/index.php?rest_route=\/wp\/v2\/posts\/396\/revisions\/398"}],"wp:featuredmedia":[{"embeddable":true,"href":"http:\/\/servicenterblog.institucional.ws\/index.php?rest_route=\/wp\/v2\/media\/397"}],"wp:attachment":[{"href":"http:\/\/servicenterblog.institucional.ws\/index.php?rest_route=%2Fwp%2Fv2%2Fmedia&parent=396"}],"wp:term":[{"taxonomy":"category","embeddable":true,"href":"http:\/\/servicenterblog.institucional.ws\/index.php?rest_route=%2Fwp%2Fv2%2Fcategories&post=396"},{"taxonomy":"post_tag","embeddable":true,"href":"http:\/\/servicenterblog.institucional.ws\/index.php?rest_route=%2Fwp%2Fv2%2Ftags&post=396"}],"curies":[{"name":"wp","href":"https:\/\/api.w.org\/{rel}","templated":true}]}}