{"id":385,"date":"2018-10-25T13:09:35","date_gmt":"2018-10-25T15:09:35","guid":{"rendered":"http:\/\/servicentermedic1.hospedagemdesites.ws\/blog\/?p=385"},"modified":"2018-10-25T13:09:35","modified_gmt":"2018-10-25T15:09:35","slug":"saude-bucal-cuidado-com-os-dentes-e-fundamental","status":"publish","type":"post","link":"http:\/\/servicenterblog.institucional.ws\/?p=385","title":{"rendered":"Sa\u00fade Bucal: Cuidado com os dentes \u00e9 fundamental"},"content":{"rendered":"<div class=\"subtitle\">\n<p>A boca desempenha importantes fun\u00e7\u00f5es que repercutem na sa\u00fade de todo o organismo. Al\u00e9m de exercer papel fundamental na fala, mastiga\u00e7\u00e3o e respira\u00e7\u00e3o, a boca \u00e9 a maior cavidade do corpo a ter contato direto com o meio ambiente, sendo a porta de entrada para bact\u00e9rias e outros microrganismos prejudiciais \u00e0 sa\u00fade.<\/p>\n<p>Uma boa higiene bucal diminui o risco de desenvolvimento de problemas bucais e dent\u00e1rios. \u00c9 importante ressaltar que doen\u00e7as da boca t\u00eam rela\u00e7\u00e3o direta com o fumo, o consumo de \u00e1lcool e a m\u00e1 alimenta\u00e7\u00e3o. Estudos cient\u00edficos tamb\u00e9m comprovam que a sa\u00fade bucal tem \u00edntima rela\u00e7\u00e3o com a sa\u00fade geral, pois a boca interage com todas as estruturas do corpo. As m\u00e1s condi\u00e7\u00f5es de higiene bucal podem causar doen\u00e7as bucais, que, por sua vez, podem levar a enfermidades (ou agrav\u00e1-las), principalmente doen\u00e7as cardiovasculares e diabetes.<\/p>\n<\/div>\n<div class=\"clearfix\"><\/div>\n<p>Para ter um sorriso bonito e saud\u00e1vel, \u00e9 preciso escovar os dentes todos os dias, ap\u00f3s cada refei\u00e7\u00e3o e tamb\u00e9m uma \u00faltima vez antes de dormir, utilizando uma escova de dente de tamanho adequado, com cerdas macias e creme dental com fl\u00faor. A complementa\u00e7\u00e3o da escova\u00e7\u00e3o pode ser feita passando o fio dental entre todos os dentes.<\/p>\n<p>Manter uma alimenta\u00e7\u00e3o saud\u00e1vel, controlando a frequ\u00eancia da ingest\u00e3o de alimentos doces, principalmente entre as refei\u00e7\u00f5es tamb\u00e9m colabora com a sa\u00fade bucal. Quem usa aparelho ortod\u00f4ntico, deve se preocupar mais com a limpeza dos dentes, gengiva e o uso do fl\u00faor, pois o aparelho ret\u00e9m muito restos de alimentos.<\/p>\n<p>Saiba um pouco mais sobre os problemas mais comuns na boca:<\/p>\n<p>&#8211; C\u00e1rie: desintegra\u00e7\u00e3o do dente provocada pela higiene inadequada, ingest\u00e3o de doces e carboidratos ou, ainda, por complica\u00e7\u00f5es de outras doen\u00e7as que diminuem a quantidade de saliva na boca. (Ex.: pessoas em tratamento quimioter\u00e1pico ou radioter\u00e1pico para o c\u00e2ncer).<\/p>\n<p>&#8211; Mau h\u00e1lito: tem v\u00e1rias causas, dentre elas: higiene bucal inadequada (falta de escova\u00e7\u00e3o adequada e falta do uso do fio dental); gengivite; ingest\u00e3o de certos alimentos como, alho ou cebola; tabaco e produtos alco\u00f3licos; boca seca (causada por certos medicamentos, por dist\u00farbios e por menor produ\u00e7\u00e3o de saliva durante o sono); doen\u00e7as sist\u00eamicas como c\u00e2ncer, diabetes, problemas com o f\u00edgado e rins.<\/p>\n<p>&#8211; Gengivite: inflama\u00e7\u00e3o da gengiva provocada pela placa bacteriana.<\/p>\n<p>&#8211; Placa bacteriana: \u00e9 o conjunto de bact\u00e9rias que coloniza a cavidade bucal. A placa bacteriana fixa-se principalmente nas regi\u00f5es de dif\u00edcil limpeza, como a regi\u00e3o entre a gengiva e os dentes ou a superf\u00edcie dos dentes de tr\u00e1s, provocando c\u00e1ries e forma\u00e7\u00e3o de t\u00e1rtaro.<\/p>\n<p>&#8211; T\u00e1rtaro: \u00e9 o endurecimento da placa bacteriana na superf\u00edcie dos dentes.<\/p>\n<p>\u00c9 importante tamb\u00e9m aproveitar os momentos da escova\u00e7\u00e3o dos dentes para observar se existem les\u00f5es (manchas, caro\u00e7os, incha\u00e7os, placas esbranqui\u00e7adas ou avermelhadas, feridas), principalmente na l\u00edngua, bochecha, l\u00e1bios, c\u00e9u da boca, embaixo da l\u00edngua ou na garganta. As les\u00f5es bucais mais comuns s\u00e3o feridas provocadas por pr\u00f3teses remov\u00edveis (dentaduras), aftas, herpes labial e inflama\u00e7\u00f5es gengivais. Todas estas s\u00e3o benignas. Entretanto, em alguns casos, o c\u00e2ncer pode ocorrer na boca.<\/p>\n<p>Se voc\u00ea tem mais de 40 anos de idade, \u00e9 ou foi consumidor frequente de tabaco e bebidas alco\u00f3licas, e encontrar alguma les\u00e3o procure um profissional de sa\u00fade para fazer um exame preventivo para o c\u00e2ncer de boca. O exame \u00e9 visual, r\u00e1pido e indolor. Quando o c\u00e2ncer \u00e9 diagnosticado logo que surge, ele pode ser curado com mais facilidade.<\/p>\n<p>Brasil Sorridente \u2013 Para cuidar da sa\u00fade do brasileiro, h\u00e1 onze anos foi criado o programa Brasil Sorridente. Implementado para garantir a\u00e7\u00f5es de promo\u00e7\u00e3o, preven\u00e7\u00e3o e recupera\u00e7\u00e3o da sa\u00fade bucal da popula\u00e7\u00e3o brasileira, o programa re\u00fane uma s\u00e9rie de a\u00e7\u00f5es para amplia\u00e7\u00e3o do acesso ao tratamento odontol\u00f3gico gratuito, por meio do Sistema \u00danico de Sa\u00fade (SUS).<\/p>\n<p>Atualmente o SUS emprega cerca de 30% dos dentistas do pa\u00eds. S\u00e3o 64.826 profissionais atuando na rede p\u00fablica. Em 2002, este n\u00famero era de 43.205, o que significa um aumento de 50%. As Equipes de Sa\u00fade Bucal da Aten\u00e7\u00e3o B\u00e1sica est\u00e3o em 90% (5.013) dos munic\u00edpios beneficiando mais 81 milh\u00f5es de brasileiros.<\/p>\n<p>O investimento reflete no acesso da popula\u00e7\u00e3o aos dentistas. Segundo dados da Pesquisa Nacional por Amostra de Domic\u00edlios do IBGE. Entre 2003 e 2008 houve um acrescimento de 17,5 milh\u00f5es de pessoas na sa\u00fade bucal. A Pesquisa Nacional de Sa\u00fade Bucal de 2010 acrescenta mais alguns dados relevantes: 44% das crian\u00e7as aos 12 anos est\u00e3o livres de c\u00e1ries (em 2003 eram 32%). 1,6 milh\u00f5es de dentes deixaram de ser afetados pela c\u00e1rie, deixando o Brasil entre no grupo de pa\u00edses com baixa incid\u00eancia de c\u00e1rie, segundo a OMS. Nos adultos, diminuiu em 45% o n\u00famero de dentes perdidos por c\u00e1rie e aumentou em 70% o n\u00famero de dentes tratados.<\/p>\n<p>Cuide da sua sa\u00fade, cuide da sua boca!<\/p>\n<p><em>Fonte: Blog da Sa\u00fade &#8211; Minist\u00e9rio da Sa\u00fade<\/em><\/p>\n<p><em>Foto:\u00a0Edyta Pawlowska<\/em><\/p>\n","protected":false},"excerpt":{"rendered":"<p>A boca desempenha importantes fun\u00e7\u00f5es que repercutem na sa\u00fade de todo o organismo. Al\u00e9m de exercer papel fundamental na fala, mastiga\u00e7\u00e3o e respira\u00e7\u00e3o, a boca \u00e9 a maior cavidade do corpo a ter contato direto com o meio ambiente, sendo a porta de entrada para bact\u00e9rias e outros microrganismos prejudiciais \u00e0 sa\u00fade. Uma boa higiene [&hellip;]<\/p>\n","protected":false},"author":1,"featured_media":386,"comment_status":"open","ping_status":"open","sticky":false,"template":"","format":"standard","meta":[],"categories":[6],"tags":[],"_links":{"self":[{"href":"http:\/\/servicenterblog.institucional.ws\/index.php?rest_route=\/wp\/v2\/posts\/385"}],"collection":[{"href":"http:\/\/servicenterblog.institucional.ws\/index.php?rest_route=\/wp\/v2\/posts"}],"about":[{"href":"http:\/\/servicenterblog.institucional.ws\/index.php?rest_route=\/wp\/v2\/types\/post"}],"author":[{"embeddable":true,"href":"http:\/\/servicenterblog.institucional.ws\/index.php?rest_route=\/wp\/v2\/users\/1"}],"replies":[{"embeddable":true,"href":"http:\/\/servicenterblog.institucional.ws\/index.php?rest_route=%2Fwp%2Fv2%2Fcomments&post=385"}],"version-history":[{"count":1,"href":"http:\/\/servicenterblog.institucional.ws\/index.php?rest_route=\/wp\/v2\/posts\/385\/revisions"}],"predecessor-version":[{"id":387,"href":"http:\/\/servicenterblog.institucional.ws\/index.php?rest_route=\/wp\/v2\/posts\/385\/revisions\/387"}],"wp:featuredmedia":[{"embeddable":true,"href":"http:\/\/servicenterblog.institucional.ws\/index.php?rest_route=\/wp\/v2\/media\/386"}],"wp:attachment":[{"href":"http:\/\/servicenterblog.institucional.ws\/index.php?rest_route=%2Fwp%2Fv2%2Fmedia&parent=385"}],"wp:term":[{"taxonomy":"category","embeddable":true,"href":"http:\/\/servicenterblog.institucional.ws\/index.php?rest_route=%2Fwp%2Fv2%2Fcategories&post=385"},{"taxonomy":"post_tag","embeddable":true,"href":"http:\/\/servicenterblog.institucional.ws\/index.php?rest_route=%2Fwp%2Fv2%2Ftags&post=385"}],"curies":[{"name":"wp","href":"https:\/\/api.w.org\/{rel}","templated":true}]}}